{"id":10167,"date":"2025-01-14T09:00:00","date_gmt":"2025-01-14T08:00:00","guid":{"rendered":"https:\/\/kellerdesign.de\/?p=10167"},"modified":"2025-04-24T15:48:12","modified_gmt":"2025-04-24T13:48:12","slug":"idee-auf-den-punkt-gebracht","status":"publish","type":"post","link":"https:\/\/kellerdesign.de\/index.php\/2025\/01\/14\/idee-auf-den-punkt-gebracht\/","title":{"rendered":"Die Idee perfekt auf den Punkt gebracht"},"content":{"rendered":"\n<div style=\"height:20px\" aria-hidden=\"true\" class=\"wp-block-spacer\"><\/div>\n\n\n\n<figure class=\"wp-block-image size-full has-lightbox\"><a href=\"https:\/\/kellerdesign.de\/index.php\/grafik-kellerdesign\/konzept-grafik\/\"><img loading=\"lazy\" decoding=\"async\" width=\"960\" height=\"500\" src=\"https:\/\/kellerdesign.de\/wp-content\/uploads\/2024\/09\/idee-auf-den-punkt-gebracht-grafik-konzept.jpg\" alt=\"idee-grafik-konzept-kellerdesign\" class=\"wp-image-10164\" srcset=\"https:\/\/kellerdesign.de\/wp-content\/uploads\/2024\/09\/idee-auf-den-punkt-gebracht-grafik-konzept.jpg 960w, https:\/\/kellerdesign.de\/wp-content\/uploads\/2024\/09\/idee-auf-den-punkt-gebracht-grafik-konzept-300x156.jpg 300w, https:\/\/kellerdesign.de\/wp-content\/uploads\/2024\/09\/idee-auf-den-punkt-gebracht-grafik-konzept-768x400.jpg 768w\" sizes=\"auto, (max-width: 960px) 100vw, 960px\" \/><\/a><\/figure>\n\n\n\n<div style=\"height:35px\" aria-hidden=\"true\" class=\"wp-block-spacer\"><\/div>\n\n\n\n<p class=\"has-text-color has-link-color wp-elements-45cbc9d2f5fe1430d49e2ed138b293bf\" style=\"color:#555555\"><strong>Grafik &#8211; Konzept in Form und Farbe gebracht <\/strong><br><br>Erh\u00f6hen Sie Ihren Bekanntheitsgrad. Ihre Ideen individuell, kreativ und schnell umzusetzen geh\u00f6rt zu unseren St\u00e4rken und basiert auf langj\u00e4hriger Erfahrung. Der erste Schritt ist die Fixierung von W\u00fcnschen und Zielen. <br>Erst dann kommt die Gestaltung und \u00c4sthetik ins Spiel.<br><br>Die Ber\u00fccksichtigung Ihrer Vorgaben und Ihres Corporate Designs ist f\u00fcr uns eine Selbstverst\u00e4ndlichkeit. Wir setzen auf einen offenen Meinungsaustausch, um Ihre W\u00fcnsche und Ziele richtig zu verstehen, damit wir Ihre Botschaft auf den Punkt bringen und f\u00fcr Sie das passende Grafik &#8211; Konzept entwickeln k\u00f6nnen. <br><br><strong>Von der Idee zum Konzept<\/strong><br>Zu Beginn nehmen wir uns die Zeit, Ihre W\u00fcnsche und Ziele im Detail zu erfassen. Durch intensive Gespr\u00e4che und eine enge Zusammenarbeit stellen wir sicher, dass wir Ihre Vorstellungen vollst\u00e4ndig verstehen. Sobald <br>wir ein klares Bild von Ihren Anforderungen haben, setzen wir diese kreativ um \u2013 mit einem ma\u00dfgeschneiderten Design, das Ihre Vorstellungen lebendig werden l\u00e4sst. Wir entwickeln ein einzigartiges Konzept, das nicht nur \u00e4sthetisch, sondern auch strategisch optimal auf Ihre Bed\u00fcrfnisse abgestimmt ist.<br><br><strong>Gemeinsam zur perfekten Umsetzung<\/strong><br>Ein offener Dialog ist uns besonders wichtig. Nur durch diesen Austausch k\u00f6nnen wir Ihre W\u00fcnsche und Visionen in ein aussagekr\u00e4ftiges Grafik &#8211; Konzept umsetzen und Ihre Botschaft pr\u00e4zise und \u00fcberzeugend kommunizieren.<br><br><strong>Lassen Sie Ihre Idee Wirklichkeit werden<\/strong><br>Starten Sie jetzt mit uns in die Umsetzung Ihrer Idee \u2013 <strong><a href=\"https:\/\/kellerdesign.de\/index.php\/wir-ueber-uns-kellerdesign\/team-kd\/\" target=\"_blank\" rel=\"noreferrer noopener\">wir<\/a><\/strong> beraten Sie gerne.  <a href=\"https:\/\/kellerdesign.de\/index.php\/wir-ueber-uns-kellerdesign\/team-kd\/\" target=\"_blank\" rel=\"noreferrer noopener\"><img loading=\"lazy\" decoding=\"async\" width=\"12\" height=\"12\" class=\"wp-image-11501\" style=\"width: 12px;\" src=\"https:\/\/kellerdesign.de\/wp-content\/uploads\/2025\/02\/link-symbol.png\" alt=\"verlinkung-keller-design\" srcset=\"https:\/\/kellerdesign.de\/wp-content\/uploads\/2025\/02\/link-symbol.png 300w, https:\/\/kellerdesign.de\/wp-content\/uploads\/2025\/02\/link-symbol-150x150.png 150w\" sizes=\"auto, (max-width: 12px) 100vw, 12px\" \/><\/a><\/p>\n\n\n\n<p class=\"has-text-color has-link-color wp-elements-81e00ed2505f271bffe81fffc2d237bd\" style=\"color:#555555\"><br><\/p>\n\n\n\n<div style=\"height:100px\" aria-hidden=\"true\" class=\"wp-block-spacer\"><\/div>\n\n\n\n<h6 class=\"wp-block-heading\"><em><a href=\"https:\/\/www.instagram.com\/kd_messe.event\/?hl=de\" target=\"_blank\" rel=\"noreferrer noopener\">Idee: Wir bringen es auf den Punkt und setzten alles in Form.<\/a><\/em><\/h6>\n","protected":false},"excerpt":{"rendered":"<p>Grafik &#8211; Konzept in Form und Farbe gebracht Erh\u00f6hen Sie Ihren Bekanntheitsgrad. Ihre Ideen individuell, kreativ und schnell umzusetzen geh\u00f6rt zu unseren St\u00e4rken und basiert auf langj\u00e4hriger Erfahrung. Der erste Schritt ist die Fixierung von W\u00fcnschen und Zielen. Erst dann kommt die Gestaltung und \u00c4sthetik ins Spiel. Die Ber\u00fccksichtigung Ihrer Vorgaben und Ihres Corporate Designs [&hellip;]<\/p>\n","protected":false},"author":1,"featured_media":0,"comment_status":"closed","ping_status":"open","sticky":false,"template":"","format":"standard","meta":{"_coblocks_attr":"","_coblocks_dimensions":"","_coblocks_responsive_height":"","_coblocks_accordion_ie_support":"","site-sidebar-layout":"default","site-content-layout":"","ast-site-content-layout":"default","site-content-style":"default","site-sidebar-style":"default","ast-global-header-display":"","ast-banner-title-visibility":"","ast-main-header-display":"","ast-hfb-above-header-display":"","ast-hfb-below-header-display":"","ast-hfb-mobile-header-display":"","site-post-title":"","ast-breadcrumbs-content":"","ast-featured-img":"","footer-sml-layout":"","ast-disable-related-posts":"","theme-transparent-header-meta":"","adv-header-id-meta":"","stick-header-meta":"","header-above-stick-meta":"","header-main-stick-meta":"","header-below-stick-meta":"","astra-migrate-meta-layouts":"set","ast-page-background-enabled":"default","ast-page-background-meta":{"desktop":{"background-color":"","background-image":"","background-repeat":"repeat","background-position":"center center","background-size":"auto","background-attachment":"scroll","background-type":"","background-media":"","overlay-type":"","overlay-color":"","overlay-opacity":"","overlay-gradient":""},"tablet":{"background-color":"","background-image":"","background-repeat":"repeat","background-position":"center center","background-size":"auto","background-attachment":"scroll","background-type":"","background-media":"","overlay-type":"","overlay-color":"","overlay-opacity":"","overlay-gradient":""},"mobile":{"background-color":"","background-image":"","background-repeat":"repeat","background-position":"center center","background-size":"auto","background-attachment":"scroll","background-type":"","background-media":"","overlay-type":"","overlay-color":"","overlay-opacity":"","overlay-gradient":""}},"ast-content-background-meta":{"desktop":{"background-color":"var(--ast-global-color-5)","background-image":"","background-repeat":"repeat","background-position":"center center","background-size":"auto","background-attachment":"scroll","background-type":"","background-media":"","overlay-type":"","overlay-color":"","overlay-opacity":"","overlay-gradient":""},"tablet":{"background-color":"var(--ast-global-color-5)","background-image":"","background-repeat":"repeat","background-position":"center center","background-size":"auto","background-attachment":"scroll","background-type":"","background-media":"","overlay-type":"","overlay-color":"","overlay-opacity":"","overlay-gradient":""},"mobile":{"background-color":"var(--ast-global-color-5)","background-image":"","background-repeat":"repeat","background-position":"center center","background-size":"auto","background-attachment":"scroll","background-type":"","background-media":"","overlay-type":"","overlay-color":"","overlay-opacity":"","overlay-gradient":""}},"_jetpack_memberships_contains_paid_content":false,"footnotes":""},"categories":[18],"tags":[364,112,116,107,357,359,57,314,358,347,456],"class_list":["post-10167","post","type-post","status-publish","format-standard","hentry","category-grafik-mit-wirkung","tag-auf-den-punkt-gebracht","tag-entwurf","tag-gestaltung","tag-grafik","tag-grafik-konzept","tag-grafikabteilung","tag-grafikbeschriftung","tag-grafikmontage","tag-idee","tag-konzept","tag-umsetzung"],"jetpack_featured_media_url":"","jetpack_sharing_enabled":true,"_links":{"self":[{"href":"https:\/\/kellerdesign.de\/index.php\/wp-json\/wp\/v2\/posts\/10167","targetHints":{"allow":["GET"]}}],"collection":[{"href":"https:\/\/kellerdesign.de\/index.php\/wp-json\/wp\/v2\/posts"}],"about":[{"href":"https:\/\/kellerdesign.de\/index.php\/wp-json\/wp\/v2\/types\/post"}],"author":[{"embeddable":true,"href":"https:\/\/kellerdesign.de\/index.php\/wp-json\/wp\/v2\/users\/1"}],"replies":[{"embeddable":true,"href":"https:\/\/kellerdesign.de\/index.php\/wp-json\/wp\/v2\/comments?post=10167"}],"version-history":[{"count":23,"href":"https:\/\/kellerdesign.de\/index.php\/wp-json\/wp\/v2\/posts\/10167\/revisions"}],"predecessor-version":[{"id":11857,"href":"https:\/\/kellerdesign.de\/index.php\/wp-json\/wp\/v2\/posts\/10167\/revisions\/11857"}],"wp:attachment":[{"href":"https:\/\/kellerdesign.de\/index.php\/wp-json\/wp\/v2\/media?parent=10167"}],"wp:term":[{"taxonomy":"category","embeddable":true,"href":"https:\/\/kellerdesign.de\/index.php\/wp-json\/wp\/v2\/categories?post=10167"},{"taxonomy":"post_tag","embeddable":true,"href":"https:\/\/kellerdesign.de\/index.php\/wp-json\/wp\/v2\/tags?post=10167"}],"curies":[{"name":"wp","href":"https:\/\/api.w.org\/{rel}","templated":true}]}}