{"id":10179,"date":"2025-01-27T10:06:21","date_gmt":"2025-01-27T09:06:21","guid":{"rendered":"https:\/\/kellerdesign.de\/?p=10179"},"modified":"2025-08-06T15:42:04","modified_gmt":"2025-08-06T13:42:04","slug":"grafikgestaltung","status":"publish","type":"post","link":"https:\/\/kellerdesign.de\/index.php\/2025\/01\/27\/grafikgestaltung\/","title":{"rendered":"Grafikgestaltung: Professionelle Grafikdesign &#8211; L\u00f6sungen f\u00fcr jedes Projekt"},"content":{"rendered":"\n<div style=\"height:20px\" aria-hidden=\"true\" class=\"wp-block-spacer\"><\/div>\n\n\n\n<figure class=\"wp-block-image size-full has-lightbox\"><a href=\"https:\/\/kellerdesign.de\/index.php\/grafik-kellerdesign\/design-grafik\/\"><img loading=\"lazy\" decoding=\"async\" width=\"960\" height=\"500\" src=\"https:\/\/kellerdesign.de\/wp-content\/uploads\/2024\/09\/auffallend-und-schoen-grafik-design-.jpg\" alt=\"professionelle-grafikgestaltung-grafik-design\" class=\"wp-image-10189\" srcset=\"https:\/\/kellerdesign.de\/wp-content\/uploads\/2024\/09\/auffallend-und-schoen-grafik-design-.jpg 960w, https:\/\/kellerdesign.de\/wp-content\/uploads\/2024\/09\/auffallend-und-schoen-grafik-design--300x156.jpg 300w, https:\/\/kellerdesign.de\/wp-content\/uploads\/2024\/09\/auffallend-und-schoen-grafik-design--768x400.jpg 768w\" sizes=\"auto, (max-width: 960px) 100vw, 960px\" \/><\/a><\/figure>\n\n\n\n<div style=\"height:35px\" aria-hidden=\"true\" class=\"wp-block-spacer\"><\/div>\n\n\n\n<p class=\"has-text-color has-link-color wp-elements-98019469e029c6a1199f43fad78a1aaa\" style=\"color:#555555\"><strong>Grafikgestaltung: Professionelle Grafikdesign<strong><strong><strong>&#8211;<\/strong><\/strong><\/strong>, Messegrafik<strong><strong>&#8211;<\/strong><\/strong> und Eventdesign<strong><strong>&#8211;<\/strong><\/strong> L\u00f6sungen<\/strong>.<br><br>Mit der Gestaltung und Produktion Ihrer Grafiken f\u00fcr Veranstaltungen und Messest\u00e4nde sind wir bestens vertraut. Wir \u00fcbernehmen den Entwurf oder die Anpassung Ihrer Daten, die Druckdatenerstellung sowie <br>die Produktion und Montage. <br><br><strong>Unser Service umfasst: <\/strong><br>Entwurf und Anpassung Ihrer Designs, individuell auf Ihre Anforderungen abgestimmt. <br>Druckdatenerstellung, die f\u00fcr professionelle Ergebnisse sorgt. <br>Produktion und Montage, damit Sie sich entspannt zur\u00fccklehnen k\u00f6nnen. <br><br>Ob f\u00fcr Ihr Unternehmen, Marketingmaterialien oder besondere Anl\u00e4sse wie Messen und Events \u2013 <br>wir liefern Grafikl\u00f6sungen, die \u00fcberzeugen.<br><br>Unsere eigene Grafikabteilung erm\u00f6glicht nahezu alles \u2013 schnell, unkompliziert und trotzdem professionell. <br><br>Grafik, die Sie besonders macht. Lassen Sie sich von unseren kreativen L\u00f6sungen \u00fcberzeugen und <br><a href=\"https:\/\/kellerdesign.de\/index.php\/kontakt-kellerdesign\/\" target=\"_blank\" rel=\"noreferrer noopener\">kontaktieren<\/a> <a href=\"https:\/\/kellerdesign.de\/index.php\/kontakt-kellerdesign\/\"><img loading=\"lazy\" decoding=\"async\" width=\"12\" height=\"12\" class=\"wp-image-11501\" style=\"width: 12px;\" src=\"https:\/\/kellerdesign.de\/wp-content\/uploads\/2025\/02\/link-symbol.png\" alt=\"verlinkung-keller-design\" srcset=\"https:\/\/kellerdesign.de\/wp-content\/uploads\/2025\/02\/link-symbol.png 300w, https:\/\/kellerdesign.de\/wp-content\/uploads\/2025\/02\/link-symbol-150x150.png 150w\" sizes=\"auto, (max-width: 12px) 100vw, 12px\" \/><\/a>  Sie uns noch heute f\u00fcr ein unverbindliches Angebot.<br><\/p>\n\n\n\n<div style=\"height:100px\" aria-hidden=\"true\" class=\"wp-block-spacer\"><\/div>\n\n\n\n<h6 class=\"wp-block-heading\"><em><a href=\"https:\/\/www.instagram.com\/kd_messe.event\/?hl=de\" target=\"_blank\" rel=\"noopener\">Professionelle Grafikgestaltung: Grafik, die Sie besonders macht<\/a><\/em><\/h6>\n","protected":false},"excerpt":{"rendered":"<p>Grafikgestaltung: Professionelle Grafikdesign&#8211;, Messegrafik&#8211; und Eventdesign&#8211; L\u00f6sungen. Mit der Gestaltung und Produktion Ihrer Grafiken f\u00fcr Veranstaltungen und Messest\u00e4nde sind wir bestens vertraut. Wir \u00fcbernehmen den Entwurf oder die Anpassung Ihrer Daten, die Druckdatenerstellung sowie die Produktion und Montage. Unser Service umfasst: Entwurf und Anpassung Ihrer Designs, individuell auf Ihre Anforderungen abgestimmt. Druckdatenerstellung, die f\u00fcr professionelle [&hellip;]<\/p>\n","protected":false},"author":1,"featured_media":0,"comment_status":"closed","ping_status":"open","sticky":false,"template":"","format":"standard","meta":{"_coblocks_attr":"","_coblocks_dimensions":"","_coblocks_responsive_height":"","_coblocks_accordion_ie_support":"","site-sidebar-layout":"default","site-content-layout":"","ast-site-content-layout":"default","site-content-style":"default","site-sidebar-style":"default","ast-global-header-display":"","ast-banner-title-visibility":"","ast-main-header-display":"","ast-hfb-above-header-display":"","ast-hfb-below-header-display":"","ast-hfb-mobile-header-display":"","site-post-title":"","ast-breadcrumbs-content":"","ast-featured-img":"","footer-sml-layout":"","ast-disable-related-posts":"","theme-transparent-header-meta":"","adv-header-id-meta":"","stick-header-meta":"","header-above-stick-meta":"","header-main-stick-meta":"","header-below-stick-meta":"","astra-migrate-meta-layouts":"set","ast-page-background-enabled":"default","ast-page-background-meta":{"desktop":{"background-color":"","background-image":"","background-repeat":"repeat","background-position":"center center","background-size":"auto","background-attachment":"scroll","background-type":"","background-media":"","overlay-type":"","overlay-color":"","overlay-opacity":"","overlay-gradient":""},"tablet":{"background-color":"","background-image":"","background-repeat":"repeat","background-position":"center center","background-size":"auto","background-attachment":"scroll","background-type":"","background-media":"","overlay-type":"","overlay-color":"","overlay-opacity":"","overlay-gradient":""},"mobile":{"background-color":"","background-image":"","background-repeat":"repeat","background-position":"center center","background-size":"auto","background-attachment":"scroll","background-type":"","background-media":"","overlay-type":"","overlay-color":"","overlay-opacity":"","overlay-gradient":""}},"ast-content-background-meta":{"desktop":{"background-color":"var(--ast-global-color-5)","background-image":"","background-repeat":"repeat","background-position":"center center","background-size":"auto","background-attachment":"scroll","background-type":"","background-media":"","overlay-type":"","overlay-color":"","overlay-opacity":"","overlay-gradient":""},"tablet":{"background-color":"var(--ast-global-color-5)","background-image":"","background-repeat":"repeat","background-position":"center center","background-size":"auto","background-attachment":"scroll","background-type":"","background-media":"","overlay-type":"","overlay-color":"","overlay-opacity":"","overlay-gradient":""},"mobile":{"background-color":"var(--ast-global-color-5)","background-image":"","background-repeat":"repeat","background-position":"center center","background-size":"auto","background-attachment":"scroll","background-type":"","background-media":"","overlay-type":"","overlay-color":"","overlay-opacity":"","overlay-gradient":""}},"_jetpack_memberships_contains_paid_content":false,"footnotes":""},"categories":[18],"tags":[361,122,112,453,455,116,107,359,420,419,426,113,159,454,421],"class_list":["post-10179","post","type-post","status-publish","format-standard","hentry","category-grafik-mit-wirkung","tag-auffallend-und-schoen","tag-design","tag-entwurf","tag-eventdesign","tag-eventdesignloesungen","tag-gestaltung","tag-grafik","tag-grafikabteilung","tag-grafikdesign","tag-grafikgestaltung","tag-grafikloesungen","tag-layout","tag-messegrafik","tag-messegrafikloesungen","tag-professionelle-grafikgestaltung"],"jetpack_featured_media_url":"","jetpack_sharing_enabled":true,"_links":{"self":[{"href":"https:\/\/kellerdesign.de\/index.php\/wp-json\/wp\/v2\/posts\/10179","targetHints":{"allow":["GET"]}}],"collection":[{"href":"https:\/\/kellerdesign.de\/index.php\/wp-json\/wp\/v2\/posts"}],"about":[{"href":"https:\/\/kellerdesign.de\/index.php\/wp-json\/wp\/v2\/types\/post"}],"author":[{"embeddable":true,"href":"https:\/\/kellerdesign.de\/index.php\/wp-json\/wp\/v2\/users\/1"}],"replies":[{"embeddable":true,"href":"https:\/\/kellerdesign.de\/index.php\/wp-json\/wp\/v2\/comments?post=10179"}],"version-history":[{"count":43,"href":"https:\/\/kellerdesign.de\/index.php\/wp-json\/wp\/v2\/posts\/10179\/revisions"}],"predecessor-version":[{"id":11854,"href":"https:\/\/kellerdesign.de\/index.php\/wp-json\/wp\/v2\/posts\/10179\/revisions\/11854"}],"wp:attachment":[{"href":"https:\/\/kellerdesign.de\/index.php\/wp-json\/wp\/v2\/media?parent=10179"}],"wp:term":[{"taxonomy":"category","embeddable":true,"href":"https:\/\/kellerdesign.de\/index.php\/wp-json\/wp\/v2\/categories?post=10179"},{"taxonomy":"post_tag","embeddable":true,"href":"https:\/\/kellerdesign.de\/index.php\/wp-json\/wp\/v2\/tags?post=10179"}],"curies":[{"name":"wp","href":"https:\/\/api.w.org\/{rel}","templated":true}]}}