{"id":10502,"date":"2024-10-28T10:00:00","date_gmt":"2024-10-28T09:00:00","guid":{"rendered":"https:\/\/kellerdesign.de\/?p=10502"},"modified":"2025-08-06T16:25:07","modified_gmt":"2025-08-06T14:25:07","slug":"die-top-messen-in-frankfurt","status":"publish","type":"post","link":"https:\/\/kellerdesign.de\/index.php\/2024\/10\/28\/die-top-messen-in-frankfurt\/","title":{"rendered":"Die Top Messen in Frankfurt: Wir sind Ihr Messebauer"},"content":{"rendered":"\n<p class=\"has-text-color has-link-color wp-elements-05910980607127c3683175f420846349\" style=\"color:#555555\">Die Top Messen in Frankfurt: Messestandort Frankfurt <br><br>Wir sind Ihr Messebauer f\u00fcr Ihre n\u00e4chste Messe in Frankfurt und stehen Ihnen als erfahrener Messebauer <br>gerne zur Seite, um Ihren Messeauftritt erfolgreich zu gestalten. Kontaktieren Sie uns, um mehr \u00fcber unsere Dienstleistungen zu erfahren. <br><br><strong><a href=\"https:\/\/www.buchmesse.de\/\" target=\"_blank\" rel=\"noopener\">Frankfurter Buchmesse<\/a><\/strong><br>Die gr\u00f6\u00dfte Buchmesse der Welt <br><br><strong><a href=\"https:\/\/iffa.messefrankfurt.com\/frankfurt\/de.html\" target=\"_blank\" rel=\"noopener\">ISH Frankfurt<\/a><\/strong><br>Weltleitmesse f\u00fcr Bad, Geb\u00e4udetechnik, Energietechnik, Klimatechnik &amp; erneuerbare Energien <br><br><strong><a href=\"https:\/\/eurobike.com\/frankfurt\/de.html\" target=\"_blank\" rel=\"noopener\">Eurobike Frankfurt<\/a><\/strong><br>Internationale Fahrradmesse <br><br><strong><a href=\"https:\/\/light-building.messefrankfurt.com\/frankfurt\/de.html\" target=\"_blank\" rel=\"noopener\">Light + Building<\/a><\/strong> <br>Weltleitmesse f\u00fcr Licht und Geb\u00e4udetechnik <br><br><strong><a href=\"https:\/\/www.optatec-messe.de\/\" target=\"_blank\" rel=\"noopener\">Optatec Frankfurt<\/a><\/strong><br>Internationale Fachmesse Optischer Technologien, Komponenten, Systeme und Fertigung f\u00fcr die Zukunft <br><br><strong><a href=\"https:\/\/www.achema.de\/de\/\" target=\"_blank\" rel=\"noopener\">Achema Frankfurt<\/a><\/strong><br>Weltforum und Internationale Leitmesse der Prozessindustrie<br><br>Die Top Messen in Frankfurt \u2013 mit Keller Design als verl\u00e4sslichem Partner an Ihrer Seite.\u00a0<img loading=\"lazy\" decoding=\"async\" width=\"125\" height=\"138\" class=\"wp-image-12233\" style=\"width: 125px;\" src=\"https:\/\/kellerdesign.de\/wp-content\/uploads\/2025\/06\/die-top-messen-in-deutschland-standort-kellerdesign.jpg\" alt=\"die-top-messen-in-deutschland-standort\" srcset=\"https:\/\/kellerdesign.de\/wp-content\/uploads\/2025\/06\/die-top-messen-in-deutschland-standort-kellerdesign.jpg 500w, https:\/\/kellerdesign.de\/wp-content\/uploads\/2025\/06\/die-top-messen-in-deutschland-standort-kellerdesign-273x300.jpg 273w\" sizes=\"auto, (max-width: 125px) 100vw, 125px\" \/><\/p>\n\n\n\n<p class=\"has-text-color has-link-color wp-elements-81e00ed2505f271bffe81fffc2d237bd\" style=\"color:#555555\"><br><\/p>\n\n\n\n<div style=\"height:25px\" aria-hidden=\"true\" class=\"wp-block-spacer\"><\/div>\n\n\n\n<figure class=\"wp-block-image size-full has-custom-border\"><img loading=\"lazy\" decoding=\"async\" width=\"600\" height=\"300\" src=\"https:\/\/kellerdesign.de\/wp-content\/uploads\/2024\/10\/die-top-messen-in-frankfurt-keller-design-messebau.jpg\" alt=\"die-top-messen-in-frankfurt-messelogistik-kellerdesign\" class=\"wp-image-10513\" style=\"border-radius:12px\" srcset=\"https:\/\/kellerdesign.de\/wp-content\/uploads\/2024\/10\/die-top-messen-in-frankfurt-keller-design-messebau.jpg 600w, https:\/\/kellerdesign.de\/wp-content\/uploads\/2024\/10\/die-top-messen-in-frankfurt-keller-design-messebau-300x150.jpg 300w\" sizes=\"auto, (max-width: 600px) 100vw, 600px\" \/><\/figure>\n\n\n\n<div style=\"height:25px\" aria-hidden=\"true\" class=\"wp-block-spacer\"><\/div>\n\n\n\n<div class=\"wp-block-columns is-layout-flex wp-container-core-columns-is-layout-28f84493 wp-block-columns-is-layout-flex\">\n<div class=\"wp-block-column is-layout-flow wp-block-column-is-layout-flow\">\n<p class=\"has-text-color has-link-color wp-elements-131d35e739405e9a1c060af97ed5be2b\" style=\"color:#555555\"><a href=\"https:\/\/kellerdesign.de\/index.php\/keller-design-wir-ueber-uns\/team\/\"><strong>Lernen Sie uns kennen \u2013 Keller Design Team<\/strong><\/a><\/p>\n<\/div>\n\n\n\n<div class=\"wp-block-column is-layout-flow wp-block-column-is-layout-flow\">\n<p class=\"has-text-color has-link-color wp-elements-799fb7786fc75edd0659f1de9aaf65ad\" style=\"color:#555555\"><strong><a href=\"https:\/\/kellerdesign.de\/index.php\/keller-design-wir-ueber-uns\/anfahrt\/\">Anfahrt<\/a>&nbsp;&amp;&nbsp;<a href=\"https:\/\/kellerdesign.de\/index.php\/kontakt\/\">Kontakt<\/a><\/strong><\/p>\n<\/div>\n<\/div>\n\n\n\n<div style=\"height:100px\" aria-hidden=\"true\" class=\"wp-block-spacer\"><\/div>\n\n\n\n<h6 class=\"wp-block-heading\"><em><a href=\"https:\/\/www.facebook.com\/KellerDesign\" target=\"_blank\" rel=\"noopener\">Die Top Messen in Frankfurt: Wir sind Ihr Messebauer<\/a><\/em><\/h6>\n","protected":false},"excerpt":{"rendered":"<p>Die Top Messen in Frankfurt: Messestandort Frankfurt Wir sind Ihr Messebauer f\u00fcr Ihre n\u00e4chste Messe in Frankfurt und stehen Ihnen als erfahrener Messebauer gerne zur Seite, um Ihren Messeauftritt erfolgreich zu gestalten. Kontaktieren Sie uns, um mehr \u00fcber unsere Dienstleistungen zu erfahren. Frankfurter BuchmesseDie gr\u00f6\u00dfte Buchmesse der Welt ISH FrankfurtWeltleitmesse f\u00fcr Bad, Geb\u00e4udetechnik, Energietechnik, Klimatechnik [&hellip;]<\/p>\n","protected":false},"author":1,"featured_media":0,"comment_status":"closed","ping_status":"open","sticky":false,"template":"","format":"standard","meta":{"_coblocks_attr":"","_coblocks_dimensions":"","_coblocks_responsive_height":"","_coblocks_accordion_ie_support":"","site-sidebar-layout":"default","site-content-layout":"","ast-site-content-layout":"default","site-content-style":"default","site-sidebar-style":"default","ast-global-header-display":"","ast-banner-title-visibility":"","ast-main-header-display":"","ast-hfb-above-header-display":"","ast-hfb-below-header-display":"","ast-hfb-mobile-header-display":"","site-post-title":"","ast-breadcrumbs-content":"","ast-featured-img":"","footer-sml-layout":"","ast-disable-related-posts":"","theme-transparent-header-meta":"","adv-header-id-meta":"","stick-header-meta":"","header-above-stick-meta":"","header-main-stick-meta":"","header-below-stick-meta":"","astra-migrate-meta-layouts":"set","ast-page-background-enabled":"default","ast-page-background-meta":{"desktop":{"background-color":"","background-image":"","background-repeat":"repeat","background-position":"center center","background-size":"auto","background-attachment":"scroll","background-type":"","background-media":"","overlay-type":"","overlay-color":"","overlay-opacity":"","overlay-gradient":""},"tablet":{"background-color":"","background-image":"","background-repeat":"repeat","background-position":"center center","background-size":"auto","background-attachment":"scroll","background-type":"","background-media":"","overlay-type":"","overlay-color":"","overlay-opacity":"","overlay-gradient":""},"mobile":{"background-color":"","background-image":"","background-repeat":"repeat","background-position":"center center","background-size":"auto","background-attachment":"scroll","background-type":"","background-media":"","overlay-type":"","overlay-color":"","overlay-opacity":"","overlay-gradient":""}},"ast-content-background-meta":{"desktop":{"background-color":"var(--ast-global-color-5)","background-image":"","background-repeat":"repeat","background-position":"center center","background-size":"auto","background-attachment":"scroll","background-type":"","background-media":"","overlay-type":"","overlay-color":"","overlay-opacity":"","overlay-gradient":""},"tablet":{"background-color":"var(--ast-global-color-5)","background-image":"","background-repeat":"repeat","background-position":"center center","background-size":"auto","background-attachment":"scroll","background-type":"","background-media":"","overlay-type":"","overlay-color":"","overlay-opacity":"","overlay-gradient":""},"mobile":{"background-color":"var(--ast-global-color-5)","background-image":"","background-repeat":"repeat","background-position":"center center","background-size":"auto","background-attachment":"scroll","background-type":"","background-media":"","overlay-type":"","overlay-color":"","overlay-opacity":"","overlay-gradient":""}},"_jetpack_memberships_contains_paid_content":false,"footnotes":""},"categories":[45],"tags":[302,377,379,160,40,321,184,46,378,365],"class_list":["post-10502","post","type-post","status-publish","format-standard","hentry","category-messestaende-mit-charakter","tag-die-ideenschmiede-aus-dem-nordschwarzwald","tag-die-top-messen-in-frankfurt","tag-keller-design-messebau","tag-messe-frankfurt","tag-messebau","tag-messebau-frankfurt","tag-messelogistik","tag-standbau","tag-standbau-frankfurt","tag-top-messen"],"jetpack_featured_media_url":"","jetpack_sharing_enabled":true,"_links":{"self":[{"href":"https:\/\/kellerdesign.de\/index.php\/wp-json\/wp\/v2\/posts\/10502","targetHints":{"allow":["GET"]}}],"collection":[{"href":"https:\/\/kellerdesign.de\/index.php\/wp-json\/wp\/v2\/posts"}],"about":[{"href":"https:\/\/kellerdesign.de\/index.php\/wp-json\/wp\/v2\/types\/post"}],"author":[{"embeddable":true,"href":"https:\/\/kellerdesign.de\/index.php\/wp-json\/wp\/v2\/users\/1"}],"replies":[{"embeddable":true,"href":"https:\/\/kellerdesign.de\/index.php\/wp-json\/wp\/v2\/comments?post=10502"}],"version-history":[{"count":18,"href":"https:\/\/kellerdesign.de\/index.php\/wp-json\/wp\/v2\/posts\/10502\/revisions"}],"predecessor-version":[{"id":12946,"href":"https:\/\/kellerdesign.de\/index.php\/wp-json\/wp\/v2\/posts\/10502\/revisions\/12946"}],"wp:attachment":[{"href":"https:\/\/kellerdesign.de\/index.php\/wp-json\/wp\/v2\/media?parent=10502"}],"wp:term":[{"taxonomy":"category","embeddable":true,"href":"https:\/\/kellerdesign.de\/index.php\/wp-json\/wp\/v2\/categories?post=10502"},{"taxonomy":"post_tag","embeddable":true,"href":"https:\/\/kellerdesign.de\/index.php\/wp-json\/wp\/v2\/tags?post=10502"}],"curies":[{"name":"wp","href":"https:\/\/api.w.org\/{rel}","templated":true}]}}