{"id":10561,"date":"2024-11-19T10:00:00","date_gmt":"2024-11-19T09:00:00","guid":{"rendered":"https:\/\/kellerdesign.de\/?p=10561"},"modified":"2025-04-24T16:06:26","modified_gmt":"2025-04-24T14:06:26","slug":"die-top-messen-in-nuernberg","status":"publish","type":"post","link":"https:\/\/kellerdesign.de\/index.php\/2024\/11\/19\/die-top-messen-in-nuernberg\/","title":{"rendered":"Die Top Messen in N\u00fcrnberg: Wir sind Ihr Messebauer"},"content":{"rendered":"\n<p class=\"has-text-color has-link-color wp-elements-0bf0ed0f69b8beadc34862342623668c\" style=\"color:#555555\">Die Top Messen in N\u00fcrnberg: Messestandort N\u00fcrnberg <br><br>Wir sind Ihr Messebauer f\u00fcr Ihre n\u00e4chste Messe in N\u00fcrnberg. Wir stehen Ihnen als erfahrener Messebauer gerne zur Seite, um Ihren Messeauftritt erfolgreich zu gestalten. Kontaktieren Sie uns und erfahren Sie mehr \u00fcber uns und unsere Dienstleistungen. <br><br><strong><a href=\"https:\/\/www.chillventa.de\/de-de\" target=\"_blank\" rel=\"noreferrer noopener\">Chillventa N\u00fcrnberg<\/a><\/strong><br>Internationale Fachmesse f\u00fcr K\u00e4lte, Klima, L\u00fcftung und W\u00e4rmepumpen<br><br><strong><a href=\"https:\/\/sps.mesago.com\/nuernberg\/de.html\" target=\"_blank\" rel=\"noreferrer noopener\">SPS N\u00fcrnberg<\/a><\/strong><br>Smart Production Solutions- Internationale Fachmesse der industriellen Automation <br><br><strong><a href=\"https:\/\/www.hoga-messe.de\/\" target=\"_blank\" rel=\"noreferrer noopener\">HOGA N\u00fcrnberg<\/a><\/strong><br>Fachmesse f\u00fcr Hotellerie, Gastronomie und Gemeinschaftsverpflegung <br><br><strong><a href=\"https:\/\/www.spielwarenmesse.de\/de\/\" target=\"_blank\" rel=\"noreferrer noopener\">Spielwarenmesse<\/a><\/strong><br>International Toy Fair N\u00fcrnberg <br><br><strong><a href=\"https:\/\/www.biofach.de\/de-de\" target=\"_blank\" rel=\"noopener\">BIOFACH<\/a><\/strong><br>Weltleitmesse f\u00fcr Bio-Lebensmittel<br><br><strong><a href=\"https:\/\/pcim.mesago.com\/events\/de\/become_exhibitor_google-ads.html?gad_source=1&amp;gclid=EAIaIQobChMIge2d95qkiAMV5gEGAB2fnywAEAAYASAAEgJv1vD_BwE\" target=\"_blank\" rel=\"noreferrer noopener\">PCIM<\/a><\/strong><br>Expo &amp; Conference<br>International f\u00fchrende Fachmesse und Konferenz f\u00fcr <br>Leistungselektronik und ihre Anwendungen <br><br><strong><a href=\"https:\/\/www.sensor-test.de\/de\/\" target=\"_blank\" rel=\"noreferrer noopener\">SENSOR+TEST<\/a><\/strong><br>Die Messtechnik-Messe <br><br><strong><a href=\"https:\/\/www.euroguss.de\/de-de\" target=\"_blank\" rel=\"noreferrer noopener\">EUROGUSS<\/a><\/strong><br>Internationale Fachmesse f\u00fcr Druckguss, Technik, Prozesse, Produkte<br><br><strong><a href=\"https:\/\/www.holz-handwerk.de\/de-de\" target=\"_blank\" rel=\"noreferrer noopener\">HOLZ-HANDWERK<\/a><\/strong><br>Europ\u00e4ische Fachmesse f\u00fcr Maschinentechnologie und Fertigungsbedarf<br><br><\/p>\n\n\n\n<div style=\"height:25px\" aria-hidden=\"true\" class=\"wp-block-spacer\"><\/div>\n\n\n\n<figure class=\"wp-block-image size-full has-custom-border\"><img loading=\"lazy\" decoding=\"async\" width=\"600\" height=\"300\" src=\"https:\/\/kellerdesign.de\/wp-content\/uploads\/2024\/11\/die-top-messe-in-nuernberg-messebau-keller-design.jpg\" alt=\"die-top-messen-in-nuernberg-messelogistik-kellerdesign\" class=\"wp-image-10560\" style=\"border-radius:15px\" srcset=\"https:\/\/kellerdesign.de\/wp-content\/uploads\/2024\/11\/die-top-messe-in-nuernberg-messebau-keller-design.jpg 600w, https:\/\/kellerdesign.de\/wp-content\/uploads\/2024\/11\/die-top-messe-in-nuernberg-messebau-keller-design-300x150.jpg 300w\" sizes=\"auto, (max-width: 600px) 100vw, 600px\" \/><\/figure>\n\n\n\n<div style=\"height:25px\" aria-hidden=\"true\" class=\"wp-block-spacer\"><\/div>\n\n\n\n<div class=\"wp-block-columns is-layout-flex wp-container-core-columns-is-layout-28f84493 wp-block-columns-is-layout-flex\">\n<div class=\"wp-block-column is-layout-flow wp-block-column-is-layout-flow\">\n<p class=\"has-text-color has-link-color wp-elements-37265e51ebdddcc90a95af7e8a61b7b0\" style=\"color:#555555\"><a href=\"https:\/\/kellerdesign.de\/index.php\/keller-design-wir-ueber-uns\/team\/\" target=\"_blank\" rel=\"noreferrer noopener\"><strong>Lernen Sie uns kennen \u2013 Keller Design Team<\/strong><\/a> <a href=\"https:\/\/kellerdesign.de\/index.php\/wir-ueber-uns-kellerdesign\/team-kd\/\"><img loading=\"lazy\" decoding=\"async\" width=\"12\" height=\"12\" class=\"wp-image-11501\" style=\"width: 12px;\" src=\"https:\/\/kellerdesign.de\/wp-content\/uploads\/2025\/02\/link-symbol.png\" alt=\"verlinkung-keller-design\" srcset=\"https:\/\/kellerdesign.de\/wp-content\/uploads\/2025\/02\/link-symbol.png 300w, https:\/\/kellerdesign.de\/wp-content\/uploads\/2025\/02\/link-symbol-150x150.png 150w\" sizes=\"auto, (max-width: 12px) 100vw, 12px\" \/><\/a><\/p>\n<\/div>\n\n\n\n<div class=\"wp-block-column is-layout-flow wp-block-column-is-layout-flow\">\n<p class=\"has-text-color has-link-color wp-elements-276841c22b27431f7c7c6cd4f1c3fd21\" style=\"color:#555555\"><strong><a href=\"https:\/\/kellerdesign.de\/index.php\/keller-design-wir-ueber-uns\/anfahrt\/\">Anfahrt<\/a>\u00a0&amp;\u00a0<a href=\"https:\/\/kellerdesign.de\/index.php\/kontakt\/\" target=\"_blank\" rel=\"noreferrer noopener\">Kontakt<\/a><\/strong>  <a href=\"https:\/\/kellerdesign.de\/index.php\/kontakt\/\"><img loading=\"lazy\" decoding=\"async\" width=\"12\" height=\"12\" class=\"wp-image-11501\" style=\"width: 12px;\" src=\"https:\/\/kellerdesign.de\/wp-content\/uploads\/2025\/02\/link-symbol.png\" alt=\"verlinkung-keller-design\" srcset=\"https:\/\/kellerdesign.de\/wp-content\/uploads\/2025\/02\/link-symbol.png 300w, https:\/\/kellerdesign.de\/wp-content\/uploads\/2025\/02\/link-symbol-150x150.png 150w\" sizes=\"auto, (max-width: 12px) 100vw, 12px\" \/><\/a><\/p>\n<\/div>\n<\/div>\n\n\n\n<div style=\"height:100px\" aria-hidden=\"true\" class=\"wp-block-spacer\"><\/div>\n\n\n\n<h6 class=\"wp-block-heading\"><em><a href=\"https:\/\/www.nuernbergmesse.de\/de\" target=\"_blank\" rel=\"noopener\">Die Top Messen in N\u00fcrnberg: Messestandort N\u00fcrnberg<\/a><\/em><\/h6>\n","protected":false},"excerpt":{"rendered":"<p>Die Top Messen in N\u00fcrnberg: Messestandort N\u00fcrnberg Wir sind Ihr Messebauer f\u00fcr Ihre n\u00e4chste Messe in N\u00fcrnberg. Wir stehen Ihnen als erfahrener Messebauer gerne zur Seite, um Ihren Messeauftritt erfolgreich zu gestalten. Kontaktieren Sie uns und erfahren Sie mehr \u00fcber uns und unsere Dienstleistungen. Chillventa N\u00fcrnbergInternationale Fachmesse f\u00fcr K\u00e4lte, Klima, L\u00fcftung und W\u00e4rmepumpen SPS N\u00fcrnbergSmart [&hellip;]<\/p>\n","protected":false},"author":1,"featured_media":0,"comment_status":"closed","ping_status":"open","sticky":false,"template":"","format":"standard","meta":{"_coblocks_attr":"","_coblocks_dimensions":"","_coblocks_responsive_height":"","_coblocks_accordion_ie_support":"","site-sidebar-layout":"default","site-content-layout":"","ast-site-content-layout":"default","site-content-style":"default","site-sidebar-style":"default","ast-global-header-display":"","ast-banner-title-visibility":"","ast-main-header-display":"","ast-hfb-above-header-display":"","ast-hfb-below-header-display":"","ast-hfb-mobile-header-display":"","site-post-title":"","ast-breadcrumbs-content":"","ast-featured-img":"","footer-sml-layout":"","ast-disable-related-posts":"","theme-transparent-header-meta":"","adv-header-id-meta":"","stick-header-meta":"","header-above-stick-meta":"","header-main-stick-meta":"","header-below-stick-meta":"","astra-migrate-meta-layouts":"set","ast-page-background-enabled":"default","ast-page-background-meta":{"desktop":{"background-color":"","background-image":"","background-repeat":"repeat","background-position":"center center","background-size":"auto","background-attachment":"scroll","background-type":"","background-media":"","overlay-type":"","overlay-color":"","overlay-opacity":"","overlay-gradient":""},"tablet":{"background-color":"","background-image":"","background-repeat":"repeat","background-position":"center center","background-size":"auto","background-attachment":"scroll","background-type":"","background-media":"","overlay-type":"","overlay-color":"","overlay-opacity":"","overlay-gradient":""},"mobile":{"background-color":"","background-image":"","background-repeat":"repeat","background-position":"center center","background-size":"auto","background-attachment":"scroll","background-type":"","background-media":"","overlay-type":"","overlay-color":"","overlay-opacity":"","overlay-gradient":""}},"ast-content-background-meta":{"desktop":{"background-color":"var(--ast-global-color-5)","background-image":"","background-repeat":"repeat","background-position":"center center","background-size":"auto","background-attachment":"scroll","background-type":"","background-media":"","overlay-type":"","overlay-color":"","overlay-opacity":"","overlay-gradient":""},"tablet":{"background-color":"var(--ast-global-color-5)","background-image":"","background-repeat":"repeat","background-position":"center center","background-size":"auto","background-attachment":"scroll","background-type":"","background-media":"","overlay-type":"","overlay-color":"","overlay-opacity":"","overlay-gradient":""},"mobile":{"background-color":"var(--ast-global-color-5)","background-image":"","background-repeat":"repeat","background-position":"center center","background-size":"auto","background-attachment":"scroll","background-type":"","background-media":"","overlay-type":"","overlay-color":"","overlay-opacity":"","overlay-gradient":""}},"_jetpack_memberships_contains_paid_content":false,"footnotes":""},"categories":[45],"tags":[302,147,40,184,46,343,365],"class_list":["post-10561","post","type-post","status-publish","format-standard","hentry","category-messestaende-mit-charakter","tag-die-ideenschmiede-aus-dem-nordschwarzwald","tag-messe-nuernberg","tag-messebau","tag-messelogistik","tag-standbau","tag-top-messe","tag-top-messen"],"jetpack_featured_media_url":"","jetpack_sharing_enabled":true,"_links":{"self":[{"href":"https:\/\/kellerdesign.de\/index.php\/wp-json\/wp\/v2\/posts\/10561","targetHints":{"allow":["GET"]}}],"collection":[{"href":"https:\/\/kellerdesign.de\/index.php\/wp-json\/wp\/v2\/posts"}],"about":[{"href":"https:\/\/kellerdesign.de\/index.php\/wp-json\/wp\/v2\/types\/post"}],"author":[{"embeddable":true,"href":"https:\/\/kellerdesign.de\/index.php\/wp-json\/wp\/v2\/users\/1"}],"replies":[{"embeddable":true,"href":"https:\/\/kellerdesign.de\/index.php\/wp-json\/wp\/v2\/comments?post=10561"}],"version-history":[{"count":11,"href":"https:\/\/kellerdesign.de\/index.php\/wp-json\/wp\/v2\/posts\/10561\/revisions"}],"predecessor-version":[{"id":11866,"href":"https:\/\/kellerdesign.de\/index.php\/wp-json\/wp\/v2\/posts\/10561\/revisions\/11866"}],"wp:attachment":[{"href":"https:\/\/kellerdesign.de\/index.php\/wp-json\/wp\/v2\/media?parent=10561"}],"wp:term":[{"taxonomy":"category","embeddable":true,"href":"https:\/\/kellerdesign.de\/index.php\/wp-json\/wp\/v2\/categories?post=10561"},{"taxonomy":"post_tag","embeddable":true,"href":"https:\/\/kellerdesign.de\/index.php\/wp-json\/wp\/v2\/tags?post=10561"}],"curies":[{"name":"wp","href":"https:\/\/api.w.org\/{rel}","templated":true}]}}