{"id":10625,"date":"2024-11-25T10:00:00","date_gmt":"2024-11-25T09:00:00","guid":{"rendered":"https:\/\/kellerdesign.de\/?p=10625"},"modified":"2025-08-06T16:00:49","modified_gmt":"2025-08-06T14:00:49","slug":"messebau-auf-der-electronica","status":"publish","type":"post","link":"https:\/\/kellerdesign.de\/index.php\/2024\/11\/25\/messebau-auf-der-electronica\/","title":{"rendered":"Weltweit vernetzt: Unser Messebau auf der Electronica M\u00fcnchen"},"content":{"rendered":"\n<p class=\"has-text-color has-link-color wp-elements-fbb86e27e0fa5d0cacd209e6fce48666\" style=\"color:#555555\">Weltweit vernetzt: Messebau auf der Electronica 2024<br><br>Messebau auf der Weltleitmesse und Konferenz der Elektronik in M\u00fcnchen.<br>Internationale und nationale Aussteller pr\u00e4sentieren sich auf der Messe in M\u00fcnchen und zeigen ihre Produkte, Komponenten, Systeme und Anwendungen, die zur Entwicklung, Qualit\u00e4tskontrolle, Wartung und Instandhaltung von elektronischen Baugruppen, Ger\u00e4ten und Maschinen eingesetzt werden.<br><br>Weltweit vernetzt: Messebau auf der Electronica M\u00fcnchen. Keller Design \u2013 Messen &amp; Events &#8211; GmbH baut insgesamt 224 Quadratmeter Standfl\u00e4che f\u00fcr vier Messekunden auf der Weltleitmesse in M\u00fcnchen. <br><br>Unser Messebau auf der Electronica 2024 in M\u00fcnchen:<br><br>Die Firma <strong><a href=\"https:\/\/www.geyer-electronic.de\/\" target=\"_blank\" rel=\"noopener\">Geyer Electronic GmbH<\/a><\/strong> aus Planegg\/M\u00fcnchen feiert dieses Jahr 60-j\u00e4hriges Firmenjubil\u00e4um. Nochmals herzlichen Gl\u00fcckwunsch dazu. So kam dem Marketing der Firma die Idee, den diesj\u00e4hrigen Messestand auf den Look der 60er Jahre zu m\u00fcnzen. Durch gro\u00dfe Banner mit Pop Art-Motiven, Bannern mit Tapetenmotiv und Monitoren der 60er Jahre, einem Flipper und einer alten Musikbox als Dekoelemente f\u00fchlte man sich in der Zeit zur\u00fcckversetzt. Die eingesetzten Farben braun, senfgelb und orange, die gro\u00dfe, einladende Leucht-Theke und beleuchtete Glasbausteine, \u00fcber denen unter Plexiglashauben den Besuchern ein Produkte-Zeitstrahl pr\u00e4sentiert wurde, sorgten f\u00fcr das richtige 60er Jahre-Feeling. Es hat Spa\u00df gemacht, den Messestand zu planen und die Ideen umzusetzen. Vielen Dank f\u00fcr die Treue. <br><br>Wir freuen uns sehr \u00fcber solch ein tolles, von Herzen kommendes Lob unseres Messekunden GEYER Electronic GmbH nach der Electronica in M\u00fcnchen: <br><br><em>&lt; \u201eVielen, vielen lieben Dank f\u00fcr die tolle Umsetzung. Sch\u00f6n, wie wir uns immer wieder so gut verstehen und erg\u00e4nzen. Es macht total Spa\u00df. Der Stand wurde so viel fotografiert und gelobt.\u201c ><\/em><br><br>&#8230;&#8230;&#8230;<br><br><br>F\u00fcr die Firma <strong><a href=\"https:\/\/www.displaylc.com\/de\/index.html\" target=\"_blank\" rel=\"noopener\">Display LC AG<\/a><\/strong> aus der Schweiz haben wir bereits zum zweiten Mal den Messeauftritt geplant <br>und erfolgreich umgesetzt. Die kooperative Zusammenarbeit mit der Agentur <strong><a href=\"https:\/\/www.regelmann.de\/\" target=\"_blank\" rel=\"noreferrer noopener\">Regelmann GmbH &amp; Co. KG<\/a><\/strong> <br>aus Pforzheim freut uns erneut sehr. Das ausgereifte Standkonzept mit vielen Licht-Akzenten wurde lediglich auf eine neue Standgr\u00f6\u00dfe angepasst. <br><br><strong>Kooperation:<\/strong> <br>Werbeagentur Regelmann GmbH &amp; Co. KG <br><strong>Projektierung:<\/strong> <br>Regelmann und Keller Design <br><strong>Ausf\u00fchrung:<\/strong> <br>Keller Design \u2013 Messen &amp; Events \u2013 GmbH <br><br>&#8230;&#8230;&#8230;<br><br><br>F\u00fcr unseren Kunden<strong><a href=\"https:\/\/www.imo-gmbh.com\/\" target=\"_blank\" rel=\"noopener\"> IMO Oberfl\u00e4chentechnik GmbH<\/a><\/strong> haben wir auf 40 Quadratmetern eine freundliche Pr\u00e4sentationsfl\u00e4che mit gen\u00fcgend Sitzm\u00f6glichkeiten f\u00fcr Besprechungen und gro\u00dfen Motivbannern <br>f\u00fcr eine gute Fernwirkung geschaffen. <br><br>&#8230;&#8230;&#8230;<br><br><br>Wir freuen uns, dass wir die Firma <strong><a href=\"https:\/\/polytron-print.de\/\" target=\"_blank\" rel=\"noopener\">Polytron Print GmbH<\/a><\/strong> aus Bad Wildbad mit unserem Standkonzept \u00fcberzeugt haben und w\u00fcrden sie auch fortan gerne zu unseren Stammkunden z\u00e4hlen d\u00fcrfen. <br>Das farblich auf die Firmenfarben abgestimmte Konzept hat erfreulicherweise auf Anhieb gefallen. <br>Die Highlights des Messestandes sind zwei deckenhohe Bannerkuben, die durch schwarz-transluzenten Stoff zwei lauschige Besprechungsinseln geschaffen haben. Zwei gro\u00dfe Leuchtbanner in Blau- und Beeret\u00f6nen sorgten f\u00fcr eine angenehme Lichtstimmung auf dem Stand. <br><br>Wir bedanken uns hier betont f\u00fcr die sehr angenehme und unkomplizierte Zusammenarbeit mit der Firma Polytron Print GmbH und freuen uns \u00fcber die positive R\u00fcckmeldung: <br><br><em>&lt; &#8222;Ich muss Ihnen ein ganz gro\u00dfes Kompliment aussprechen !!!! <br>Unser Messestand war ein richtiger Eyecatcher und er wurde tausendmal fotografiert. <br>Also nochmals herzlichen Dank f\u00fcr die tolle Umsetzung.&#8220; ><\/em> <br><br><br>Vielen Dank f\u00fcr die spannenden Projekte und das entgegengebrachte Vertrauen.<br><br><br>Sie planen Ihren n\u00e4chsten Messeauftritt? Wir sind bereit \u2013 sprechen Sie uns an <a href=\"https:\/\/kellerdesign.de\/index.php\/kontakt-kellerdesign\/\" target=\"_blank\" rel=\"noreferrer noopener\"><img loading=\"lazy\" decoding=\"async\" width=\"12\" height=\"12\" class=\"wp-image-11501\" style=\"width: 12px;\" src=\"https:\/\/kellerdesign.de\/wp-content\/uploads\/2025\/02\/link-symbol.png\" alt=\"verlinkung-keller-design\" srcset=\"https:\/\/kellerdesign.de\/wp-content\/uploads\/2025\/02\/link-symbol.png 300w, https:\/\/kellerdesign.de\/wp-content\/uploads\/2025\/02\/link-symbol-150x150.png 150w\" sizes=\"auto, (max-width: 12px) 100vw, 12px\" \/><\/a><br><br><\/p>\n\n\n\n<div style=\"height:25px\" aria-hidden=\"true\" class=\"wp-block-spacer\"><\/div>\n\n\n\n<div class=\"wp-block-columns is-layout-flex wp-container-core-columns-is-layout-28f84493 wp-block-columns-is-layout-flex\">\n<div class=\"wp-block-column is-layout-flow wp-block-column-is-layout-flow\">\n<figure class=\"wp-block-image alignleft size-full is-resized has-custom-border\"><a href=\"https:\/\/kellerdesign.de\/wp-content\/uploads\/2024\/11\/weltweit-vernetzt-standbau-retrobau-muenchen-80m\u00b2.jpg\" target=\"_blank\" rel=\" noreferrer noopener\"><img loading=\"lazy\" decoding=\"async\" width=\"440\" height=\"420\" src=\"https:\/\/kellerdesign.de\/wp-content\/uploads\/2024\/11\/weltweit-vernetzt-standbau-retrobau-muenchen-80m\u00b2.jpg\" alt=\"weltweit-vernetzt:-messebau-auf-der electronica-muenchen\" class=\"wp-image-10624\" style=\"border-radius:12px;width:220px\" srcset=\"https:\/\/kellerdesign.de\/wp-content\/uploads\/2024\/11\/weltweit-vernetzt-standbau-retrobau-muenchen-80m\u00b2.jpg 440w, https:\/\/kellerdesign.de\/wp-content\/uploads\/2024\/11\/weltweit-vernetzt-standbau-retrobau-muenchen-80m\u00b2-300x286.jpg 300w\" sizes=\"auto, (max-width: 440px) 100vw, 440px\" \/><\/a><figcaption class=\"wp-element-caption\"><sup><em>Geyer Electronic GmbH, 80 m\u00b2<\/em><\/sup><\/figcaption><\/figure>\n<\/div>\n\n\n\n<div class=\"wp-block-column is-layout-flow wp-block-column-is-layout-flow\">\n<figure class=\"wp-block-image size-full is-resized has-custom-border\"><a href=\"https:\/\/kellerdesign.de\/wp-content\/uploads\/2024\/11\/weltweit-vernetzt-messebau-muenchen-retromessestand-80m\u00b2.jpg\" target=\"_blank\" rel=\" noreferrer noopener\"><img loading=\"lazy\" decoding=\"async\" width=\"440\" height=\"420\" src=\"https:\/\/kellerdesign.de\/wp-content\/uploads\/2024\/11\/weltweit-vernetzt-messebau-muenchen-retromessestand-80m\u00b2.jpg\" alt=\"weltweit-vernetzt:-messebau-2024-retro-muenchen\" class=\"wp-image-10660\" style=\"border-radius:12px;width:220px\" srcset=\"https:\/\/kellerdesign.de\/wp-content\/uploads\/2024\/11\/weltweit-vernetzt-messebau-muenchen-retromessestand-80m\u00b2.jpg 440w, https:\/\/kellerdesign.de\/wp-content\/uploads\/2024\/11\/weltweit-vernetzt-messebau-muenchen-retromessestand-80m\u00b2-300x286.jpg 300w\" sizes=\"auto, (max-width: 440px) 100vw, 440px\" \/><\/a><\/figure>\n<\/div>\n<\/div>\n\n\n\n<div style=\"height:25px\" aria-hidden=\"true\" class=\"wp-block-spacer\"><\/div>\n\n\n\n<div class=\"wp-block-columns is-layout-flex wp-container-core-columns-is-layout-28f84493 wp-block-columns-is-layout-flex\">\n<div class=\"wp-block-column is-layout-flow wp-block-column-is-layout-flow\">\n<figure class=\"wp-block-image size-full is-resized has-custom-border\"><a href=\"https:\/\/kellerdesign.de\/wp-content\/uploads\/2024\/11\/weltweit-vernetzt-messebau-muenchen-64m\u00b2.jpg\" target=\"_blank\" rel=\" noreferrer noopener\"><img loading=\"lazy\" decoding=\"async\" width=\"440\" height=\"420\" src=\"https:\/\/kellerdesign.de\/wp-content\/uploads\/2024\/11\/weltweit-vernetzt-messebau-muenchen-64m\u00b2.jpg\" alt=\"weltweit-vernetzter-messebau-meunchen\" class=\"wp-image-10616\" style=\"border-radius:12px;width:220px\" srcset=\"https:\/\/kellerdesign.de\/wp-content\/uploads\/2024\/11\/weltweit-vernetzt-messebau-muenchen-64m\u00b2.jpg 440w, https:\/\/kellerdesign.de\/wp-content\/uploads\/2024\/11\/weltweit-vernetzt-messebau-muenchen-64m\u00b2-300x286.jpg 300w\" sizes=\"auto, (max-width: 440px) 100vw, 440px\" \/><\/a><figcaption class=\"wp-element-caption\"><em><sup>Display LC AG, 64 m\u00b2<\/sup><\/em><\/figcaption><\/figure>\n<\/div>\n\n\n\n<div class=\"wp-block-column is-layout-flow wp-block-column-is-layout-flow\">\n<figure class=\"wp-block-image size-full is-resized has-custom-border\"><a href=\"https:\/\/kellerdesign.de\/wp-content\/uploads\/2024\/11\/weltweit-vernetzt-standbau-muenchen-messebau-64m\u00b2.jpg\" target=\"_blank\" rel=\" noreferrer noopener\"><img loading=\"lazy\" decoding=\"async\" width=\"440\" height=\"420\" src=\"https:\/\/kellerdesign.de\/wp-content\/uploads\/2024\/11\/weltweit-vernetzt-standbau-muenchen-messebau-64m\u00b2.jpg\" alt=\"weltweit-vernetzter-lichtdesign-messe-muenchen\" class=\"wp-image-10646\" style=\"border-radius:12px;width:220px\" srcset=\"https:\/\/kellerdesign.de\/wp-content\/uploads\/2024\/11\/weltweit-vernetzt-standbau-muenchen-messebau-64m\u00b2.jpg 440w, https:\/\/kellerdesign.de\/wp-content\/uploads\/2024\/11\/weltweit-vernetzt-standbau-muenchen-messebau-64m\u00b2-300x286.jpg 300w\" sizes=\"auto, (max-width: 440px) 100vw, 440px\" \/><\/a><\/figure>\n<\/div>\n<\/div>\n\n\n\n<div style=\"height:25px\" aria-hidden=\"true\" class=\"wp-block-spacer\"><\/div>\n\n\n\n<div class=\"wp-block-columns is-layout-flex wp-container-core-columns-is-layout-28f84493 wp-block-columns-is-layout-flex\">\n<div class=\"wp-block-column is-layout-flow wp-block-column-is-layout-flow\">\n<figure class=\"wp-block-image size-full is-resized has-custom-border\"><a href=\"https:\/\/kellerdesign.de\/wp-content\/uploads\/2024\/11\/weltweit-vernetzt-standbau-muenchen-40m\u00b2.jpg\" target=\"_blank\" rel=\" noreferrer noopener\"><img loading=\"lazy\" decoding=\"async\" width=\"419\" height=\"420\" src=\"https:\/\/kellerdesign.de\/wp-content\/uploads\/2024\/11\/weltweit-vernetzt-standbau-muenchen-40m\u00b2.jpg\" alt=\"weltweit-vernetzter-messebaumotivbanner-standbau-muenchen\" class=\"wp-image-10620\" style=\"border-radius:12px;width:220px\" srcset=\"https:\/\/kellerdesign.de\/wp-content\/uploads\/2024\/11\/weltweit-vernetzt-standbau-muenchen-40m\u00b2.jpg 419w, https:\/\/kellerdesign.de\/wp-content\/uploads\/2024\/11\/weltweit-vernetzt-standbau-muenchen-40m\u00b2-300x300.jpg 300w, https:\/\/kellerdesign.de\/wp-content\/uploads\/2024\/11\/weltweit-vernetzt-standbau-muenchen-40m\u00b2-150x150.jpg 150w\" sizes=\"auto, (max-width: 419px) 100vw, 419px\" \/><\/a><figcaption class=\"wp-element-caption\"><em><sup>IMO Oberfl\u00e4chentechnik GmbH, 40 m\u00b2<\/sup><\/em><\/figcaption><\/figure>\n<\/div>\n\n\n\n<div class=\"wp-block-column is-layout-flow wp-block-column-is-layout-flow\">\n<figure class=\"wp-block-image size-full is-resized has-custom-border\"><a href=\"https:\/\/kellerdesign.de\/wp-content\/uploads\/2024\/11\/weltweit-vernetzt-muenchen-messebau-40m\u00b2.jpg\" target=\"_blank\" rel=\" noreferrer noopener\"><img loading=\"lazy\" decoding=\"async\" width=\"419\" height=\"420\" src=\"https:\/\/kellerdesign.de\/wp-content\/uploads\/2024\/11\/weltweit-vernetzt-muenchen-messebau-40m\u00b2.jpg\" alt=\"weltweit-vernetzt-standbau-muenchen-wuerfelbanner\" class=\"wp-image-10619\" style=\"border-radius:12px;width:220px\" srcset=\"https:\/\/kellerdesign.de\/wp-content\/uploads\/2024\/11\/weltweit-vernetzt-muenchen-messebau-40m\u00b2.jpg 419w, https:\/\/kellerdesign.de\/wp-content\/uploads\/2024\/11\/weltweit-vernetzt-muenchen-messebau-40m\u00b2-300x300.jpg 300w, https:\/\/kellerdesign.de\/wp-content\/uploads\/2024\/11\/weltweit-vernetzt-muenchen-messebau-40m\u00b2-150x150.jpg 150w\" sizes=\"auto, (max-width: 419px) 100vw, 419px\" \/><\/a><\/figure>\n<\/div>\n<\/div>\n\n\n\n<div style=\"height:25px\" aria-hidden=\"true\" class=\"wp-block-spacer\"><\/div>\n\n\n\n<p class=\"has-text-color has-link-color wp-elements-315f9d1d5ab07d5d110922f4c5a18c87\" style=\"color:#555555\"><\/p>\n\n\n\n<div class=\"wp-block-columns is-layout-flex wp-container-core-columns-is-layout-28f84493 wp-block-columns-is-layout-flex\">\n<div class=\"wp-block-column is-layout-flow wp-block-column-is-layout-flow\">\n<figure class=\"wp-block-image size-full is-resized has-custom-border\"><a href=\"https:\/\/kellerdesign.de\/wp-content\/uploads\/2024\/11\/weltweit-vernetzt-standbau-muenchen-motivbanner-40m\u00b2.jpg\" target=\"_blank\" rel=\" noreferrer noopener\"><img loading=\"lazy\" decoding=\"async\" width=\"500\" height=\"450\" src=\"https:\/\/kellerdesign.de\/wp-content\/uploads\/2024\/11\/weltweit-vernetzt-standbau-muenchen-motivbanner-40m\u00b2.jpg\" alt=\"weltweit-vernetzt-messee-muenchen-riggbanner-wuerfelbanner\" class=\"wp-image-10623\" style=\"border-radius:12px;width:220px\" srcset=\"https:\/\/kellerdesign.de\/wp-content\/uploads\/2024\/11\/weltweit-vernetzt-standbau-muenchen-motivbanner-40m\u00b2.jpg 500w, https:\/\/kellerdesign.de\/wp-content\/uploads\/2024\/11\/weltweit-vernetzt-standbau-muenchen-motivbanner-40m\u00b2-300x270.jpg 300w\" sizes=\"auto, (max-width: 500px) 100vw, 500px\" \/><\/a><figcaption class=\"wp-element-caption\"><em><sup>Polytron Print GmbH, 40 m\u00b2<\/sup><\/em><\/figcaption><\/figure>\n<\/div>\n\n\n\n<div class=\"wp-block-column is-layout-flow wp-block-column-is-layout-flow\">\n<figure class=\"wp-block-image size-full is-resized has-custom-border\"><a href=\"https:\/\/kellerdesign.de\/wp-content\/uploads\/2024\/11\/weltweit-vernetzt-standbau-muenchen-40m\u00b2-besprechung.jpg\" target=\"_blank\" rel=\" noreferrer noopener\"><img loading=\"lazy\" decoding=\"async\" width=\"500\" height=\"450\" src=\"https:\/\/kellerdesign.de\/wp-content\/uploads\/2024\/11\/weltweit-vernetzt-standbau-muenchen-40m\u00b2-besprechung.jpg\" alt=\"weltweit-vernetzt-besprechung-messebau-muenchen\" class=\"wp-image-10621\" style=\"border-radius:12px;width:220px\" srcset=\"https:\/\/kellerdesign.de\/wp-content\/uploads\/2024\/11\/weltweit-vernetzt-standbau-muenchen-40m\u00b2-besprechung.jpg 500w, https:\/\/kellerdesign.de\/wp-content\/uploads\/2024\/11\/weltweit-vernetzt-standbau-muenchen-40m\u00b2-besprechung-300x270.jpg 300w\" sizes=\"auto, (max-width: 500px) 100vw, 500px\" \/><\/a><\/figure>\n<\/div>\n\n\n\n<div class=\"wp-block-column is-layout-flow wp-block-column-is-layout-flow\">\n<figure class=\"wp-block-image size-full is-resized has-custom-border\"><a href=\"https:\/\/kellerdesign.de\/wp-content\/uploads\/2024\/11\/weltweit-vernetzt-messe-muenchen-messebau-40m\u00b2.jpg\" target=\"_blank\" rel=\" noreferrer noopener\"><img loading=\"lazy\" decoding=\"async\" width=\"500\" height=\"450\" src=\"https:\/\/kellerdesign.de\/wp-content\/uploads\/2024\/11\/weltweit-vernetzt-messe-muenchen-messebau-40m\u00b2.jpg\" alt=\"weltweit-vernetzt-messebau-muenchen-besprechung\" class=\"wp-image-10618\" style=\"border-radius:12px;width:220px\" srcset=\"https:\/\/kellerdesign.de\/wp-content\/uploads\/2024\/11\/weltweit-vernetzt-messe-muenchen-messebau-40m\u00b2.jpg 500w, https:\/\/kellerdesign.de\/wp-content\/uploads\/2024\/11\/weltweit-vernetzt-messe-muenchen-messebau-40m\u00b2-300x270.jpg 300w\" sizes=\"auto, (max-width: 500px) 100vw, 500px\" \/><\/a><\/figure>\n<\/div>\n<\/div>\n\n\n\n<div style=\"height:100px\" aria-hidden=\"true\" class=\"wp-block-spacer\"><\/div>\n\n\n\n<h6 class=\"wp-block-heading\"><em><a href=\"https:\/\/electronica.de\/de\/messe\/\" target=\"_blank\" rel=\"noopener\">Weltweit vernetzt: Messebau auf der Electronica in M\u00fcnchen<\/a><\/em><\/h6>\n","protected":false},"excerpt":{"rendered":"<p>Weltweit vernetzt: Messebau auf der Electronica 2024 Messebau auf der Weltleitmesse und Konferenz der Elektronik in M\u00fcnchen.Internationale und nationale Aussteller pr\u00e4sentieren sich auf der Messe in M\u00fcnchen und zeigen ihre Produkte, Komponenten, Systeme und Anwendungen, die zur Entwicklung, Qualit\u00e4tskontrolle, Wartung und Instandhaltung von elektronischen Baugruppen, Ger\u00e4ten und Maschinen eingesetzt werden. Weltweit vernetzt: Messebau auf der [&hellip;]<\/p>\n","protected":false},"author":1,"featured_media":0,"comment_status":"closed","ping_status":"open","sticky":false,"template":"","format":"standard","meta":{"_coblocks_attr":"","_coblocks_dimensions":"","_coblocks_responsive_height":"","_coblocks_accordion_ie_support":"","site-sidebar-layout":"default","site-content-layout":"","ast-site-content-layout":"default","site-content-style":"default","site-sidebar-style":"default","ast-global-header-display":"","ast-banner-title-visibility":"","ast-main-header-display":"","ast-hfb-above-header-display":"","ast-hfb-below-header-display":"","ast-hfb-mobile-header-display":"","site-post-title":"","ast-breadcrumbs-content":"","ast-featured-img":"","footer-sml-layout":"","ast-disable-related-posts":"","theme-transparent-header-meta":"","adv-header-id-meta":"","stick-header-meta":"","header-above-stick-meta":"","header-main-stick-meta":"","header-below-stick-meta":"","astra-migrate-meta-layouts":"set","ast-page-background-enabled":"default","ast-page-background-meta":{"desktop":{"background-color":"","background-image":"","background-repeat":"repeat","background-position":"center center","background-size":"auto","background-attachment":"scroll","background-type":"","background-media":"","overlay-type":"","overlay-color":"","overlay-opacity":"","overlay-gradient":""},"tablet":{"background-color":"","background-image":"","background-repeat":"repeat","background-position":"center center","background-size":"auto","background-attachment":"scroll","background-type":"","background-media":"","overlay-type":"","overlay-color":"","overlay-opacity":"","overlay-gradient":""},"mobile":{"background-color":"","background-image":"","background-repeat":"repeat","background-position":"center center","background-size":"auto","background-attachment":"scroll","background-type":"","background-media":"","overlay-type":"","overlay-color":"","overlay-opacity":"","overlay-gradient":""}},"ast-content-background-meta":{"desktop":{"background-color":"var(--ast-global-color-5)","background-image":"","background-repeat":"repeat","background-position":"center center","background-size":"auto","background-attachment":"scroll","background-type":"","background-media":"","overlay-type":"","overlay-color":"","overlay-opacity":"","overlay-gradient":""},"tablet":{"background-color":"var(--ast-global-color-5)","background-image":"","background-repeat":"repeat","background-position":"center center","background-size":"auto","background-attachment":"scroll","background-type":"","background-media":"","overlay-type":"","overlay-color":"","overlay-opacity":"","overlay-gradient":""},"mobile":{"background-color":"var(--ast-global-color-5)","background-image":"","background-repeat":"repeat","background-position":"center center","background-size":"auto","background-attachment":"scroll","background-type":"","background-media":"","overlay-type":"","overlay-color":"","overlay-opacity":"","overlay-gradient":""}},"_jetpack_memberships_contains_paid_content":false,"footnotes":""},"categories":[45],"tags":[387,119,47,40,323,184,50,256,46,386],"class_list":["post-10625","post","type-post","status-publish","format-standard","hentry","category-messestaende-mit-charakter","tag-lichtdesign","tag-messe-muenchen","tag-messebanner","tag-messebau","tag-messebau-muenchen","tag-messelogistik","tag-messestaende","tag-riggbanner","tag-standbau","tag-top-messe-muenchen"],"jetpack_featured_media_url":"","jetpack_sharing_enabled":true,"_links":{"self":[{"href":"https:\/\/kellerdesign.de\/index.php\/wp-json\/wp\/v2\/posts\/10625","targetHints":{"allow":["GET"]}}],"collection":[{"href":"https:\/\/kellerdesign.de\/index.php\/wp-json\/wp\/v2\/posts"}],"about":[{"href":"https:\/\/kellerdesign.de\/index.php\/wp-json\/wp\/v2\/types\/post"}],"author":[{"embeddable":true,"href":"https:\/\/kellerdesign.de\/index.php\/wp-json\/wp\/v2\/users\/1"}],"replies":[{"embeddable":true,"href":"https:\/\/kellerdesign.de\/index.php\/wp-json\/wp\/v2\/comments?post=10625"}],"version-history":[{"count":89,"href":"https:\/\/kellerdesign.de\/index.php\/wp-json\/wp\/v2\/posts\/10625\/revisions"}],"predecessor-version":[{"id":12937,"href":"https:\/\/kellerdesign.de\/index.php\/wp-json\/wp\/v2\/posts\/10625\/revisions\/12937"}],"wp:attachment":[{"href":"https:\/\/kellerdesign.de\/index.php\/wp-json\/wp\/v2\/media?parent=10625"}],"wp:term":[{"taxonomy":"category","embeddable":true,"href":"https:\/\/kellerdesign.de\/index.php\/wp-json\/wp\/v2\/categories?post=10625"},{"taxonomy":"post_tag","embeddable":true,"href":"https:\/\/kellerdesign.de\/index.php\/wp-json\/wp\/v2\/tags?post=10625"}],"curies":[{"name":"wp","href":"https:\/\/api.w.org\/{rel}","templated":true}]}}