{"id":11174,"date":"2025-01-17T10:00:00","date_gmt":"2025-01-17T09:00:00","guid":{"rendered":"https:\/\/kellerdesign.de\/?p=11174"},"modified":"2025-01-30T13:57:06","modified_gmt":"2025-01-30T12:57:06","slug":"messestaende-bau-2025","status":"publish","type":"post","link":"https:\/\/kellerdesign.de\/index.php\/2025\/01\/17\/messestaende-bau-2025\/","title":{"rendered":"Messest\u00e4nde BAU 2025: Planung, Design, Umsetzung"},"content":{"rendered":"\n<p class=\"has-text-color has-link-color wp-elements-df21ffdba5d0d0b2f9c08c26d6bad316\" style=\"color:#555555\">Messest\u00e4nde BAU 2025 \u2013 Ihr Partner f\u00fcr beeindruckende Auftritte <br><br>Die <strong><a href=\"https:\/\/bau-muenchen.com\/de\/\" target=\"_blank\" rel=\"noreferrer noopener\">BAU Messe<\/a><\/strong> in M\u00fcnchen ist die weltweit f\u00fchrende Veranstaltung f\u00fcr die Bau- und Architekturbranche \u2013 <br>und wir von Keller Design &#8211; Messen &amp; Events &#8211; GmbH sind stolz darauf, unseren Beitrag mit professionellem Messestandbau zu leisten. <br><br>Die BAU Messe 2025 findet vom 13. bis 18. Januar in den Hallen der Messe M\u00fcnchen statt \u2013 der perfekte Ort, um Branchenkontakte zu kn\u00fcpfen, Inspirationen zu sammeln und die Zukunft des Bauens aktiv mitzugestalten. <br><br><strong><a href=\"https:\/\/kellerdesign.de\/index.php\/aktuelles\/\" target=\"_blank\" rel=\"noreferrer noopener\">Messest\u00e4nde BAU 2025 &#8211; Unsere Projekte: <\/a><\/strong><br>In diesem Jahr haben wir zwei individuelle Messest\u00e4nde realisiert \u2013 einen f\u00fcr die BWM Fassadensysteme GmbH und einen weiteren Stand f\u00fcr unseren langj\u00e4hrigen Kunden, die GANN Mess- und Regeltechnik GmbH aus Gerlingen. <br><br><strong><a href=\"https:\/\/www.bwm.de\/\" target=\"_blank\" rel=\"noreferrer noopener\">Messestand f\u00fcr die BWM Fassadensysteme GmbH: <\/a><\/strong><br>Auf einer Fl\u00e4che von 45 m\u00b2<strong> <\/strong>haben wir f\u00fcr die Firma BWM Fassadensysteme einen modernen und einladenden Messestand gestaltet, der die Marke perfekt in Szene setzt.<br><br>Die Kabine wurde mit Leuchtbannern<strong> <\/strong>und Vorsatzplatten gebaut, um Funktionalit\u00e4t und Design zu vereinen. <br>Die Leucht-Rigg-Banner in Firmenfarben sorgten f\u00fcr eine beeindruckende Fernwirkung, die Auffindbarkeit aus der Entfernung garantiert. <br><strong><br><a href=\"https:\/\/www.gann.de\/\" target=\"_blank\" rel=\"noreferrer noopener\">Messestand f\u00fcr die GANN Mess- und Regeltechnik GmbH: <\/a><\/strong><br>F\u00fcr unseren treuen Kunden, die Firma GANN Mess- und Regeltechnik GmbH, haben wir einen kompakten Stand auf einer Fl\u00e4che von 36 m\u00b2 gebaut. <br><br>Der Stand vereint Funktionalit\u00e4t und Klarheit, um die Produkte und Dienstleistungen von GANN Mess- und Regeltechnik optimal zu pr\u00e4sentieren. Durch unser ma\u00dfgeschneidertes Konzept konnten wir sicherstellen, <br>dass der Stand nicht nur ansprechend, sondern auch praktisch und funktional ist. <br><br><strong><a href=\"https:\/\/kellerdesign.de\/index.php\/messestaende-kellerdesign\/galerie-messebau\/\" target=\"_blank\" rel=\"noreferrer noopener\">Kreative L\u00f6sungen f\u00fcr jede Branche.<\/a><\/strong> <br>Bei Keller Design legen wir gro\u00dfen Wert darauf, die individuellen W\u00fcnsche und Bed\u00fcrfnisse unserer Kunden umzusetzen. Ob gro\u00df oder kompakt \u2013 wir realisieren Messest\u00e4nde, die Marken nachhaltig in Szene setzen <br>und auf Messen \u00fcberzeugen. <br><br>Wir bedanken uns herzlich bei der BWM Fassadensysteme GmbH und der GANN Mess- und Regeltechnik GmbH f\u00fcr ihr Vertrauen in unsere Arbeit und freuen uns auf eine erfolgreiche Messe in M\u00fcnchen.<\/p>\n\n\n\n<div style=\"height:25px\" aria-hidden=\"true\" class=\"wp-block-spacer\"><\/div>\n\n\n\n<div class=\"wp-block-columns is-layout-flex wp-container-core-columns-is-layout-28f84493 wp-block-columns-is-layout-flex\">\n<div class=\"wp-block-column is-layout-flow wp-block-column-is-layout-flow\">\n<figure class=\"wp-block-image size-full has-custom-border\"><a href=\"https:\/\/kellerdesign.de\/wp-content\/uploads\/2025\/01\/messestaende-bau-2025-keller-design-messebau-muenchen.jpg\" target=\"_blank\" rel=\" noreferrer noopener\"><img loading=\"lazy\" decoding=\"async\" width=\"600\" height=\"400\" src=\"https:\/\/kellerdesign.de\/wp-content\/uploads\/2025\/01\/messestaende-bau-2025-keller-design-messebau-muenchen.jpg\" alt=\"messestaende-bau-2025-messelogistik\" class=\"wp-image-11185\" style=\"border-radius:10px\" srcset=\"https:\/\/kellerdesign.de\/wp-content\/uploads\/2025\/01\/messestaende-bau-2025-keller-design-messebau-muenchen.jpg 600w, https:\/\/kellerdesign.de\/wp-content\/uploads\/2025\/01\/messestaende-bau-2025-keller-design-messebau-muenchen-300x200.jpg 300w\" sizes=\"auto, (max-width: 600px) 100vw, 600px\" \/><\/a><\/figure>\n<\/div>\n\n\n\n<div class=\"wp-block-column is-layout-flow wp-block-column-is-layout-flow\">\n<figure class=\"wp-block-image size-full has-custom-border\"><a href=\"https:\/\/kellerdesign.de\/wp-content\/uploads\/2025\/01\/messestaende-bau-2025-kellerdesign-messebau-muenchen.jpg\" target=\"_blank\" rel=\" noreferrer noopener\"><img loading=\"lazy\" decoding=\"async\" width=\"600\" height=\"400\" src=\"https:\/\/kellerdesign.de\/wp-content\/uploads\/2025\/01\/messestaende-bau-2025-kellerdesign-messebau-muenchen.jpg\" alt=\"messestaende-bau-2025-messebau\" class=\"wp-image-11184\" style=\"border-radius:10px\" srcset=\"https:\/\/kellerdesign.de\/wp-content\/uploads\/2025\/01\/messestaende-bau-2025-kellerdesign-messebau-muenchen.jpg 600w, https:\/\/kellerdesign.de\/wp-content\/uploads\/2025\/01\/messestaende-bau-2025-kellerdesign-messebau-muenchen-300x200.jpg 300w\" sizes=\"auto, (max-width: 600px) 100vw, 600px\" \/><\/a><\/figure>\n<\/div>\n\n\n\n<div class=\"wp-block-column is-layout-flow wp-block-column-is-layout-flow\">\n<figure class=\"wp-block-image size-full has-custom-border\"><a href=\"https:\/\/kellerdesign.de\/wp-content\/uploads\/2025\/01\/messestaende-bau-2025-keller-design-messelogistik-muenchen.jpg\" target=\"_blank\" rel=\" noreferrer noopener\"><img loading=\"lazy\" decoding=\"async\" width=\"600\" height=\"400\" src=\"https:\/\/kellerdesign.de\/wp-content\/uploads\/2025\/01\/messestaende-bau-2025-keller-design-messelogistik-muenchen.jpg\" alt=\"messestaende-bau-2025-keller-design\" class=\"wp-image-11183\" style=\"border-radius:10px\" srcset=\"https:\/\/kellerdesign.de\/wp-content\/uploads\/2025\/01\/messestaende-bau-2025-keller-design-messelogistik-muenchen.jpg 600w, https:\/\/kellerdesign.de\/wp-content\/uploads\/2025\/01\/messestaende-bau-2025-keller-design-messelogistik-muenchen-300x200.jpg 300w\" sizes=\"auto, (max-width: 600px) 100vw, 600px\" \/><\/a><\/figure>\n<\/div>\n<\/div>\n\n\n\n<div style=\"height:100px\" aria-hidden=\"true\" class=\"wp-block-spacer\"><\/div>\n\n\n\n<h6 class=\"wp-block-heading\"><a href=\"https:\/\/kellerdesign.de\/index.php\/aktuelles\/\">Messest\u00e4nde BAU 2025: Individuell und kreativ<\/a><\/h6>\n","protected":false},"excerpt":{"rendered":"<p>Messest\u00e4nde BAU 2025 \u2013 Ihr Partner f\u00fcr beeindruckende Auftritte Die BAU Messe in M\u00fcnchen ist die weltweit f\u00fchrende Veranstaltung f\u00fcr die Bau- und Architekturbranche \u2013 und wir von Keller Design &#8211; Messen &amp; Events &#8211; GmbH sind stolz darauf, unseren Beitrag mit professionellem Messestandbau zu leisten. Die BAU Messe 2025 findet vom 13. bis 18. [&hellip;]<\/p>\n","protected":false},"author":1,"featured_media":0,"comment_status":"closed","ping_status":"open","sticky":false,"template":"","format":"standard","meta":{"_coblocks_attr":"","_coblocks_dimensions":"","_coblocks_responsive_height":"","_coblocks_accordion_ie_support":"","site-sidebar-layout":"default","site-content-layout":"","ast-site-content-layout":"default","site-content-style":"default","site-sidebar-style":"default","ast-global-header-display":"","ast-banner-title-visibility":"","ast-main-header-display":"","ast-hfb-above-header-display":"","ast-hfb-below-header-display":"","ast-hfb-mobile-header-display":"","site-post-title":"","ast-breadcrumbs-content":"","ast-featured-img":"","footer-sml-layout":"","ast-disable-related-posts":"","theme-transparent-header-meta":"","adv-header-id-meta":"","stick-header-meta":"","header-above-stick-meta":"","header-main-stick-meta":"","header-below-stick-meta":"","astra-migrate-meta-layouts":"set","ast-page-background-enabled":"default","ast-page-background-meta":{"desktop":{"background-color":"","background-image":"","background-repeat":"repeat","background-position":"center center","background-size":"auto","background-attachment":"scroll","background-type":"","background-media":"","overlay-type":"","overlay-color":"","overlay-opacity":"","overlay-gradient":""},"tablet":{"background-color":"","background-image":"","background-repeat":"repeat","background-position":"center center","background-size":"auto","background-attachment":"scroll","background-type":"","background-media":"","overlay-type":"","overlay-color":"","overlay-opacity":"","overlay-gradient":""},"mobile":{"background-color":"","background-image":"","background-repeat":"repeat","background-position":"center center","background-size":"auto","background-attachment":"scroll","background-type":"","background-media":"","overlay-type":"","overlay-color":"","overlay-opacity":"","overlay-gradient":""}},"ast-content-background-meta":{"desktop":{"background-color":"var(--ast-global-color-5)","background-image":"","background-repeat":"repeat","background-position":"center center","background-size":"auto","background-attachment":"scroll","background-type":"","background-media":"","overlay-type":"","overlay-color":"","overlay-opacity":"","overlay-gradient":""},"tablet":{"background-color":"var(--ast-global-color-5)","background-image":"","background-repeat":"repeat","background-position":"center center","background-size":"auto","background-attachment":"scroll","background-type":"","background-media":"","overlay-type":"","overlay-color":"","overlay-opacity":"","overlay-gradient":""},"mobile":{"background-color":"var(--ast-global-color-5)","background-image":"","background-repeat":"repeat","background-position":"center center","background-size":"auto","background-attachment":"scroll","background-type":"","background-media":"","overlay-type":"","overlay-color":"","overlay-opacity":"","overlay-gradient":""}},"_jetpack_memberships_contains_paid_content":false,"footnotes":""},"categories":[45],"tags":[301,119,47,40,411,323,61,159,184,51,412,46,386],"class_list":["post-11174","post","type-post","status-publish","format-standard","hentry","category-messestaende-mit-charakter","tag-leuchtbanner","tag-messe-muenchen","tag-messebanner","tag-messebau","tag-messebau-2025","tag-messebau-muenchen","tag-messebeschriftung","tag-messegrafik","tag-messelogistik","tag-messestand","tag-messestandort-muenchen","tag-standbau","tag-top-messe-muenchen"],"jetpack_featured_media_url":"","jetpack_sharing_enabled":true,"_links":{"self":[{"href":"https:\/\/kellerdesign.de\/index.php\/wp-json\/wp\/v2\/posts\/11174","targetHints":{"allow":["GET"]}}],"collection":[{"href":"https:\/\/kellerdesign.de\/index.php\/wp-json\/wp\/v2\/posts"}],"about":[{"href":"https:\/\/kellerdesign.de\/index.php\/wp-json\/wp\/v2\/types\/post"}],"author":[{"embeddable":true,"href":"https:\/\/kellerdesign.de\/index.php\/wp-json\/wp\/v2\/users\/1"}],"replies":[{"embeddable":true,"href":"https:\/\/kellerdesign.de\/index.php\/wp-json\/wp\/v2\/comments?post=11174"}],"version-history":[{"count":20,"href":"https:\/\/kellerdesign.de\/index.php\/wp-json\/wp\/v2\/posts\/11174\/revisions"}],"predecessor-version":[{"id":11365,"href":"https:\/\/kellerdesign.de\/index.php\/wp-json\/wp\/v2\/posts\/11174\/revisions\/11365"}],"wp:attachment":[{"href":"https:\/\/kellerdesign.de\/index.php\/wp-json\/wp\/v2\/media?parent=11174"}],"wp:term":[{"taxonomy":"category","embeddable":true,"href":"https:\/\/kellerdesign.de\/index.php\/wp-json\/wp\/v2\/categories?post=11174"},{"taxonomy":"post_tag","embeddable":true,"href":"https:\/\/kellerdesign.de\/index.php\/wp-json\/wp\/v2\/tags?post=11174"}],"curies":[{"name":"wp","href":"https:\/\/api.w.org\/{rel}","templated":true}]}}