{"id":11407,"date":"2025-02-14T14:56:49","date_gmt":"2025-02-14T13:56:49","guid":{"rendered":"https:\/\/kellerdesign.de\/?p=11407"},"modified":"2025-06-18T12:14:14","modified_gmt":"2025-06-18T10:14:14","slug":"wetec-messe-stuttgart-2025","status":"publish","type":"post","link":"https:\/\/kellerdesign.de\/index.php\/2025\/02\/14\/wetec-messe-stuttgart-2025\/","title":{"rendered":"WeTec Messe Stuttgart 2025 \u2013 Innovationen in Werbetechnik und Grafikdesign"},"content":{"rendered":"\n<p class=\"has-text-color has-link-color wp-elements-67bc6bb616090f8cc270de2b2f04b1cb\" style=\"color:#555555\">Besuch auf der WeTec Messe Stuttgart 2025 <br><br>Die WeTec Messe in Stuttgart ist die f\u00fchrende Fachmesse f\u00fcr Werbetechnik, Digitaldruck Lichtwerbung und visuelle Kommunikation. Sie findet im Rahmen der EXPO 4.0 statt und bietet eine Plattform f\u00fcr innovative Technologien, neue Materialien und kreative L\u00f6sungen. <br><br>Unsere <a href=\"https:\/\/kellerdesign.de\/index.php\/grafik-kellerdesign\/\" target=\"_blank\" rel=\"noreferrer noopener\">Grafikabteilung<\/a> ist vor Ort, um neue Inspirationen, moderne Techniken und kreative Trends zu entdecken. Ziel ist es, frische Ideen f\u00fcr Werbetechnik und Grafikausf\u00fchrung zu sammeln, um zuk\u00fcnftige Projekte noch innovativer und wirkungsvoller zu gestalten. <br><br>Die WeTec Messe in Stuttgart bietet die perfekte Gelegenheit, um sich \u00fcber aktuelle Branchentrends zu informieren, wertvolle Gesch\u00e4ftskontakte zu kn\u00fcpfen und neue M\u00f6glichkeiten im Bereich Werbetechnik <br>und Grafikdesign zu erkunden.<\/p>\n\n\n\n<div style=\"height:25px\" aria-hidden=\"true\" class=\"wp-block-spacer\"><\/div>\n\n\n\n<div class=\"wp-block-columns is-layout-flex wp-container-core-columns-is-layout-28f84493 wp-block-columns-is-layout-flex\">\n<div class=\"wp-block-column is-layout-flow wp-block-column-is-layout-flow\">\n<figure class=\"wp-block-image size-full has-custom-border\"><a href=\"https:\/\/kellerdesign.de\/wp-content\/uploads\/2025\/02\/wetec-messe-stuttgart-standort-messebau.jpg\" target=\"_blank\" rel=\" noreferrer noopener\"><img loading=\"lazy\" decoding=\"async\" width=\"560\" height=\"450\" src=\"https:\/\/kellerdesign.de\/wp-content\/uploads\/2025\/02\/wetec-messe-stuttgart-standort-messebau.jpg\" alt=\"wetec-messe-stuttgart-2025-messestandort\" class=\"wp-image-11418\" style=\"border-radius:10px\" srcset=\"https:\/\/kellerdesign.de\/wp-content\/uploads\/2025\/02\/wetec-messe-stuttgart-standort-messebau.jpg 560w, https:\/\/kellerdesign.de\/wp-content\/uploads\/2025\/02\/wetec-messe-stuttgart-standort-messebau-300x241.jpg 300w\" sizes=\"auto, (max-width: 560px) 100vw, 560px\" \/><\/a><\/figure>\n<\/div>\n\n\n\n<div class=\"wp-block-column is-layout-flow wp-block-column-is-layout-flow\">\n<figure class=\"wp-block-image size-full has-custom-border\"><a href=\"https:\/\/kellerdesign.de\/wp-content\/uploads\/2025\/02\/wetec-messe-stuttgart-2025-messestandort.jpg\" target=\"_blank\" rel=\" noreferrer noopener\"><img loading=\"lazy\" decoding=\"async\" width=\"560\" height=\"450\" src=\"https:\/\/kellerdesign.de\/wp-content\/uploads\/2025\/02\/wetec-messe-stuttgart-2025-messestandort.jpg\" alt=\"wetec-messe-stuttgart-2025-riggabhaengung\" class=\"wp-image-11415\" style=\"border-radius:10px\" srcset=\"https:\/\/kellerdesign.de\/wp-content\/uploads\/2025\/02\/wetec-messe-stuttgart-2025-messestandort.jpg 560w, https:\/\/kellerdesign.de\/wp-content\/uploads\/2025\/02\/wetec-messe-stuttgart-2025-messestandort-300x241.jpg 300w\" sizes=\"auto, (max-width: 560px) 100vw, 560px\" \/><\/a><\/figure>\n<\/div>\n\n\n\n<div class=\"wp-block-column is-layout-flow wp-block-column-is-layout-flow\">\n<figure class=\"wp-block-image size-full has-custom-border\"><a href=\"https:\/\/kellerdesign.de\/wp-content\/uploads\/2025\/02\/wetec-messe-stuttgart-licht-holz-design.jpg\" target=\"_blank\" rel=\" noreferrer noopener\"><img loading=\"lazy\" decoding=\"async\" width=\"560\" height=\"450\" src=\"https:\/\/kellerdesign.de\/wp-content\/uploads\/2025\/02\/wetec-messe-stuttgart-licht-holz-design.jpg\" alt=\"wetec-messe-stuttgart-2025-licht-holz-design\" class=\"wp-image-11417\" style=\"border-radius:10px\" srcset=\"https:\/\/kellerdesign.de\/wp-content\/uploads\/2025\/02\/wetec-messe-stuttgart-licht-holz-design.jpg 560w, https:\/\/kellerdesign.de\/wp-content\/uploads\/2025\/02\/wetec-messe-stuttgart-licht-holz-design-300x241.jpg 300w\" sizes=\"auto, (max-width: 560px) 100vw, 560px\" \/><\/a><\/figure>\n<\/div>\n\n\n\n<div class=\"wp-block-column is-layout-flow wp-block-column-is-layout-flow\">\n<figure class=\"wp-block-image size-full has-custom-border\"><a href=\"https:\/\/kellerdesign.de\/wp-content\/uploads\/2025\/02\/wetec-messe-stuttgart-2025-standbau.jpg\" target=\"_blank\" rel=\" noreferrer noopener\"><img loading=\"lazy\" decoding=\"async\" width=\"560\" height=\"450\" src=\"https:\/\/kellerdesign.de\/wp-content\/uploads\/2025\/02\/wetec-messe-stuttgart-2025-standbau.jpg\" alt=\"wetec-messe-stuttgart-2025-standbau-trennwaende\" class=\"wp-image-11416\" style=\"border-radius:10px\" srcset=\"https:\/\/kellerdesign.de\/wp-content\/uploads\/2025\/02\/wetec-messe-stuttgart-2025-standbau.jpg 560w, https:\/\/kellerdesign.de\/wp-content\/uploads\/2025\/02\/wetec-messe-stuttgart-2025-standbau-300x241.jpg 300w\" sizes=\"auto, (max-width: 560px) 100vw, 560px\" \/><\/a><\/figure>\n<\/div>\n\n\n\n<div class=\"wp-block-column is-layout-flow wp-block-column-is-layout-flow\">\n<figure class=\"wp-block-image size-full has-custom-border\"><a href=\"https:\/\/kellerdesign.de\/wp-content\/uploads\/2025\/02\/wetec-messe-stuttgart-2025-lichtwerbung.jpg\" target=\"_blank\" rel=\" noreferrer noopener\"><img loading=\"lazy\" decoding=\"async\" width=\"560\" height=\"450\" src=\"https:\/\/kellerdesign.de\/wp-content\/uploads\/2025\/02\/wetec-messe-stuttgart-2025-lichtwerbung.jpg\" alt=\"wetec-messe-stuttgart-2025-lichtwerbung\" class=\"wp-image-11414\" style=\"border-radius:10px\" srcset=\"https:\/\/kellerdesign.de\/wp-content\/uploads\/2025\/02\/wetec-messe-stuttgart-2025-lichtwerbung.jpg 560w, https:\/\/kellerdesign.de\/wp-content\/uploads\/2025\/02\/wetec-messe-stuttgart-2025-lichtwerbung-300x241.jpg 300w\" sizes=\"auto, (max-width: 560px) 100vw, 560px\" \/><\/a><\/figure>\n<\/div>\n\n\n\n<div class=\"wp-block-column is-layout-flow wp-block-column-is-layout-flow\">\n<figure class=\"wp-block-image size-full has-custom-border\"><a href=\"https:\/\/kellerdesign.de\/wp-content\/uploads\/2025\/02\/wetec-messe-stuttgart-2025-lichtdesign-1.jpg\" target=\"_blank\" rel=\" noreferrer noopener\"><img loading=\"lazy\" decoding=\"async\" width=\"560\" height=\"450\" src=\"https:\/\/kellerdesign.de\/wp-content\/uploads\/2025\/02\/wetec-messe-stuttgart-2025-lichtdesign-1.jpg\" alt=\"\" class=\"wp-image-11424\" style=\"border-radius:10px\" srcset=\"https:\/\/kellerdesign.de\/wp-content\/uploads\/2025\/02\/wetec-messe-stuttgart-2025-lichtdesign-1.jpg 560w, https:\/\/kellerdesign.de\/wp-content\/uploads\/2025\/02\/wetec-messe-stuttgart-2025-lichtdesign-1-300x241.jpg 300w\" sizes=\"auto, (max-width: 560px) 100vw, 560px\" \/><\/a><\/figure>\n<\/div>\n<\/div>\n\n\n\n<div style=\"height:100px\" aria-hidden=\"true\" class=\"wp-block-spacer\"><\/div>\n\n\n\n<h6 class=\"wp-block-heading\"><em><a href=\"https:\/\/www.messe-stuttgart.de\/wetec\/\" target=\"_blank\" rel=\"noreferrer noopener\">WeTec Messe Stuttgart 2025<\/a><\/em><\/h6>\n","protected":false},"excerpt":{"rendered":"<p>Besuch auf der WeTec Messe Stuttgart 2025 Die WeTec Messe in Stuttgart ist die f\u00fchrende Fachmesse f\u00fcr Werbetechnik, Digitaldruck Lichtwerbung und visuelle Kommunikation. Sie findet im Rahmen der EXPO 4.0 statt und bietet eine Plattform f\u00fcr innovative Technologien, neue Materialien und kreative L\u00f6sungen. Unsere Grafikabteilung ist vor Ort, um neue Inspirationen, moderne Techniken und kreative [&hellip;]<\/p>\n","protected":false},"author":1,"featured_media":0,"comment_status":"closed","ping_status":"open","sticky":false,"template":"","format":"standard","meta":{"_coblocks_attr":"","_coblocks_dimensions":"","_coblocks_responsive_height":"","_coblocks_accordion_ie_support":"","site-sidebar-layout":"default","site-content-layout":"","ast-site-content-layout":"default","site-content-style":"default","site-sidebar-style":"default","ast-global-header-display":"","ast-banner-title-visibility":"","ast-main-header-display":"","ast-hfb-above-header-display":"","ast-hfb-below-header-display":"","ast-hfb-mobile-header-display":"","site-post-title":"","ast-breadcrumbs-content":"","ast-featured-img":"","footer-sml-layout":"","ast-disable-related-posts":"","theme-transparent-header-meta":"","adv-header-id-meta":"","stick-header-meta":"","header-above-stick-meta":"","header-main-stick-meta":"","header-below-stick-meta":"","astra-migrate-meta-layouts":"set","ast-page-background-enabled":"default","ast-page-background-meta":{"desktop":{"background-color":"","background-image":"","background-repeat":"repeat","background-position":"center center","background-size":"auto","background-attachment":"scroll","background-type":"","background-media":"","overlay-type":"","overlay-color":"","overlay-opacity":"","overlay-gradient":""},"tablet":{"background-color":"","background-image":"","background-repeat":"repeat","background-position":"center center","background-size":"auto","background-attachment":"scroll","background-type":"","background-media":"","overlay-type":"","overlay-color":"","overlay-opacity":"","overlay-gradient":""},"mobile":{"background-color":"","background-image":"","background-repeat":"repeat","background-position":"center center","background-size":"auto","background-attachment":"scroll","background-type":"","background-media":"","overlay-type":"","overlay-color":"","overlay-opacity":"","overlay-gradient":""}},"ast-content-background-meta":{"desktop":{"background-color":"var(--ast-global-color-5)","background-image":"","background-repeat":"repeat","background-position":"center center","background-size":"auto","background-attachment":"scroll","background-type":"","background-media":"","overlay-type":"","overlay-color":"","overlay-opacity":"","overlay-gradient":""},"tablet":{"background-color":"var(--ast-global-color-5)","background-image":"","background-repeat":"repeat","background-position":"center center","background-size":"auto","background-attachment":"scroll","background-type":"","background-media":"","overlay-type":"","overlay-color":"","overlay-opacity":"","overlay-gradient":""},"mobile":{"background-color":"var(--ast-global-color-5)","background-image":"","background-repeat":"repeat","background-position":"center center","background-size":"auto","background-attachment":"scroll","background-type":"","background-media":"","overlay-type":"","overlay-color":"","overlay-opacity":"","overlay-gradient":""}},"_jetpack_memberships_contains_paid_content":false,"footnotes":""},"categories":[18],"tags":[42,429,107,359,428,420,426,427,358,430,431,142,282,308,62,56,53],"class_list":["post-11407","post","type-post","status-publish","format-standard","hentry","category-grafik-mit-wirkung","tag-digitaldruck","tag-fachmesse","tag-grafik","tag-grafikabteilung","tag-grafikausfuehrung","tag-grafikdesign","tag-grafikloesungen","tag-grafikwerbung","tag-idee","tag-inspiration","tag-kreative-loesungen","tag-messe-stuttgart","tag-messebau-stuttgart","tag-messestandort-stuttgart","tag-stuttgart","tag-werbetechnik","tag-werbung"],"jetpack_featured_media_url":"","jetpack_sharing_enabled":true,"_links":{"self":[{"href":"https:\/\/kellerdesign.de\/index.php\/wp-json\/wp\/v2\/posts\/11407","targetHints":{"allow":["GET"]}}],"collection":[{"href":"https:\/\/kellerdesign.de\/index.php\/wp-json\/wp\/v2\/posts"}],"about":[{"href":"https:\/\/kellerdesign.de\/index.php\/wp-json\/wp\/v2\/types\/post"}],"author":[{"embeddable":true,"href":"https:\/\/kellerdesign.de\/index.php\/wp-json\/wp\/v2\/users\/1"}],"replies":[{"embeddable":true,"href":"https:\/\/kellerdesign.de\/index.php\/wp-json\/wp\/v2\/comments?post=11407"}],"version-history":[{"count":12,"href":"https:\/\/kellerdesign.de\/index.php\/wp-json\/wp\/v2\/posts\/11407\/revisions"}],"predecessor-version":[{"id":11426,"href":"https:\/\/kellerdesign.de\/index.php\/wp-json\/wp\/v2\/posts\/11407\/revisions\/11426"}],"wp:attachment":[{"href":"https:\/\/kellerdesign.de\/index.php\/wp-json\/wp\/v2\/media?parent=11407"}],"wp:term":[{"taxonomy":"category","embeddable":true,"href":"https:\/\/kellerdesign.de\/index.php\/wp-json\/wp\/v2\/categories?post=11407"},{"taxonomy":"post_tag","embeddable":true,"href":"https:\/\/kellerdesign.de\/index.php\/wp-json\/wp\/v2\/tags?post=11407"}],"curies":[{"name":"wp","href":"https:\/\/api.w.org\/{rel}","templated":true}]}}