{"id":11888,"date":"2025-05-08T08:21:09","date_gmt":"2025-05-08T06:21:09","guid":{"rendered":"https:\/\/kellerdesign.de\/?p=11888"},"modified":"2025-11-25T09:53:34","modified_gmt":"2025-11-25T08:53:34","slug":"messebau-auf-der-control-2025","status":"publish","type":"post","link":"https:\/\/kellerdesign.de\/index.php\/2025\/05\/08\/messebau-auf-der-control-2025\/","title":{"rendered":"Messebau auf der Control 2025 in Stuttgart | Keller Design Messen &amp; Events \u2013 GmbH"},"content":{"rendered":"\n<p class=\"has-text-color has-link-color wp-elements-2037d2421b1a0bfc97f677fa24ffbe71\" style=\"color:#555555\">Messebau auf der Control 2025 in Stuttgart &#8211; Individuelle Messest\u00e4nde f\u00fcr maximale Wirkung. <br><br>Die Control 2025 in Stuttgart ist die internationale Leitmesse f\u00fcr Qualit\u00e4tssicherung. <br>Vom 6. bis 9. Mai dreht sich alles um innovative Technologien, Verfahren und Systeml\u00f6sungen <br>zur industriellen Qualit\u00e4tssicherung \u2013 in Theorie und Praxis. Als erfahrene Experten f\u00fcr Messebau <br>auf der Control 2025 haben wir f\u00fcr unsere Kunden ma\u00dfgeschneiderte Messest\u00e4nde entwickelt, <br>die durch bedachte Gestaltung und starke Fernwirkung \u00fcberzeugen.<\/p>\n\n\n\n<div style=\"height:30px\" aria-hidden=\"true\" class=\"wp-block-spacer\"><\/div>\n\n\n\n<p class=\"has-text-color has-link-color wp-elements-94a31fa99d32ac79c31e10e224b3c12b\" style=\"color:#555555\"><strong><a href=\"https:\/\/johs-boss.de\/de\/\" target=\"_blank\" rel=\"noreferrer noopener\">Messestand f\u00fcr JBO \u2013 Joh. Boss GmbH &amp; Co. KG<\/a><\/strong><br>F\u00fcr die Firma JBO realisierten wir eine 24 m\u00b2 gro\u00dfe Pr\u00e4sentationsfl\u00e4che mit klarer Struktur.<br>Highlights des Messestands: <\/p>\n\n\n\n<ul style=\"color:#555555\" class=\"wp-block-list has-text-color has-link-color wp-elements-758bec3b80f291305eea82463b5ea2db\">\n<li><em>Gro\u00dffl\u00e4chige Riggbanner mit starker Fernwirkung<\/em> <br><\/li>\n\n\n\n<li class=\"has-text-color has-link-color wp-elements-145be13e6918a4f26eb87727036bbc02\" style=\"color:#555555\"><em>Wandgro\u00dfes Motivbanner mit Produktdarstellungen <\/em><br><\/li>\n\n\n\n<li><em>Helles, modernes Mobiliar: Vitrinen, Theke, Besprechungsbereich und Robotertisch<\/em><\/li>\n<\/ul>\n\n\n\n<p class=\"has-text-color has-link-color wp-elements-10c5c7a48640e3df6ac13e5591dc0aff\" style=\"color:#555555\">Der Stand bot nicht nur eine optimale Produktpr\u00e4sentation, sondern auch ausreichend Raum f\u00fcr intensive Kundengespr\u00e4che. <\/p>\n\n\n\n<div style=\"height:30px\" aria-hidden=\"true\" class=\"wp-block-spacer\"><\/div>\n\n\n\n<p class=\"has-text-color has-link-color wp-elements-aec30fb253242cca0785eb956d0d4763\" style=\"color:#555555\"><strong><a href=\"https:\/\/www.schneeberger.com\/de\/de\/\" target=\"_blank\" rel=\"noreferrer noopener\">Messebau f\u00fcr SCHNEEBERGER GmbH<\/a><\/strong><br>F\u00fcr die SCHNEEBERGER Holding AG haben wir erstmalig einen 28 m\u00b2 gro\u00dfen Messestand realisiert.<br>Die neue Zusammenarbeit startet mit der Messe in Stuttgart 2025 \u2013 und dar\u00fcber hinaus begleiten wir das Unternehmen in diesem Jahr auf insgesamt sieben Messen. Das bestehende Konzept wird von uns fortgef\u00fchrt, die Messestandfl\u00e4chen werden in Wandbannern umgesetzt. Das wei\u00dfe Logo auf klaren Acryltafeln wird mit einer optimalen Fernwirkung auf roten Riggbannern angebracht.<br>Wir freuen uns auf die neue Zusammenarbeit und auf weitere spannende Projekte.<\/p>\n\n\n\n<div style=\"height:30px\" aria-hidden=\"true\" class=\"wp-block-spacer\"><\/div>\n\n\n\n<p class=\"has-text-color has-link-color wp-elements-a6744b5dc9c82c5c032eba209a8cbb1e\" style=\"color:#555555\"><strong><a href=\"https:\/\/deva.co.uk\/\" target=\"_blank\" rel=\"noopener\">Klein, aber fein \u2013 ma\u00dfgeschneiderter Messebau f\u00fcr Deva Electronic Controls Ltd<\/a><\/strong><br>Auf kompakten 12 m\u00b2 haben wir eine passende Pr\u00e4sentationsfl\u00e4che realisiert, die exakt auf die Anforderungen und W\u00fcnsche unseres Kunden zugeschnitten ist. Der Messebau auf der Control 2025 ist ein weiteres Ergebnis unserer langj\u00e4hrigen Zusammenarbeit mit Deva Electronic Controls Ltd.<\/p>\n\n\n\n<div style=\"height:30px\" aria-hidden=\"true\" class=\"wp-block-spacer\"><\/div>\n\n\n\n<p class=\"has-text-color has-link-color wp-elements-dc92863e53b5b20291c4bf9f20dee1a1\" style=\"color:#555555\"><strong>Vertrauen und Partnerschaft<\/strong><br>Wir bedanken uns bei unseren langj\u00e4hrigen und neu gewonnenen Kunden f\u00fcr das entgegengebrachte Vertrauen. <br><br>Sie planen Ihren Messeauftritt auf der Control in Stuttgart? Sprechen Sie mit uns \u00fcber kreativen und <br>funktionalen Messebau auf der Control in Stuttgart \u2013 wir gestalten Ihren originellen Auftritt mit Wirkung. Individuelle Messest\u00e4nde f\u00fcr maximale Wirkung. <br><br>Wir sind Ihr Messebauer f\u00fcr Stuttgart <a href=\"https:\/\/kellerdesign.de\/index.php\/wir-ueber-uns-kellerdesign\/anfahrt-kd\/\" target=\"_blank\" rel=\"noreferrer noopener\"><img loading=\"lazy\" decoding=\"async\" width=\"12\" height=\"12\" class=\"wp-image-11501\" style=\"width: 12px;\" src=\"https:\/\/kellerdesign.de\/wp-content\/uploads\/2025\/02\/link-symbol.png\" alt=\"verlinkung-keller-design\" srcset=\"https:\/\/kellerdesign.de\/wp-content\/uploads\/2025\/02\/link-symbol.png 300w, https:\/\/kellerdesign.de\/wp-content\/uploads\/2025\/02\/link-symbol-150x150.png 150w\" sizes=\"auto, (max-width: 12px) 100vw, 12px\" \/><\/a> \u2013 wenn Erfahrung auf Standortvorteil trifft. <\/p>\n\n\n\n<div style=\"height:25px\" aria-hidden=\"true\" class=\"wp-block-spacer\"><\/div>\n\n\n\n<div class=\"wp-block-columns is-layout-flex wp-container-core-columns-is-layout-28f84493 wp-block-columns-is-layout-flex\">\n<div class=\"wp-block-column is-layout-flow wp-block-column-is-layout-flow\">\n<figure class=\"wp-block-image size-full is-resized has-custom-border\"><a href=\"https:\/\/kellerdesign.de\/wp-content\/uploads\/2025\/05\/messebau-auf-der-control-2025-stuttgart-28m\u00b2-1.jpg\" target=\"_blank\" rel=\" noreferrer noopener\"><img loading=\"lazy\" decoding=\"async\" width=\"403\" height=\"300\" src=\"https:\/\/kellerdesign.de\/wp-content\/uploads\/2025\/05\/messebau-auf-der-control-2025-stuttgart-28m\u00b2-1.jpg\" alt=\"messebau-auf-der-control-2025-28m\u00b2\" class=\"wp-image-11972\" style=\"border-radius:12px;width:270px\" srcset=\"https:\/\/kellerdesign.de\/wp-content\/uploads\/2025\/05\/messebau-auf-der-control-2025-stuttgart-28m\u00b2-1.jpg 403w, https:\/\/kellerdesign.de\/wp-content\/uploads\/2025\/05\/messebau-auf-der-control-2025-stuttgart-28m\u00b2-1-300x223.jpg 300w\" sizes=\"auto, (max-width: 403px) 100vw, 403px\" \/><\/a><figcaption class=\"wp-element-caption\"><em><sup>SCHNEEBERGER GmbH, 28 m\u00b2<\/sup><\/em><\/figcaption><\/figure>\n<\/div>\n\n\n\n<div class=\"wp-block-column is-layout-flow wp-block-column-is-layout-flow\">\n<figure class=\"wp-block-image size-full is-resized has-custom-border\"><a href=\"https:\/\/kellerdesign.de\/wp-content\/uploads\/2025\/05\/messebau-auf-der-control-2025-stuttgart-28m\u00b2.jpg\" target=\"_blank\" rel=\" noreferrer noopener\"><img loading=\"lazy\" decoding=\"async\" width=\"403\" height=\"300\" src=\"https:\/\/kellerdesign.de\/wp-content\/uploads\/2025\/05\/messebau-auf-der-control-2025-stuttgart-28m\u00b2.jpg\" alt=\"messebau-auf-der-control-2025-stuttgart\" class=\"wp-image-11971\" style=\"border-radius:12px;width:270px\" srcset=\"https:\/\/kellerdesign.de\/wp-content\/uploads\/2025\/05\/messebau-auf-der-control-2025-stuttgart-28m\u00b2.jpg 403w, https:\/\/kellerdesign.de\/wp-content\/uploads\/2025\/05\/messebau-auf-der-control-2025-stuttgart-28m\u00b2-300x223.jpg 300w\" sizes=\"auto, (max-width: 403px) 100vw, 403px\" \/><\/a><figcaption class=\"wp-element-caption\"><em><sup>SCHNEEBERGER GmbH, 28 m\u00b2<\/sup><\/em><\/figcaption><\/figure>\n<\/div>\n<\/div>\n\n\n\n<div style=\"height:25px\" aria-hidden=\"true\" class=\"wp-block-spacer\"><\/div>\n\n\n\n<div class=\"wp-block-columns is-layout-flex wp-container-core-columns-is-layout-28f84493 wp-block-columns-is-layout-flex\">\n<div class=\"wp-block-column is-layout-flow wp-block-column-is-layout-flow\">\n<figure class=\"wp-block-image size-full is-resized has-custom-border\"><a href=\"https:\/\/kellerdesign.de\/wp-content\/uploads\/2025\/05\/messebau-auf-der-control-2025-stuttgart-24m\u00b2.jpg\" target=\"_blank\" rel=\" noreferrer noopener\"><img loading=\"lazy\" decoding=\"async\" width=\"318\" height=\"300\" src=\"https:\/\/kellerdesign.de\/wp-content\/uploads\/2025\/05\/messebau-auf-der-control-2025-stuttgart-24m\u00b2.jpg\" alt=\"messebau-auf-der-control-2025-24m\u00b2\" class=\"wp-image-11986\" style=\"border-radius:10px;width:215px\" srcset=\"https:\/\/kellerdesign.de\/wp-content\/uploads\/2025\/05\/messebau-auf-der-control-2025-stuttgart-24m\u00b2.jpg 318w, https:\/\/kellerdesign.de\/wp-content\/uploads\/2025\/05\/messebau-auf-der-control-2025-stuttgart-24m\u00b2-300x283.jpg 300w\" sizes=\"auto, (max-width: 318px) 100vw, 318px\" \/><\/a><figcaption class=\"wp-element-caption\"><em><sup>Joh. Boss GmbH &amp; Co. KG, 24 m\u00b2<\/sup><\/em><\/figcaption><\/figure>\n<\/div>\n\n\n\n<div class=\"wp-block-column is-layout-flow wp-block-column-is-layout-flow\">\n<figure class=\"wp-block-image size-full is-resized has-custom-border\"><a href=\"https:\/\/kellerdesign.de\/wp-content\/uploads\/2025\/05\/messebau-auf-der-control-2025-stuttgart-12m\u00b2.jpg\" target=\"_blank\" rel=\" noreferrer noopener\"><img loading=\"lazy\" decoding=\"async\" width=\"403\" height=\"300\" src=\"https:\/\/kellerdesign.de\/wp-content\/uploads\/2025\/05\/messebau-auf-der-control-2025-stuttgart-12m\u00b2.jpg\" alt=\"messebau-auf-der-control-2025-12m\u00b2\" class=\"wp-image-11981\" style=\"border-radius:12px;width:270px\" srcset=\"https:\/\/kellerdesign.de\/wp-content\/uploads\/2025\/05\/messebau-auf-der-control-2025-stuttgart-12m\u00b2.jpg 403w, https:\/\/kellerdesign.de\/wp-content\/uploads\/2025\/05\/messebau-auf-der-control-2025-stuttgart-12m\u00b2-300x223.jpg 300w\" sizes=\"auto, (max-width: 403px) 100vw, 403px\" \/><\/a><figcaption class=\"wp-element-caption\"><em><sup>Deva Electronic Controls Ltd., 12 m\u00b2<\/sup><\/em><\/figcaption><\/figure>\n<\/div>\n<\/div>\n\n\n\n<div style=\"height:100px\" aria-hidden=\"true\" class=\"wp-block-spacer\"><\/div>\n\n\n\n<h6 class=\"wp-block-heading\"><em><a href=\"https:\/\/www.control-messe.de\/\" target=\"_blank\" rel=\"noreferrer noopener\">Messebau auf der Control 2025 in Stuttgart<\/a><\/em><\/h6>\n","protected":false},"excerpt":{"rendered":"<p>Messebau auf der Control 2025 in Stuttgart &#8211; Individuelle Messest\u00e4nde f\u00fcr maximale Wirkung. Die Control 2025 in Stuttgart ist die internationale Leitmesse f\u00fcr Qualit\u00e4tssicherung. Vom 6. bis 9. Mai dreht sich alles um innovative Technologien, Verfahren und Systeml\u00f6sungen zur industriellen Qualit\u00e4tssicherung \u2013 in Theorie und Praxis. Als erfahrene Experten f\u00fcr Messebau auf der Control 2025 [&hellip;]<\/p>\n","protected":false},"author":1,"featured_media":0,"comment_status":"closed","ping_status":"open","sticky":false,"template":"","format":"standard","meta":{"_coblocks_attr":"","_coblocks_dimensions":"","_coblocks_responsive_height":"","_coblocks_accordion_ie_support":"","site-sidebar-layout":"default","site-content-layout":"","ast-site-content-layout":"default","site-content-style":"default","site-sidebar-style":"default","ast-global-header-display":"","ast-banner-title-visibility":"","ast-main-header-display":"","ast-hfb-above-header-display":"","ast-hfb-below-header-display":"","ast-hfb-mobile-header-display":"","site-post-title":"","ast-breadcrumbs-content":"","ast-featured-img":"","footer-sml-layout":"","ast-disable-related-posts":"","theme-transparent-header-meta":"","adv-header-id-meta":"","stick-header-meta":"","header-above-stick-meta":"","header-main-stick-meta":"","header-below-stick-meta":"","astra-migrate-meta-layouts":"set","ast-page-background-enabled":"default","ast-page-background-meta":{"desktop":{"background-color":"","background-image":"","background-repeat":"repeat","background-position":"center center","background-size":"auto","background-attachment":"scroll","background-type":"","background-media":"","overlay-type":"","overlay-color":"","overlay-opacity":"","overlay-gradient":""},"tablet":{"background-color":"","background-image":"","background-repeat":"repeat","background-position":"center center","background-size":"auto","background-attachment":"scroll","background-type":"","background-media":"","overlay-type":"","overlay-color":"","overlay-opacity":"","overlay-gradient":""},"mobile":{"background-color":"","background-image":"","background-repeat":"repeat","background-position":"center center","background-size":"auto","background-attachment":"scroll","background-type":"","background-media":"","overlay-type":"","overlay-color":"","overlay-opacity":"","overlay-gradient":""}},"ast-content-background-meta":{"desktop":{"background-color":"var(--ast-global-color-5)","background-image":"","background-repeat":"repeat","background-position":"center center","background-size":"auto","background-attachment":"scroll","background-type":"","background-media":"","overlay-type":"","overlay-color":"","overlay-opacity":"","overlay-gradient":""},"tablet":{"background-color":"var(--ast-global-color-5)","background-image":"","background-repeat":"repeat","background-position":"center center","background-size":"auto","background-attachment":"scroll","background-type":"","background-media":"","overlay-type":"","overlay-color":"","overlay-opacity":"","overlay-gradient":""},"mobile":{"background-color":"var(--ast-global-color-5)","background-image":"","background-repeat":"repeat","background-position":"center center","background-size":"auto","background-attachment":"scroll","background-type":"","background-media":"","overlay-type":"","overlay-color":"","overlay-opacity":"","overlay-gradient":""}},"_jetpack_memberships_contains_paid_content":false,"footnotes":""},"categories":[45],"tags":[458,73,142,40,411,282,184,51,447,308,46,444,434],"class_list":["post-11888","post","type-post","status-publish","format-standard","hentry","category-messestaende-mit-charakter","tag-control-stuttgart","tag-messe","tag-messe-stuttgart","tag-messebau","tag-messebau-2025","tag-messebau-stuttgart","tag-messelogistik","tag-messestand","tag-messestandbau","tag-messestandort-stuttgart","tag-standbau","tag-standbau-2025","tag-top-messe-stuttgart"],"jetpack_featured_media_url":"","jetpack_sharing_enabled":true,"_links":{"self":[{"href":"https:\/\/kellerdesign.de\/index.php\/wp-json\/wp\/v2\/posts\/11888","targetHints":{"allow":["GET"]}}],"collection":[{"href":"https:\/\/kellerdesign.de\/index.php\/wp-json\/wp\/v2\/posts"}],"about":[{"href":"https:\/\/kellerdesign.de\/index.php\/wp-json\/wp\/v2\/types\/post"}],"author":[{"embeddable":true,"href":"https:\/\/kellerdesign.de\/index.php\/wp-json\/wp\/v2\/users\/1"}],"replies":[{"embeddable":true,"href":"https:\/\/kellerdesign.de\/index.php\/wp-json\/wp\/v2\/comments?post=11888"}],"version-history":[{"count":48,"href":"https:\/\/kellerdesign.de\/index.php\/wp-json\/wp\/v2\/posts\/11888\/revisions"}],"predecessor-version":[{"id":13809,"href":"https:\/\/kellerdesign.de\/index.php\/wp-json\/wp\/v2\/posts\/11888\/revisions\/13809"}],"wp:attachment":[{"href":"https:\/\/kellerdesign.de\/index.php\/wp-json\/wp\/v2\/media?parent=11888"}],"wp:term":[{"taxonomy":"category","embeddable":true,"href":"https:\/\/kellerdesign.de\/index.php\/wp-json\/wp\/v2\/categories?post=11888"},{"taxonomy":"post_tag","embeddable":true,"href":"https:\/\/kellerdesign.de\/index.php\/wp-json\/wp\/v2\/tags?post=11888"}],"curies":[{"name":"wp","href":"https:\/\/api.w.org\/{rel}","templated":true}]}}