{"id":11914,"date":"2025-05-09T11:27:05","date_gmt":"2025-05-09T09:27:05","guid":{"rendered":"https:\/\/kellerdesign.de\/?p=11914"},"modified":"2025-05-14T13:57:19","modified_gmt":"2025-05-14T11:57:19","slug":"power2drive-messebau","status":"publish","type":"post","link":"https:\/\/kellerdesign.de\/index.php\/2025\/05\/09\/power2drive-messebau\/","title":{"rendered":"Power2Drive Messebau f\u00fcr AST International GmbH"},"content":{"rendered":"\n<p class=\"has-text-color has-link-color wp-elements-6262b9a9c3f05cf28ed6bf6ccb8595c0\" style=\"color:#555556\">Power2Drive Messebau in M\u00fcnchen vom 7. \u2013 09. Mai 2025 <br><br><strong>Konzept &amp; Design:<\/strong> <br>Hasenmaile Unternehmenspr\u00e4sentation <br><strong>Ausf\u00fchrung:<\/strong> <br>Keller Design \u2013 Messen &amp; Events &#8211; GmbH <br><br>Power2Drive Messebau bedeutet f\u00fcr uns: intelligente Standgestaltung, hochwertige Umsetzung und nachhaltiger Eindruck. Auf der Power2Drive Europe in M\u00fcnchen, der f\u00fchrenden Fachmesse f\u00fcr Elektromobilit\u00e4t und Ladeinfrastruktur, haben wir gemeinsam mit unserem Partner Hasenmaile Unternehmenspr\u00e4sentation den Messestand der AST (Advanced Sensor Technologies) International GmbH realisiert. <br><br>Die Agentur Hasenmaile entwickelte ein durchdachtes, modernes Standkonzept, das wir mit unserem <br>Know-how im Messebau <a href=\"https:\/\/kellerdesign.de\/index.php\/2024\/09\/10\/erfolgreicher-messebau\/\" target=\"_blank\" rel=\"noreferrer noopener\"><img loading=\"lazy\" decoding=\"async\" width=\"12\" height=\"12\" class=\"wp-image-11501\" style=\"width: 12px;\" src=\"https:\/\/kellerdesign.de\/wp-content\/uploads\/2025\/02\/link-symbol.png\" alt=\"verlinkung-keller-design\" srcset=\"https:\/\/kellerdesign.de\/wp-content\/uploads\/2025\/02\/link-symbol.png 300w, https:\/\/kellerdesign.de\/wp-content\/uploads\/2025\/02\/link-symbol-150x150.png 150w\" sizes=\"auto, (max-width: 12px) 100vw, 12px\" \/><\/a> umgesetzt haben. Das Ergebnis: ein offener, 36 m\u00b2 gro\u00dfer Messestand mit Power2Drive Fokus, ausgestattet mit:<\/p>\n\n\n\n<ul class=\"wp-block-list\">\n<li>in Firmenfarben gestalteten, gro\u00dfformatigen Motivbannern<br><\/li>\n\n\n\n<li>integrierten Monitoren f\u00fcr dynamische Produktpr\u00e4sentationen<br><\/li>\n\n\n\n<li>Turmbannern mit starker Fernwirkung<br><\/li>\n\n\n\n<li>einer zentralen Theke, Besprechungstischen und Vitrinen<\/li>\n<\/ul>\n\n\n\n<p>Das Zusammenspiel aus Design und Funktion \u00fcberzeugte nicht nur unseren Kunden, sondern auch die Besucher auf der Power2Drive Europe in M\u00fcnchen.<\/p>\n\n\n\n<p class=\"has-text-color has-link-color wp-elements-2a0ac3669bd1709f15c433f24e92e085\" style=\"color:#555556\">Vielen Dank an <a href=\"https:\/\/www.ast-international.com\/\" target=\"_blank\" rel=\"noreferrer noopener\">AST International GmbH<\/a> <a href=\"https:\/\/www.ast-international.com\/\" target=\"_blank\" rel=\"noopener\"><img loading=\"lazy\" decoding=\"async\" width=\"12\" height=\"12\" class=\"wp-image-11501\" style=\"width: 12px;\" src=\"https:\/\/kellerdesign.de\/wp-content\/uploads\/2025\/02\/link-symbol.png\" alt=\"verlinkung-keller-design\" srcset=\"https:\/\/kellerdesign.de\/wp-content\/uploads\/2025\/02\/link-symbol.png 300w, https:\/\/kellerdesign.de\/wp-content\/uploads\/2025\/02\/link-symbol-150x150.png 150w\" sizes=\"auto, (max-width: 12px) 100vw, 12px\" \/><\/a><a href=\"https:\/\/www.ast-international.com\/\" target=\"_blank\" rel=\"noreferrer noopener\"> <\/a>und nat\u00fcrlich die <a href=\"https:\/\/www.hasenmaile.de\/\" target=\"_blank\" rel=\"noreferrer noopener\">Agentur Hasenmaile<\/a> <a href=\"https:\/\/www.hasenmaile.de\/\" target=\"_blank\" rel=\"noreferrer noopener\"><img loading=\"lazy\" decoding=\"async\" width=\"12\" height=\"12\" class=\"wp-image-11501\" style=\"width: 12px;\" src=\"https:\/\/kellerdesign.de\/wp-content\/uploads\/2025\/02\/link-symbol.png\" alt=\"verlinkung-keller-design\" srcset=\"https:\/\/kellerdesign.de\/wp-content\/uploads\/2025\/02\/link-symbol.png 300w, https:\/\/kellerdesign.de\/wp-content\/uploads\/2025\/02\/link-symbol-150x150.png 150w\" sizes=\"auto, (max-width: 12px) 100vw, 12px\" \/> <\/a> f\u00fcr die vertrauensvolle Zusammenarbeit.<\/p>\n\n\n\n<div style=\"height:25px\" aria-hidden=\"true\" class=\"wp-block-spacer\"><\/div>\n\n\n\n<div class=\"wp-block-columns is-layout-flex wp-container-core-columns-is-layout-28f84493 wp-block-columns-is-layout-flex\">\n<div class=\"wp-block-column is-layout-flow wp-block-column-is-layout-flow\">\n<figure class=\"wp-block-image size-full is-resized has-custom-border\"><a href=\"https:\/\/kellerdesign.de\/wp-content\/uploads\/2025\/05\/power2drive-messebau-36m\u00b2.jpg\" target=\"_blank\" rel=\" noreferrer noopener\"><img loading=\"lazy\" decoding=\"async\" width=\"412\" height=\"300\" src=\"https:\/\/kellerdesign.de\/wp-content\/uploads\/2025\/05\/power2drive-messebau-36m\u00b2.jpg\" alt=\"power2drive-messebau-36m\u00b2-muenchen\" class=\"wp-image-11968\" style=\"border-radius:12px;width:310px\" srcset=\"https:\/\/kellerdesign.de\/wp-content\/uploads\/2025\/05\/power2drive-messebau-36m\u00b2.jpg 412w, https:\/\/kellerdesign.de\/wp-content\/uploads\/2025\/05\/power2drive-messebau-36m\u00b2-300x218.jpg 300w\" sizes=\"auto, (max-width: 412px) 100vw, 412px\" \/><\/a><\/figure>\n<\/div>\n\n\n\n<div class=\"wp-block-column is-layout-flow wp-block-column-is-layout-flow\">\n<figure class=\"wp-block-image size-full is-resized has-custom-border\"><a href=\"https:\/\/kellerdesign.de\/wp-content\/uploads\/2025\/05\/power2drive-messebau-muenchen-36m\u00b2.jpg\" target=\"_blank\" rel=\" noreferrer noopener\"><img loading=\"lazy\" decoding=\"async\" width=\"412\" height=\"300\" src=\"https:\/\/kellerdesign.de\/wp-content\/uploads\/2025\/05\/power2drive-messebau-muenchen-36m\u00b2.jpg\" alt=\"power2drive-messebau-36m\u00b2-standbau\" class=\"wp-image-11969\" style=\"border-radius:12px;width:310px\" srcset=\"https:\/\/kellerdesign.de\/wp-content\/uploads\/2025\/05\/power2drive-messebau-muenchen-36m\u00b2.jpg 412w, https:\/\/kellerdesign.de\/wp-content\/uploads\/2025\/05\/power2drive-messebau-muenchen-36m\u00b2-300x218.jpg 300w\" sizes=\"auto, (max-width: 412px) 100vw, 412px\" \/><\/a><\/figure>\n<\/div>\n<\/div>\n\n\n\n<div style=\"height:100px\" aria-hidden=\"true\" class=\"wp-block-spacer\"><\/div>\n\n\n\n<h6 class=\"wp-block-heading\"><em><a href=\"https:\/\/www.powertodrive.de\/start\" target=\"_blank\" rel=\"noopener\">Power2Drive Messebau in M\u00fcnchen<\/a><\/em><\/h6>\n","protected":false},"excerpt":{"rendered":"<p>Power2Drive Messebau in M\u00fcnchen vom 7. \u2013 09. Mai 2025 Konzept &amp; Design: Hasenmaile Unternehmenspr\u00e4sentation Ausf\u00fchrung: Keller Design \u2013 Messen &amp; Events &#8211; GmbH Power2Drive Messebau bedeutet f\u00fcr uns: intelligente Standgestaltung, hochwertige Umsetzung und nachhaltiger Eindruck. Auf der Power2Drive Europe in M\u00fcnchen, der f\u00fchrenden Fachmesse f\u00fcr Elektromobilit\u00e4t und Ladeinfrastruktur, haben wir gemeinsam mit unserem Partner [&hellip;]<\/p>\n","protected":false},"author":1,"featured_media":0,"comment_status":"closed","ping_status":"open","sticky":false,"template":"","format":"standard","meta":{"_coblocks_attr":"","_coblocks_dimensions":"","_coblocks_responsive_height":"","_coblocks_accordion_ie_support":"","site-sidebar-layout":"default","site-content-layout":"","ast-site-content-layout":"default","site-content-style":"default","site-sidebar-style":"default","ast-global-header-display":"","ast-banner-title-visibility":"","ast-main-header-display":"","ast-hfb-above-header-display":"","ast-hfb-below-header-display":"","ast-hfb-mobile-header-display":"","site-post-title":"","ast-breadcrumbs-content":"","ast-featured-img":"","footer-sml-layout":"","ast-disable-related-posts":"","theme-transparent-header-meta":"","adv-header-id-meta":"","stick-header-meta":"","header-above-stick-meta":"","header-main-stick-meta":"","header-below-stick-meta":"","astra-migrate-meta-layouts":"set","ast-page-background-enabled":"default","ast-page-background-meta":{"desktop":{"background-color":"","background-image":"","background-repeat":"repeat","background-position":"center center","background-size":"auto","background-attachment":"scroll","background-type":"","background-media":"","overlay-type":"","overlay-color":"","overlay-opacity":"","overlay-gradient":""},"tablet":{"background-color":"","background-image":"","background-repeat":"repeat","background-position":"center center","background-size":"auto","background-attachment":"scroll","background-type":"","background-media":"","overlay-type":"","overlay-color":"","overlay-opacity":"","overlay-gradient":""},"mobile":{"background-color":"","background-image":"","background-repeat":"repeat","background-position":"center center","background-size":"auto","background-attachment":"scroll","background-type":"","background-media":"","overlay-type":"","overlay-color":"","overlay-opacity":"","overlay-gradient":""}},"ast-content-background-meta":{"desktop":{"background-color":"var(--ast-global-color-5)","background-image":"","background-repeat":"repeat","background-position":"center center","background-size":"auto","background-attachment":"scroll","background-type":"","background-media":"","overlay-type":"","overlay-color":"","overlay-opacity":"","overlay-gradient":""},"tablet":{"background-color":"var(--ast-global-color-5)","background-image":"","background-repeat":"repeat","background-position":"center center","background-size":"auto","background-attachment":"scroll","background-type":"","background-media":"","overlay-type":"","overlay-color":"","overlay-opacity":"","overlay-gradient":""},"mobile":{"background-color":"var(--ast-global-color-5)","background-image":"","background-repeat":"repeat","background-position":"center center","background-size":"auto","background-attachment":"scroll","background-type":"","background-media":"","overlay-type":"","overlay-color":"","overlay-opacity":"","overlay-gradient":""}},"_jetpack_memberships_contains_paid_content":false,"footnotes":""},"categories":[45],"tags":[73,119,47,40,411,184,51,447,46,444,343,386],"class_list":["post-11914","post","type-post","status-publish","format-standard","hentry","category-messestaende-mit-charakter","tag-messe","tag-messe-muenchen","tag-messebanner","tag-messebau","tag-messebau-2025","tag-messelogistik","tag-messestand","tag-messestandbau","tag-standbau","tag-standbau-2025","tag-top-messe","tag-top-messe-muenchen"],"jetpack_featured_media_url":"","jetpack_sharing_enabled":true,"_links":{"self":[{"href":"https:\/\/kellerdesign.de\/index.php\/wp-json\/wp\/v2\/posts\/11914","targetHints":{"allow":["GET"]}}],"collection":[{"href":"https:\/\/kellerdesign.de\/index.php\/wp-json\/wp\/v2\/posts"}],"about":[{"href":"https:\/\/kellerdesign.de\/index.php\/wp-json\/wp\/v2\/types\/post"}],"author":[{"embeddable":true,"href":"https:\/\/kellerdesign.de\/index.php\/wp-json\/wp\/v2\/users\/1"}],"replies":[{"embeddable":true,"href":"https:\/\/kellerdesign.de\/index.php\/wp-json\/wp\/v2\/comments?post=11914"}],"version-history":[{"count":17,"href":"https:\/\/kellerdesign.de\/index.php\/wp-json\/wp\/v2\/posts\/11914\/revisions"}],"predecessor-version":[{"id":12037,"href":"https:\/\/kellerdesign.de\/index.php\/wp-json\/wp\/v2\/posts\/11914\/revisions\/12037"}],"wp:attachment":[{"href":"https:\/\/kellerdesign.de\/index.php\/wp-json\/wp\/v2\/media?parent=11914"}],"wp:term":[{"taxonomy":"category","embeddable":true,"href":"https:\/\/kellerdesign.de\/index.php\/wp-json\/wp\/v2\/categories?post=11914"},{"taxonomy":"post_tag","embeddable":true,"href":"https:\/\/kellerdesign.de\/index.php\/wp-json\/wp\/v2\/tags?post=11914"}],"curies":[{"name":"wp","href":"https:\/\/api.w.org\/{rel}","templated":true}]}}