{"id":12005,"date":"2025-05-13T10:29:10","date_gmt":"2025-05-13T08:29:10","guid":{"rendered":"https:\/\/kellerdesign.de\/?p=12005"},"modified":"2025-11-25T09:52:23","modified_gmt":"2025-11-25T08:52:23","slug":"standbau-sps-2025","status":"publish","type":"post","link":"https:\/\/kellerdesign.de\/index.php\/2025\/05\/13\/standbau-sps-2025\/","title":{"rendered":"Standbau SPS 2025 in Italien"},"content":{"rendered":"\n<p class=\"has-text-color has-link-color wp-elements-f5fe21d0b31b569dc1e85707b54b697e\" style=\"color:#555555\">Professioneller Standbau SPS 2025 in Italien, Parma \u2013 13. bis 15 Mai <br><br><strong>Kooperation:<\/strong> <br>Werbeagentur Regelmann GmbH &amp; Co. KG <br><strong>Projektierung:<\/strong> <br>Regelmann und Keller Design <br><strong>Ausf\u00fchrung:<\/strong> <br>Keller Design \u2013 Messen &amp; Events \u2013 GmbH<br><br>Die SPS 2025 Italia ist eine bedeutende Fachmesse f\u00fcr industrielle Automatisierung, die j\u00e4hrlich in Parma stattfindet. Sie bietet eine ideale Plattform f\u00fcr Aussteller und Fachbesucher aus aller Welt, um sich \u00fcber aktuelle Entwicklungen und zuk\u00fcnftige Trends in der Automatisierungsbranche zu informieren.<br><br>Im Rahmen des Standbaus f\u00fcr die SPS 2025 haben wir gemeinsam mit unserem Kooperationspartner, <br>der Werbeagentur <strong><a href=\"https:\/\/www.regelmann.de\/\" target=\"_blank\" rel=\"noreferrer noopener\">Regelmann GmbH &amp; Co. KG<\/a><\/strong> aus Pforzheim, erneut einen gelungenen Messeauftritt <br>f\u00fcr die Firma <strong><a href=\"https:\/\/www.faulhaber.com\/de\/\" target=\"_blank\" rel=\"noreferrer noopener\">Fritz Faulhaber GmbH &amp; Co. KG<\/a><\/strong> realisiert. <br><br>Das bew\u00e4hrte Standkonzept <a href=\"https:\/\/kellerdesign.de\/index.php\/2024\/06\/03\/auslandsmesse-sps-2024\/\" target=\"_blank\" rel=\"noreferrer noopener\"><img loading=\"lazy\" decoding=\"async\" width=\"12\" height=\"12\" class=\"wp-image-11501\" style=\"width: 12px;\" src=\"https:\/\/kellerdesign.de\/wp-content\/uploads\/2025\/02\/link-symbol.png\" alt=\"verlinkung-keller-design\" srcset=\"https:\/\/kellerdesign.de\/wp-content\/uploads\/2025\/02\/link-symbol.png 300w, https:\/\/kellerdesign.de\/wp-content\/uploads\/2025\/02\/link-symbol-150x150.png 150w\" sizes=\"auto, (max-width: 12px) 100vw, 12px\" \/><\/a> wurde speziell f\u00fcr die SPS 2025 auf eine Standfl\u00e4che von 40 m\u00b2 angepasst. Besonders hervorzuheben sind die hinterleuchteten Motivbanner sowie die Riggbanner im Mehrschichtdruckverfahren, die eindrucksvolle Lichtakzente setzen und eine starke Fernwirkung erzielen. <br><br>Einen weiteren Stand haben wir f\u00fcr die<strong> <a href=\"https:\/\/www.schneeberger.com\/de\/de\/\" target=\"_blank\" rel=\"noreferrer noopener\">SCHNEEBERGER GmbH<\/a><\/strong> realisiert &#8211; dieses Mal einen 24 m\u00b2 gro\u00dfen Messestand. Das Standkonzept mit Bannern und Acryl-Logos wurde in Italien erfolgreich in Szene gesetzt. <br><br>Wir bedanken uns herzlich f\u00fcr die gute Zusammenarbeit.<\/p>\n\n\n\n<div style=\"height:25px\" aria-hidden=\"true\" class=\"wp-block-spacer\"><\/div>\n\n\n\n<div class=\"wp-block-columns is-layout-flex wp-container-core-columns-is-layout-28f84493 wp-block-columns-is-layout-flex\">\n<div class=\"wp-block-column is-layout-flow wp-block-column-is-layout-flow\">\n<figure class=\"wp-block-image size-full is-resized has-custom-border\"><a href=\"https:\/\/kellerdesign.de\/wp-content\/uploads\/2025\/05\/standbau-sps-2025-40m\u00b2-messebau.jpg\" target=\"_blank\" rel=\" noreferrer noopener\"><img loading=\"lazy\" decoding=\"async\" width=\"300\" height=\"415\" src=\"https:\/\/kellerdesign.de\/wp-content\/uploads\/2025\/05\/standbau-sps-2025-40m\u00b2-messebau.jpg\" alt=\"standbau-sps-2025-40m\u00b2-messestand\" class=\"wp-image-12001\" style=\"border-radius:10px;width:155px\" srcset=\"https:\/\/kellerdesign.de\/wp-content\/uploads\/2025\/05\/standbau-sps-2025-40m\u00b2-messebau.jpg 300w, https:\/\/kellerdesign.de\/wp-content\/uploads\/2025\/05\/standbau-sps-2025-40m\u00b2-messebau-217x300.jpg 217w\" sizes=\"auto, (max-width: 300px) 100vw, 300px\" \/><\/a><\/figure>\n<\/div>\n\n\n\n<div class=\"wp-block-column is-layout-flow wp-block-column-is-layout-flow\">\n<figure class=\"wp-block-image size-full is-resized has-custom-border\"><a href=\"https:\/\/kellerdesign.de\/wp-content\/uploads\/2025\/05\/standbau-sps-2025-messestand-40m\u00b2.jpg\" target=\"_blank\" rel=\" noreferrer noopener\"><img loading=\"lazy\" decoding=\"async\" width=\"300\" height=\"415\" src=\"https:\/\/kellerdesign.de\/wp-content\/uploads\/2025\/05\/standbau-sps-2025-messestand-40m\u00b2.jpg\" alt=\"standbau-sps-2025-40m\u00b2-messebau\" class=\"wp-image-12003\" style=\"border-radius:10px;width:155px\" srcset=\"https:\/\/kellerdesign.de\/wp-content\/uploads\/2025\/05\/standbau-sps-2025-messestand-40m\u00b2.jpg 300w, https:\/\/kellerdesign.de\/wp-content\/uploads\/2025\/05\/standbau-sps-2025-messestand-40m\u00b2-217x300.jpg 217w\" sizes=\"auto, (max-width: 300px) 100vw, 300px\" \/><\/a><\/figure>\n<\/div>\n\n\n\n<div class=\"wp-block-column is-layout-flow wp-block-column-is-layout-flow\">\n<figure class=\"wp-block-image size-full is-resized has-custom-border\"><a href=\"https:\/\/kellerdesign.de\/wp-content\/uploads\/2025\/05\/standbau-sps-2025-messebau-24m\u00b2.jpg\" target=\"_blank\" rel=\" noreferrer noopener\"><img loading=\"lazy\" decoding=\"async\" width=\"300\" height=\"415\" src=\"https:\/\/kellerdesign.de\/wp-content\/uploads\/2025\/05\/standbau-sps-2025-messebau-24m\u00b2.jpg\" alt=\"standbau-sps-2025-24m\u00b2-messebau\" class=\"wp-image-12002\" style=\"border-radius:10px;width:155px\" srcset=\"https:\/\/kellerdesign.de\/wp-content\/uploads\/2025\/05\/standbau-sps-2025-messebau-24m\u00b2.jpg 300w, https:\/\/kellerdesign.de\/wp-content\/uploads\/2025\/05\/standbau-sps-2025-messebau-24m\u00b2-217x300.jpg 217w\" sizes=\"auto, (max-width: 300px) 100vw, 300px\" \/><\/a><\/figure>\n<\/div>\n\n\n\n<div class=\"wp-block-column is-layout-flow wp-block-column-is-layout-flow\">\n<figure class=\"wp-block-image size-full is-resized has-custom-border\"><a href=\"https:\/\/kellerdesign.de\/wp-content\/uploads\/2025\/05\/standbau-sps-2025-24m\u00b2-messebau.jpg\" target=\"_blank\" rel=\" noreferrer noopener\"><img loading=\"lazy\" decoding=\"async\" width=\"300\" height=\"415\" src=\"https:\/\/kellerdesign.de\/wp-content\/uploads\/2025\/05\/standbau-sps-2025-24m\u00b2-messebau.jpg\" alt=\"standbau-sps-2025-messestand-24m\u00b2\" class=\"wp-image-12000\" style=\"border-radius:10px;width:155px\" srcset=\"https:\/\/kellerdesign.de\/wp-content\/uploads\/2025\/05\/standbau-sps-2025-24m\u00b2-messebau.jpg 300w, https:\/\/kellerdesign.de\/wp-content\/uploads\/2025\/05\/standbau-sps-2025-24m\u00b2-messebau-217x300.jpg 217w\" sizes=\"auto, (max-width: 300px) 100vw, 300px\" \/><\/a><\/figure>\n<\/div>\n<\/div>\n\n\n\n<div class=\"wp-block-columns is-layout-flex wp-container-core-columns-is-layout-28f84493 wp-block-columns-is-layout-flex\">\n<div class=\"wp-block-column is-layout-flow wp-block-column-is-layout-flow\">\n<p><em><sup>Fritz Faulhaber GmbH &amp; Co. KG, 40 m\u00b2<\/sup><\/em><\/p>\n<\/div>\n\n\n\n<div class=\"wp-block-column is-layout-flow wp-block-column-is-layout-flow\">\n<p><em><sup>SCHNEEBERGER GmbH, 24 m\u00b2<\/sup><\/em><\/p>\n<\/div>\n<\/div>\n\n\n\n<div style=\"height:100px\" aria-hidden=\"true\" class=\"wp-block-spacer\"><\/div>\n\n\n\n<h6 class=\"wp-block-heading\"><em><a href=\"https:\/\/www.spsitalia.it\/en\/home\" target=\"_blank\" rel=\"noreferrer noopener\">Standbau SPS 2025 in Parma, Italien<\/a><\/em><\/h6>\n","protected":false},"excerpt":{"rendered":"<p>Professioneller Standbau SPS 2025 in Italien, Parma \u2013 13. bis 15 Mai Kooperation: Werbeagentur Regelmann GmbH &amp; Co. KG Projektierung: Regelmann und Keller Design Ausf\u00fchrung: Keller Design \u2013 Messen &amp; Events \u2013 GmbH Die SPS 2025 Italia ist eine bedeutende Fachmesse f\u00fcr industrielle Automatisierung, die j\u00e4hrlich in Parma stattfindet. Sie bietet eine ideale Plattform f\u00fcr [&hellip;]<\/p>\n","protected":false},"author":1,"featured_media":0,"comment_status":"closed","ping_status":"open","sticky":false,"template":"","format":"standard","meta":{"_coblocks_attr":"","_coblocks_dimensions":"","_coblocks_responsive_height":"","_coblocks_accordion_ie_support":"","site-sidebar-layout":"default","site-content-layout":"","ast-site-content-layout":"default","site-content-style":"default","site-sidebar-style":"default","ast-global-header-display":"","ast-banner-title-visibility":"","ast-main-header-display":"","ast-hfb-above-header-display":"","ast-hfb-below-header-display":"","ast-hfb-mobile-header-display":"","site-post-title":"","ast-breadcrumbs-content":"","ast-featured-img":"","footer-sml-layout":"","ast-disable-related-posts":"","theme-transparent-header-meta":"","adv-header-id-meta":"","stick-header-meta":"","header-above-stick-meta":"","header-main-stick-meta":"","header-below-stick-meta":"","astra-migrate-meta-layouts":"set","ast-page-background-enabled":"default","ast-page-background-meta":{"desktop":{"background-color":"","background-image":"","background-repeat":"repeat","background-position":"center center","background-size":"auto","background-attachment":"scroll","background-type":"","background-media":"","overlay-type":"","overlay-color":"","overlay-opacity":"","overlay-gradient":""},"tablet":{"background-color":"","background-image":"","background-repeat":"repeat","background-position":"center center","background-size":"auto","background-attachment":"scroll","background-type":"","background-media":"","overlay-type":"","overlay-color":"","overlay-opacity":"","overlay-gradient":""},"mobile":{"background-color":"","background-image":"","background-repeat":"repeat","background-position":"center center","background-size":"auto","background-attachment":"scroll","background-type":"","background-media":"","overlay-type":"","overlay-color":"","overlay-opacity":"","overlay-gradient":""}},"ast-content-background-meta":{"desktop":{"background-color":"var(--ast-global-color-5)","background-image":"","background-repeat":"repeat","background-position":"center center","background-size":"auto","background-attachment":"scroll","background-type":"","background-media":"","overlay-type":"","overlay-color":"","overlay-opacity":"","overlay-gradient":""},"tablet":{"background-color":"var(--ast-global-color-5)","background-image":"","background-repeat":"repeat","background-position":"center center","background-size":"auto","background-attachment":"scroll","background-type":"","background-media":"","overlay-type":"","overlay-color":"","overlay-opacity":"","overlay-gradient":""},"mobile":{"background-color":"var(--ast-global-color-5)","background-image":"","background-repeat":"repeat","background-position":"center center","background-size":"auto","background-attachment":"scroll","background-type":"","background-media":"","overlay-type":"","overlay-color":"","overlay-opacity":"","overlay-gradient":""}},"_jetpack_memberships_contains_paid_content":false,"footnotes":""},"categories":[45],"tags":[284,23,73,47,40,411,61,159,184,51,46,444],"class_list":["post-12005","post","type-post","status-publish","format-standard","hentry","category-messestaende-mit-charakter","tag-auslandmesse","tag-ausstattung","tag-messe","tag-messebanner","tag-messebau","tag-messebau-2025","tag-messebeschriftung","tag-messegrafik","tag-messelogistik","tag-messestand","tag-standbau","tag-standbau-2025"],"jetpack_featured_media_url":"","jetpack_sharing_enabled":true,"_links":{"self":[{"href":"https:\/\/kellerdesign.de\/index.php\/wp-json\/wp\/v2\/posts\/12005","targetHints":{"allow":["GET"]}}],"collection":[{"href":"https:\/\/kellerdesign.de\/index.php\/wp-json\/wp\/v2\/posts"}],"about":[{"href":"https:\/\/kellerdesign.de\/index.php\/wp-json\/wp\/v2\/types\/post"}],"author":[{"embeddable":true,"href":"https:\/\/kellerdesign.de\/index.php\/wp-json\/wp\/v2\/users\/1"}],"replies":[{"embeddable":true,"href":"https:\/\/kellerdesign.de\/index.php\/wp-json\/wp\/v2\/comments?post=12005"}],"version-history":[{"count":16,"href":"https:\/\/kellerdesign.de\/index.php\/wp-json\/wp\/v2\/posts\/12005\/revisions"}],"predecessor-version":[{"id":13808,"href":"https:\/\/kellerdesign.de\/index.php\/wp-json\/wp\/v2\/posts\/12005\/revisions\/13808"}],"wp:attachment":[{"href":"https:\/\/kellerdesign.de\/index.php\/wp-json\/wp\/v2\/media?parent=12005"}],"wp:term":[{"taxonomy":"category","embeddable":true,"href":"https:\/\/kellerdesign.de\/index.php\/wp-json\/wp\/v2\/categories?post=12005"},{"taxonomy":"post_tag","embeddable":true,"href":"https:\/\/kellerdesign.de\/index.php\/wp-json\/wp\/v2\/tags?post=12005"}],"curies":[{"name":"wp","href":"https:\/\/api.w.org\/{rel}","templated":true}]}}