{"id":12029,"date":"2025-06-16T09:40:16","date_gmt":"2025-06-16T07:40:16","guid":{"rendered":"https:\/\/kellerdesign.de\/?p=12029"},"modified":"2025-06-16T09:41:29","modified_gmt":"2025-06-16T07:41:29","slug":"evs38-messebau-in-goeteborg","status":"publish","type":"post","link":"https:\/\/kellerdesign.de\/index.php\/2025\/06\/16\/evs38-messebau-in-goeteborg\/","title":{"rendered":"EVS38 Messebau in G\u00f6teborg"},"content":{"rendered":"\n<p class=\"has-text-color has-link-color wp-elements-b0973f76d6074b34e667f7b2d6273c8d\" style=\"color:#555555\">Messestand f\u00fcr AST International GmbH auf der EVS38 Messebau in G\u00f6teborg<br><br><strong>Konzept &amp; Design:<\/strong> <br>Hasenmaile Unternehmenspr\u00e4sentation <br><strong>Ausf\u00fchrung:<\/strong> <br>Keller Design \u2013 Messen &amp; Events &#8211; GmbH <br><br>Die 38. International Electric Vehicle Symposium &amp; Exhibition (EVS38) findet vom 15. bis 18. Juni 2025 im Swedish Exhibition &amp; Congress Centre in G\u00f6teborg, Schweden, statt. G\u00f6teborg gilt als f\u00fchrendes Zentrum <br>f\u00fcr Elektromobilit\u00e4t in Europa und ist Gastgeber einer der weltweit wichtigsten Fachmessen f\u00fcr Elektrofahrzeuge und nachhaltige Mobilit\u00e4t. <br><br>F\u00fcr die <strong><a href=\"https:\/\/www.ast-international.com\/\" target=\"_blank\" rel=\"noreferrer noopener\">AST International GmbH<\/a><\/strong> realisierten wir in Zusammenarbeit mit der <strong><a href=\"https:\/\/www.hasenmaile.de\/\" target=\"_blank\" rel=\"noreferrer noopener\">Agentur Hasenmaile<\/a><\/strong> <br>einen hochwertigen Messestand auf der EVS38. Basierend auf einem ausgereiften Standkonzept <a href=\"https:\/\/kellerdesign.de\/index.php\/2025\/05\/09\/power2drive-messebau\/\" target=\"_blank\" rel=\"noreferrer noopener\"><img loading=\"lazy\" decoding=\"async\" width=\"12\" height=\"12\" class=\"wp-image-11501\" style=\"width: 12px;\" src=\"https:\/\/kellerdesign.de\/wp-content\/uploads\/2025\/02\/link-symbol.png\" alt=\"verlinkung-keller-design\" srcset=\"https:\/\/kellerdesign.de\/wp-content\/uploads\/2025\/02\/link-symbol.png 300w, https:\/\/kellerdesign.de\/wp-content\/uploads\/2025\/02\/link-symbol-150x150.png 150w\" sizes=\"auto, (max-width: 12px) 100vw, 12px\" \/><\/a> <br>durch die Agentur Hasenmaile, setzten wir unsere Messebau-Expertise in G\u00f6teborg gezielt ein.<br><br>Das Ergebnis: ein moderner, offener Messestand auf 32 m\u00b2 Standfl\u00e4che.<\/p>\n\n\n\n<ul class=\"wp-block-list\">\n<li>Gro\u00dfformatige Motivbanner in den Firmenfarben f\u00fcr maximale Markenwirkung<br><\/li>\n\n\n\n<li>Integrierte Monitore zur dynamischen Produktpr\u00e4sentation<br><\/li>\n\n\n\n<li>Zentrale Empfangstheke, Besprechungstische und beleuchtete Vitrinen<br><\/li>\n<\/ul>\n\n\n\n<p class=\"has-text-color has-link-color wp-elements-7bc3238e8b4fe4cfe0d8cde3ae8c992e\" style=\"color:#555555\">Wir bedanken uns herzlich bei der Agentur Hasenmaile sowie bei der AST International GmbH f\u00fcr das Vertrauen und die gelungene Zusammenarbeit. <\/p>\n\n\n\n<div style=\"height:25px\" aria-hidden=\"true\" class=\"wp-block-spacer\"><\/div>\n\n\n\n<div class=\"wp-block-columns is-layout-flex wp-container-core-columns-is-layout-28f84493 wp-block-columns-is-layout-flex\">\n<div class=\"wp-block-column is-layout-flow wp-block-column-is-layout-flow\">\n<figure class=\"wp-block-image size-full has-custom-border\"><a href=\"https:\/\/kellerdesign.de\/wp-content\/uploads\/2025\/06\/EVS38-Messebau-in-schweden-32m\u00b2.jpg\" target=\"_blank\" rel=\" noreferrer noopener\"><img loading=\"lazy\" decoding=\"async\" width=\"750\" height=\"350\" src=\"https:\/\/kellerdesign.de\/wp-content\/uploads\/2025\/06\/EVS38-Messebau-in-schweden-32m\u00b2.jpg\" alt=\"EVS38-messebau-in-goeteborg-auslandsmesse\" class=\"wp-image-12383\" style=\"border-radius:10px\" srcset=\"https:\/\/kellerdesign.de\/wp-content\/uploads\/2025\/06\/EVS38-Messebau-in-schweden-32m\u00b2.jpg 750w, https:\/\/kellerdesign.de\/wp-content\/uploads\/2025\/06\/EVS38-Messebau-in-schweden-32m\u00b2-300x140.jpg 300w\" sizes=\"auto, (max-width: 750px) 100vw, 750px\" \/><\/a><\/figure>\n<\/div>\n\n\n\n<div class=\"wp-block-column is-layout-flow wp-block-column-is-layout-flow\">\n<figure class=\"wp-block-image size-full is-resized has-custom-border\"><a href=\"https:\/\/kellerdesign.de\/wp-content\/uploads\/2025\/06\/EVS38-messebau-keller-design-32m\u00b2.jpg\" target=\"_blank\" rel=\" noreferrer noopener\"><img loading=\"lazy\" decoding=\"async\" width=\"350\" height=\"350\" src=\"https:\/\/kellerdesign.de\/wp-content\/uploads\/2025\/06\/EVS38-messebau-keller-design-32m\u00b2.jpg\" alt=\"EVS38-messebau-in-goeteborg-32m\u00b2\" class=\"wp-image-12384\" style=\"border-radius:10px;width:172px;height:auto\" srcset=\"https:\/\/kellerdesign.de\/wp-content\/uploads\/2025\/06\/EVS38-messebau-keller-design-32m\u00b2.jpg 350w, https:\/\/kellerdesign.de\/wp-content\/uploads\/2025\/06\/EVS38-messebau-keller-design-32m\u00b2-300x300.jpg 300w, https:\/\/kellerdesign.de\/wp-content\/uploads\/2025\/06\/EVS38-messebau-keller-design-32m\u00b2-150x150.jpg 150w\" sizes=\"auto, (max-width: 350px) 100vw, 350px\" \/><\/a><\/figure>\n<\/div>\n<\/div>\n\n\n\n<div style=\"height:100px\" aria-hidden=\"true\" class=\"wp-block-spacer\"><\/div>\n\n\n\n<h6 class=\"wp-block-heading\"><em><a href=\"https:\/\/evs38.org\/\" target=\"_blank\" rel=\"noreferrer noopener\">EVS38 Messebau in G\u00f6teborg<\/a><\/em><\/h6>\n","protected":false},"excerpt":{"rendered":"<p>Messestand f\u00fcr AST International GmbH auf der EVS38 Messebau in G\u00f6teborg Konzept &amp; Design: Hasenmaile Unternehmenspr\u00e4sentation Ausf\u00fchrung: Keller Design \u2013 Messen &amp; Events &#8211; GmbH Die 38. International Electric Vehicle Symposium &amp; Exhibition (EVS38) findet vom 15. bis 18. Juni 2025 im Swedish Exhibition &amp; Congress Centre in G\u00f6teborg, Schweden, statt. G\u00f6teborg gilt als f\u00fchrendes [&hellip;]<\/p>\n","protected":false},"author":1,"featured_media":0,"comment_status":"closed","ping_status":"open","sticky":false,"template":"","format":"standard","meta":{"_coblocks_attr":"","_coblocks_dimensions":"","_coblocks_responsive_height":"","_coblocks_accordion_ie_support":"","site-sidebar-layout":"default","site-content-layout":"","ast-site-content-layout":"default","site-content-style":"default","site-sidebar-style":"default","ast-global-header-display":"","ast-banner-title-visibility":"","ast-main-header-display":"","ast-hfb-above-header-display":"","ast-hfb-below-header-display":"","ast-hfb-mobile-header-display":"","site-post-title":"","ast-breadcrumbs-content":"","ast-featured-img":"","footer-sml-layout":"","ast-disable-related-posts":"","theme-transparent-header-meta":"","adv-header-id-meta":"","stick-header-meta":"","header-above-stick-meta":"","header-main-stick-meta":"","header-below-stick-meta":"","astra-migrate-meta-layouts":"set","ast-page-background-enabled":"default","ast-page-background-meta":{"desktop":{"background-color":"","background-image":"","background-repeat":"repeat","background-position":"center center","background-size":"auto","background-attachment":"scroll","background-type":"","background-media":"","overlay-type":"","overlay-color":"","overlay-opacity":"","overlay-gradient":""},"tablet":{"background-color":"","background-image":"","background-repeat":"repeat","background-position":"center center","background-size":"auto","background-attachment":"scroll","background-type":"","background-media":"","overlay-type":"","overlay-color":"","overlay-opacity":"","overlay-gradient":""},"mobile":{"background-color":"","background-image":"","background-repeat":"repeat","background-position":"center center","background-size":"auto","background-attachment":"scroll","background-type":"","background-media":"","overlay-type":"","overlay-color":"","overlay-opacity":"","overlay-gradient":""}},"ast-content-background-meta":{"desktop":{"background-color":"var(--ast-global-color-5)","background-image":"","background-repeat":"repeat","background-position":"center center","background-size":"auto","background-attachment":"scroll","background-type":"","background-media":"","overlay-type":"","overlay-color":"","overlay-opacity":"","overlay-gradient":""},"tablet":{"background-color":"var(--ast-global-color-5)","background-image":"","background-repeat":"repeat","background-position":"center center","background-size":"auto","background-attachment":"scroll","background-type":"","background-media":"","overlay-type":"","overlay-color":"","overlay-opacity":"","overlay-gradient":""},"mobile":{"background-color":"var(--ast-global-color-5)","background-image":"","background-repeat":"repeat","background-position":"center center","background-size":"auto","background-attachment":"scroll","background-type":"","background-media":"","overlay-type":"","overlay-color":"","overlay-opacity":"","overlay-gradient":""}},"_jetpack_memberships_contains_paid_content":false,"footnotes":""},"categories":[45],"tags":[284,305,23,73,47,40,411,463,61,159,184,51,46,444],"class_list":["post-12029","post","type-post","status-publish","format-standard","hentry","category-messestaende-mit-charakter","tag-auslandmesse","tag-auslandsmesse","tag-ausstattung","tag-messe","tag-messebanner","tag-messebau","tag-messebau-2025","tag-messebau-schweden","tag-messebeschriftung","tag-messegrafik","tag-messelogistik","tag-messestand","tag-standbau","tag-standbau-2025"],"jetpack_featured_media_url":"","jetpack_sharing_enabled":true,"_links":{"self":[{"href":"https:\/\/kellerdesign.de\/index.php\/wp-json\/wp\/v2\/posts\/12029","targetHints":{"allow":["GET"]}}],"collection":[{"href":"https:\/\/kellerdesign.de\/index.php\/wp-json\/wp\/v2\/posts"}],"about":[{"href":"https:\/\/kellerdesign.de\/index.php\/wp-json\/wp\/v2\/types\/post"}],"author":[{"embeddable":true,"href":"https:\/\/kellerdesign.de\/index.php\/wp-json\/wp\/v2\/users\/1"}],"replies":[{"embeddable":true,"href":"https:\/\/kellerdesign.de\/index.php\/wp-json\/wp\/v2\/comments?post=12029"}],"version-history":[{"count":19,"href":"https:\/\/kellerdesign.de\/index.php\/wp-json\/wp\/v2\/posts\/12029\/revisions"}],"predecessor-version":[{"id":12394,"href":"https:\/\/kellerdesign.de\/index.php\/wp-json\/wp\/v2\/posts\/12029\/revisions\/12394"}],"wp:attachment":[{"href":"https:\/\/kellerdesign.de\/index.php\/wp-json\/wp\/v2\/media?parent=12029"}],"wp:term":[{"taxonomy":"category","embeddable":true,"href":"https:\/\/kellerdesign.de\/index.php\/wp-json\/wp\/v2\/categories?post=12029"},{"taxonomy":"post_tag","embeddable":true,"href":"https:\/\/kellerdesign.de\/index.php\/wp-json\/wp\/v2\/tags?post=12029"}],"curies":[{"name":"wp","href":"https:\/\/api.w.org\/{rel}","templated":true}]}}