{"id":12308,"date":"2025-07-01T15:55:07","date_gmt":"2025-07-01T13:55:07","guid":{"rendered":"https:\/\/kellerdesign.de\/?p=12308"},"modified":"2025-11-25T09:48:56","modified_gmt":"2025-11-25T08:48:56","slug":"automatica-2025-in-muenchen","status":"publish","type":"post","link":"https:\/\/kellerdesign.de\/index.php\/2025\/07\/01\/automatica-2025-in-muenchen\/","title":{"rendered":"Standbau Automatica 2025 in M\u00fcnchen"},"content":{"rendered":"\n<p class=\"has-text-color has-link-color wp-elements-c45753ec172e01e9a0c65b0f9a6ecea2\" style=\"color:#555555\">Professioneller Messebau f\u00fcr die Automatica 2025 in M\u00fcnchen \u2013 24. bis 27. Juni <br><br>Die Automatica 2025 in M\u00fcnchen ist die internationale Leitmesse f\u00fcr intelligente Automation und Robotik. <br>Sie bildet die gesamte Wertsch\u00f6pfungskette ab \u2013 von Komponenten \u00fcber Systeme und Dienstleistungen bis hin zu konkreten Applikationen. Damit ist sie eine zentrale Plattform f\u00fcr alle produzierenden Branchen. Besucher erhalten hier einen umfassenden \u00dcberblick \u00fcber aktuelle Trends und zukunftsweisende Innovationen \u2013 <br>ein wichtiger Kompass f\u00fcr Investitionen und technologische Weiterentwicklung. <br><br>F\u00fcr die <strong><a href=\"https:\/\/www.schneeberger.com\/de\/de\/\" target=\"_blank\" rel=\"noreferrer noopener\">SCHNEEBERGER GmbH<\/a><\/strong> haben wir auf der Automatica 2025 in M\u00fcnchen das bestehende <a href=\"https:\/\/kellerdesign.de\/index.php\/2025\/05\/08\/messebau-auf-der-control-2025\/\" target=\"_blank\" rel=\"noreferrer noopener\">Standkonzept <img loading=\"lazy\" decoding=\"async\" width=\"12\" height=\"12\" class=\"wp-image-11501\" style=\"width: 12px;\" src=\"https:\/\/kellerdesign.de\/wp-content\/uploads\/2025\/02\/link-symbol.png\" alt=\"verlinkung-keller-design\" srcset=\"https:\/\/kellerdesign.de\/wp-content\/uploads\/2025\/02\/link-symbol.png 300w, https:\/\/kellerdesign.de\/wp-content\/uploads\/2025\/02\/link-symbol-150x150.png 150w\" sizes=\"auto, (max-width: 12px) 100vw, 12px\" \/> <\/a>weiterverfolgt und auf einer Fl\u00e4che von insgesamt 42 m\u00b2 wirkungsvoll umgesetzt. <br>Das 5m-gro\u00dfe, wei\u00dfe 3D-Logo auf rotem Banner sorgte erneut f\u00fcr eine starke Fernwirkung und Markenpr\u00e4senz. Vier Produktpanels, eine moderne Theke, Produktpr\u00e4sentationen sowie zwei kompakte Sitzbereiche sorgten <br>f\u00fcr eine durchdachte und funktionale Raumaufteilung.<\/p>\n\n\n\n<div style=\"height:25px\" aria-hidden=\"true\" class=\"wp-block-spacer\"><\/div>\n\n\n\n<div class=\"wp-block-columns is-layout-flex wp-container-core-columns-is-layout-28f84493 wp-block-columns-is-layout-flex\">\n<div class=\"wp-block-column is-layout-flow wp-block-column-is-layout-flow\">\n<figure class=\"wp-block-image size-full is-resized has-custom-border\"><a href=\"https:\/\/kellerdesign.de\/wp-content\/uploads\/2025\/07\/standbau-automatica-42m\u00b2-muenchen.jpg\" target=\"_blank\" rel=\" noreferrer noopener\"><img loading=\"lazy\" decoding=\"async\" width=\"350\" height=\"400\" src=\"https:\/\/kellerdesign.de\/wp-content\/uploads\/2025\/07\/standbau-automatica-42m\u00b2-muenchen.jpg\" alt=\"standbau-automatica-muenchen-kellerdesign\" class=\"wp-image-12438\" style=\"border-radius:12px;width:215px\" srcset=\"https:\/\/kellerdesign.de\/wp-content\/uploads\/2025\/07\/standbau-automatica-42m\u00b2-muenchen.jpg 350w, https:\/\/kellerdesign.de\/wp-content\/uploads\/2025\/07\/standbau-automatica-42m\u00b2-muenchen-263x300.jpg 263w\" sizes=\"auto, (max-width: 350px) 100vw, 350px\" \/><\/a><\/figure>\n<\/div>\n\n\n\n<div class=\"wp-block-column is-layout-flow wp-block-column-is-layout-flow\">\n<figure class=\"wp-block-image size-full is-resized has-custom-border\"><a href=\"https:\/\/kellerdesign.de\/wp-content\/uploads\/2025\/07\/standbau-automatica-muenchen-42m\u00b2.jpg\" target=\"_blank\" rel=\" noreferrer noopener\"><img loading=\"lazy\" decoding=\"async\" width=\"350\" height=\"400\" src=\"https:\/\/kellerdesign.de\/wp-content\/uploads\/2025\/07\/standbau-automatica-muenchen-42m\u00b2.jpg\" alt=\"standbau-automatica-42m\u00b2-messebau-kellerdesign\" class=\"wp-image-12439\" style=\"border-radius:12px;width:215px\" srcset=\"https:\/\/kellerdesign.de\/wp-content\/uploads\/2025\/07\/standbau-automatica-muenchen-42m\u00b2.jpg 350w, https:\/\/kellerdesign.de\/wp-content\/uploads\/2025\/07\/standbau-automatica-muenchen-42m\u00b2-263x300.jpg 263w\" sizes=\"auto, (max-width: 350px) 100vw, 350px\" \/><\/a><\/figure>\n<\/div>\n\n\n\n<div class=\"wp-block-column is-layout-flow wp-block-column-is-layout-flow\"><\/div>\n<\/div>\n\n\n\n<div style=\"height:4px\" aria-hidden=\"true\" class=\"wp-block-spacer\"><\/div>\n\n\n\n<p><em><sup>Schneeberger GmbH, 42 m\u00b2<\/sup><\/em><\/p>\n\n\n\n<div style=\"height:30px\" aria-hidden=\"true\" class=\"wp-block-spacer\"><\/div>\n\n\n\n<p class=\"has-text-color has-link-color wp-elements-1cba70bbd541a49110081b02cb25be53\" style=\"color:#555555\"><br><br><br><strong>Kooperation:<\/strong><br>Werbeagentur Regelmann GmbH &amp; Co. KG<br><strong>Projektierung:<\/strong><br>Regelmann und Keller Design<br><strong>Ausf\u00fchrung:<\/strong><br>Keller Design \u2013 Messen &amp; Events \u2013 GmbH <br><br>Einen weiteren Messestand haben wir gemeinsam mit unserem Kooperationspartner, der Werbeagentur <strong><a href=\"https:\/\/www.regelmann.de\/\" target=\"_blank\" rel=\"noreferrer noopener\">Regelmann GmbH &amp; Co. KG<\/a><\/strong> aus Pforzheim, f\u00fcr die Firma <strong><a href=\"https:\/\/www.faulhaber.com\/de\/\" target=\"_blank\" rel=\"noreferrer noopener\">Fritz Faulhaber GmbH &amp; Co. KG<\/a><\/strong> realisiert. <br><br>Auf einer 30 m\u00b2 Standfl\u00e4che brachten wir den Auftritt der Fritz Faulhaber GmbH &amp; Co. KG erfolgreich zum \u201eLeuchten\u201c. Das bew\u00e4hrte Standkonzept mit gro\u00dfformatigen, LED-hinterleuchteten Rigg-Bannern, die in einem speziellen Mehrschichtverfahren produzierten wurden, durften dabei nat\u00fcrlich nicht fehlen. Ein gro\u00dffl\u00e4chiges LED-Leuchtbanner erhielt ebenfalls einen prominenten Platz. Erg\u00e4nzt wurde das Konzept durch attraktive Grafiken, die harmonisch an den lichtgrauen Standw\u00e4nden angebracht waren und den gelungenen Messeauftritt abrundeten. <br><br>Wir bedanken uns herzlich f\u00fcr die gute Zusammenarbeit.<br><br><\/p>\n\n\n\n<div style=\"height:25px\" aria-hidden=\"true\" class=\"wp-block-spacer\"><\/div>\n\n\n\n<div class=\"wp-block-columns is-layout-flex wp-container-core-columns-is-layout-28f84493 wp-block-columns-is-layout-flex\">\n<div class=\"wp-block-column is-layout-flow wp-block-column-is-layout-flow\">\n<div class=\"wp-block-columns is-layout-flex wp-container-core-columns-is-layout-28f84493 wp-block-columns-is-layout-flex\">\n<div class=\"wp-block-column is-layout-flow wp-block-column-is-layout-flow\">\n<figure class=\"wp-block-image size-full is-resized has-custom-border\"><a href=\"https:\/\/kellerdesign.de\/wp-content\/uploads\/2025\/07\/Standbau-Automatica-Muenchen-30m\u00b2.jpg\" target=\"_blank\" rel=\" noreferrer noopener\"><img loading=\"lazy\" decoding=\"async\" width=\"350\" height=\"400\" src=\"https:\/\/kellerdesign.de\/wp-content\/uploads\/2025\/07\/Standbau-Automatica-Muenchen-30m\u00b2.jpg\" alt=\"standbau-automatica-30m\u00b2-messebau-keller-design\" class=\"wp-image-12423\" style=\"border-radius:12px;width:215px\" srcset=\"https:\/\/kellerdesign.de\/wp-content\/uploads\/2025\/07\/Standbau-Automatica-Muenchen-30m\u00b2.jpg 350w, https:\/\/kellerdesign.de\/wp-content\/uploads\/2025\/07\/Standbau-Automatica-Muenchen-30m\u00b2-263x300.jpg 263w\" sizes=\"auto, (max-width: 350px) 100vw, 350px\" \/><\/a><\/figure>\n<\/div>\n\n\n\n<div class=\"wp-block-column is-layout-flow wp-block-column-is-layout-flow\">\n<figure class=\"wp-block-image size-full is-resized has-custom-border\"><a href=\"https:\/\/kellerdesign.de\/wp-content\/uploads\/2025\/07\/messebau-keller-design-atuomatica-30m\u00b2.jpg\" target=\"_blank\" rel=\" noreferrer noopener\"><img loading=\"lazy\" decoding=\"async\" width=\"350\" height=\"400\" src=\"https:\/\/kellerdesign.de\/wp-content\/uploads\/2025\/07\/messebau-keller-design-atuomatica-30m\u00b2.jpg\" alt=\"standbau-automatica-muenchen-30m\u00b2\" class=\"wp-image-12422\" style=\"border-radius:12px;width:215px\" srcset=\"https:\/\/kellerdesign.de\/wp-content\/uploads\/2025\/07\/messebau-keller-design-atuomatica-30m\u00b2.jpg 350w, https:\/\/kellerdesign.de\/wp-content\/uploads\/2025\/07\/messebau-keller-design-atuomatica-30m\u00b2-263x300.jpg 263w\" sizes=\"auto, (max-width: 350px) 100vw, 350px\" \/><\/a><\/figure>\n<\/div>\n\n\n\n<div class=\"wp-block-column is-layout-flow wp-block-column-is-layout-flow\"><\/div>\n<\/div>\n<\/div>\n<\/div>\n\n\n\n<div style=\"height:4px\" aria-hidden=\"true\" class=\"wp-block-spacer\"><\/div>\n\n\n\n<p><sup><em>Fritz Faulhaber GmbH &amp; Co. KG, 30 m\u00b2<\/em><\/sup><\/p>\n\n\n\n<div style=\"height:100px\" aria-hidden=\"true\" class=\"wp-block-spacer\"><\/div>\n\n\n\n<div class=\"wp-block-columns is-layout-flex wp-container-core-columns-is-layout-28f84493 wp-block-columns-is-layout-flex\">\n<div class=\"wp-block-column is-layout-flow wp-block-column-is-layout-flow\"><\/div>\n\n\n\n<div class=\"wp-block-column is-layout-flow wp-block-column-is-layout-flow\"><\/div>\n<\/div>\n\n\n\n<h6 class=\"wp-block-heading\"><em><a href=\"https:\/\/automatica-munich.com\/de\/\" target=\"_blank\" rel=\"noreferrer noopener\">Standbau Automatica 2025 in M\u00fcnchen<\/a><\/em><\/h6>\n","protected":false},"excerpt":{"rendered":"<p>Professioneller Messebau f\u00fcr die Automatica 2025 in M\u00fcnchen \u2013 24. bis 27. Juni Die Automatica 2025 in M\u00fcnchen ist die internationale Leitmesse f\u00fcr intelligente Automation und Robotik. Sie bildet die gesamte Wertsch\u00f6pfungskette ab \u2013 von Komponenten \u00fcber Systeme und Dienstleistungen bis hin zu konkreten Applikationen. Damit ist sie eine zentrale Plattform f\u00fcr alle produzierenden Branchen. [&hellip;]<\/p>\n","protected":false},"author":1,"featured_media":0,"comment_status":"closed","ping_status":"open","sticky":false,"template":"","format":"standard","meta":{"_coblocks_attr":"","_coblocks_dimensions":"","_coblocks_responsive_height":"","_coblocks_accordion_ie_support":"","site-sidebar-layout":"default","site-content-layout":"","ast-site-content-layout":"default","site-content-style":"default","site-sidebar-style":"default","ast-global-header-display":"","ast-banner-title-visibility":"","ast-main-header-display":"","ast-hfb-above-header-display":"","ast-hfb-below-header-display":"","ast-hfb-mobile-header-display":"","site-post-title":"","ast-breadcrumbs-content":"","ast-featured-img":"","footer-sml-layout":"","ast-disable-related-posts":"","theme-transparent-header-meta":"","adv-header-id-meta":"","stick-header-meta":"","header-above-stick-meta":"","header-main-stick-meta":"","header-below-stick-meta":"","astra-migrate-meta-layouts":"set","ast-page-background-enabled":"default","ast-page-background-meta":{"desktop":{"background-color":"","background-image":"","background-repeat":"repeat","background-position":"center center","background-size":"auto","background-attachment":"scroll","background-type":"","background-media":"","overlay-type":"","overlay-color":"","overlay-opacity":"","overlay-gradient":""},"tablet":{"background-color":"","background-image":"","background-repeat":"repeat","background-position":"center center","background-size":"auto","background-attachment":"scroll","background-type":"","background-media":"","overlay-type":"","overlay-color":"","overlay-opacity":"","overlay-gradient":""},"mobile":{"background-color":"","background-image":"","background-repeat":"repeat","background-position":"center center","background-size":"auto","background-attachment":"scroll","background-type":"","background-media":"","overlay-type":"","overlay-color":"","overlay-opacity":"","overlay-gradient":""}},"ast-content-background-meta":{"desktop":{"background-color":"var(--ast-global-color-5)","background-image":"","background-repeat":"repeat","background-position":"center center","background-size":"auto","background-attachment":"scroll","background-type":"","background-media":"","overlay-type":"","overlay-color":"","overlay-opacity":"","overlay-gradient":""},"tablet":{"background-color":"var(--ast-global-color-5)","background-image":"","background-repeat":"repeat","background-position":"center center","background-size":"auto","background-attachment":"scroll","background-type":"","background-media":"","overlay-type":"","overlay-color":"","overlay-opacity":"","overlay-gradient":""},"mobile":{"background-color":"var(--ast-global-color-5)","background-image":"","background-repeat":"repeat","background-position":"center center","background-size":"auto","background-attachment":"scroll","background-type":"","background-media":"","overlay-type":"","overlay-color":"","overlay-opacity":"","overlay-gradient":""}},"_jetpack_memberships_contains_paid_content":false,"footnotes":""},"categories":[45],"tags":[73,119,47,40,411,61,159,184,51,447,46,343,386],"class_list":["post-12308","post","type-post","status-publish","format-standard","hentry","category-messestaende-mit-charakter","tag-messe","tag-messe-muenchen","tag-messebanner","tag-messebau","tag-messebau-2025","tag-messebeschriftung","tag-messegrafik","tag-messelogistik","tag-messestand","tag-messestandbau","tag-standbau","tag-top-messe","tag-top-messe-muenchen"],"jetpack_featured_media_url":"","jetpack_sharing_enabled":true,"_links":{"self":[{"href":"https:\/\/kellerdesign.de\/index.php\/wp-json\/wp\/v2\/posts\/12308","targetHints":{"allow":["GET"]}}],"collection":[{"href":"https:\/\/kellerdesign.de\/index.php\/wp-json\/wp\/v2\/posts"}],"about":[{"href":"https:\/\/kellerdesign.de\/index.php\/wp-json\/wp\/v2\/types\/post"}],"author":[{"embeddable":true,"href":"https:\/\/kellerdesign.de\/index.php\/wp-json\/wp\/v2\/users\/1"}],"replies":[{"embeddable":true,"href":"https:\/\/kellerdesign.de\/index.php\/wp-json\/wp\/v2\/comments?post=12308"}],"version-history":[{"count":33,"href":"https:\/\/kellerdesign.de\/index.php\/wp-json\/wp\/v2\/posts\/12308\/revisions"}],"predecessor-version":[{"id":13805,"href":"https:\/\/kellerdesign.de\/index.php\/wp-json\/wp\/v2\/posts\/12308\/revisions\/13805"}],"wp:attachment":[{"href":"https:\/\/kellerdesign.de\/index.php\/wp-json\/wp\/v2\/media?parent=12308"}],"wp:term":[{"taxonomy":"category","embeddable":true,"href":"https:\/\/kellerdesign.de\/index.php\/wp-json\/wp\/v2\/categories?post=12308"},{"taxonomy":"post_tag","embeddable":true,"href":"https:\/\/kellerdesign.de\/index.php\/wp-json\/wp\/v2\/tags?post=12308"}],"curies":[{"name":"wp","href":"https:\/\/api.w.org\/{rel}","templated":true}]}}