{"id":12324,"date":"2025-07-04T10:00:00","date_gmt":"2025-07-04T08:00:00","guid":{"rendered":"https:\/\/kellerdesign.de\/?p=12324"},"modified":"2025-11-25T09:47:53","modified_gmt":"2025-11-25T08:47:53","slug":"laser-world-of-photonics-2025","status":"publish","type":"post","link":"https:\/\/kellerdesign.de\/index.php\/2025\/07\/04\/laser-world-of-photonics-2025\/","title":{"rendered":"Messebau Laser World of Photonics 2025 in M\u00fcnchen"},"content":{"rendered":"\n<p class=\"has-text-color has-link-color wp-elements-bb196756e089546f91c16f3ef9770a31\" style=\"color:#555555\">Professioneller Standbau auf der Laser World of Photonics 2025 in M\u00fcnchen \u2013 24. bis 27. Juni <br><br>Die Laser World of Photonics 2025 ist die weltweit f\u00fchrende Fachmesse f\u00fcr Laser- und Photoniktechnologien. Sie findet vom 24.\u201327. Juni 2025 parallel zur Automatica auf dem Messegel\u00e4nde in M\u00fcnchen statt und bringt internationale Fachbesucher und Aussteller zusammen. Die Messe bietet einen umfassenden \u00dcberblick \u00fcber aktuelle Entwicklungen, Innovationen und Anwendungen in der Photonik. Neben Produktneuheiten erwarten die Besucher spannende Workshops, Fachvortr\u00e4ge und zahlreiche Networking-M\u00f6glichkeiten. <br><br>F\u00fcr unseren Kunden, die <strong><a href=\"https:\/\/www.schneeberger.com\/de\/de\/\" target=\"_blank\" rel=\"noreferrer noopener\">SCHNEEBERGER GmbH<\/a><\/strong>, realisieren wir zeitgleich zur <a href=\"https:\/\/kellerdesign.de\/index.php\/2025\/07\/01\/automatica-2025-in-muenchen\/\" target=\"_blank\" rel=\"noreferrer noopener\">Automatica <img loading=\"lazy\" decoding=\"async\" width=\"12\" height=\"12\" class=\"wp-image-11501\" style=\"width: 12px;\" src=\"https:\/\/kellerdesign.de\/wp-content\/uploads\/2025\/02\/link-symbol.png\" alt=\"verlinkung-keller-design\" srcset=\"https:\/\/kellerdesign.de\/wp-content\/uploads\/2025\/02\/link-symbol.png 300w, https:\/\/kellerdesign.de\/wp-content\/uploads\/2025\/02\/link-symbol-150x150.png 150w\" sizes=\"auto, (max-width: 12px) 100vw, 12px\" \/><\/a> einen weiteren Messestand auf der Laser World of Photonics mit insgesamt 40 m\u00b2 Standfl\u00e4che. <br><br>Die Pr\u00e4sentationsfl\u00e4che wird effizient genutzt: <br>Eine Theke, eine geschlossene Kabine, drei gro\u00dfe Produktpanels, ein Podest sowie eine beleuchtete Vitrine sorgen f\u00fcr eine strukturierte, markenstarke Pr\u00e4sentation. Das wei\u00dfe 3D-Logo auf rotem Banner sorgt erneut <br>f\u00fcr eine starke Fernwirkung und klare Wiedererkennung. <br><br>Wir bedanken uns f\u00fcr das Vertrauen und f\u00fcr die sch\u00f6nen Auftr\u00e4ge.<\/p>\n\n\n\n<div style=\"height:25px\" aria-hidden=\"true\" class=\"wp-block-spacer\"><\/div>\n\n\n\n<figure class=\"wp-block-image size-full is-resized has-custom-border\"><a href=\"https:\/\/kellerdesign.de\/wp-content\/uploads\/2025\/07\/messebau-laser-muenchen-40m\u00b2.jpg\" target=\"_blank\" rel=\" noreferrer noopener\"><img loading=\"lazy\" decoding=\"async\" width=\"550\" height=\"340\" src=\"https:\/\/kellerdesign.de\/wp-content\/uploads\/2025\/07\/messebau-laser-muenchen-40m\u00b2.jpg\" alt=\"laser-world-of-photonics-2025-40m\u00b2\" class=\"wp-image-12444\" style=\"border-radius:12px;width:324px;height:auto\" srcset=\"https:\/\/kellerdesign.de\/wp-content\/uploads\/2025\/07\/messebau-laser-muenchen-40m\u00b2.jpg 550w, https:\/\/kellerdesign.de\/wp-content\/uploads\/2025\/07\/messebau-laser-muenchen-40m\u00b2-300x185.jpg 300w\" sizes=\"auto, (max-width: 550px) 100vw, 550px\" \/><\/a><\/figure>\n\n\n\n<div style=\"height:4px\" aria-hidden=\"true\" class=\"wp-block-spacer\"><\/div>\n\n\n\n<p><sup><em>Schneeberger GmbH, 40 m\u00b2<\/em><\/sup><\/p>\n\n\n\n<div style=\"height:100px\" aria-hidden=\"true\" class=\"wp-block-spacer\"><\/div>\n\n\n\n<h6 class=\"wp-block-heading\"><em><a href=\"https:\/\/world-of-photonics.com\/de\/\" target=\"_blank\" rel=\"noreferrer noopener\">Standbau Laser World of Photonics 2025 in M\u00fcnchen<\/a><\/em><\/h6>\n","protected":false},"excerpt":{"rendered":"<p>Professioneller Standbau auf der Laser World of Photonics 2025 in M\u00fcnchen \u2013 24. bis 27. Juni Die Laser World of Photonics 2025 ist die weltweit f\u00fchrende Fachmesse f\u00fcr Laser- und Photoniktechnologien. Sie findet vom 24.\u201327. Juni 2025 parallel zur Automatica auf dem Messegel\u00e4nde in M\u00fcnchen statt und bringt internationale Fachbesucher und Aussteller zusammen. Die Messe [&hellip;]<\/p>\n","protected":false},"author":1,"featured_media":0,"comment_status":"closed","ping_status":"open","sticky":false,"template":"","format":"standard","meta":{"_coblocks_attr":"","_coblocks_dimensions":"","_coblocks_responsive_height":"","_coblocks_accordion_ie_support":"","site-sidebar-layout":"default","site-content-layout":"","ast-site-content-layout":"default","site-content-style":"default","site-sidebar-style":"default","ast-global-header-display":"","ast-banner-title-visibility":"","ast-main-header-display":"","ast-hfb-above-header-display":"","ast-hfb-below-header-display":"","ast-hfb-mobile-header-display":"","site-post-title":"","ast-breadcrumbs-content":"","ast-featured-img":"","footer-sml-layout":"","ast-disable-related-posts":"","theme-transparent-header-meta":"","adv-header-id-meta":"","stick-header-meta":"","header-above-stick-meta":"","header-main-stick-meta":"","header-below-stick-meta":"","astra-migrate-meta-layouts":"set","ast-page-background-enabled":"default","ast-page-background-meta":{"desktop":{"background-color":"","background-image":"","background-repeat":"repeat","background-position":"center center","background-size":"auto","background-attachment":"scroll","background-type":"","background-media":"","overlay-type":"","overlay-color":"","overlay-opacity":"","overlay-gradient":""},"tablet":{"background-color":"","background-image":"","background-repeat":"repeat","background-position":"center center","background-size":"auto","background-attachment":"scroll","background-type":"","background-media":"","overlay-type":"","overlay-color":"","overlay-opacity":"","overlay-gradient":""},"mobile":{"background-color":"","background-image":"","background-repeat":"repeat","background-position":"center center","background-size":"auto","background-attachment":"scroll","background-type":"","background-media":"","overlay-type":"","overlay-color":"","overlay-opacity":"","overlay-gradient":""}},"ast-content-background-meta":{"desktop":{"background-color":"var(--ast-global-color-5)","background-image":"","background-repeat":"repeat","background-position":"center center","background-size":"auto","background-attachment":"scroll","background-type":"","background-media":"","overlay-type":"","overlay-color":"","overlay-opacity":"","overlay-gradient":""},"tablet":{"background-color":"var(--ast-global-color-5)","background-image":"","background-repeat":"repeat","background-position":"center center","background-size":"auto","background-attachment":"scroll","background-type":"","background-media":"","overlay-type":"","overlay-color":"","overlay-opacity":"","overlay-gradient":""},"mobile":{"background-color":"var(--ast-global-color-5)","background-image":"","background-repeat":"repeat","background-position":"center center","background-size":"auto","background-attachment":"scroll","background-type":"","background-media":"","overlay-type":"","overlay-color":"","overlay-opacity":"","overlay-gradient":""}},"_jetpack_memberships_contains_paid_content":false,"footnotes":""},"categories":[45],"tags":[73,119,47,40,411,323,61,184,51,447,46,343,386],"class_list":["post-12324","post","type-post","status-publish","format-standard","hentry","category-messestaende-mit-charakter","tag-messe","tag-messe-muenchen","tag-messebanner","tag-messebau","tag-messebau-2025","tag-messebau-muenchen","tag-messebeschriftung","tag-messelogistik","tag-messestand","tag-messestandbau","tag-standbau","tag-top-messe","tag-top-messe-muenchen"],"jetpack_featured_media_url":"","jetpack_sharing_enabled":true,"_links":{"self":[{"href":"https:\/\/kellerdesign.de\/index.php\/wp-json\/wp\/v2\/posts\/12324","targetHints":{"allow":["GET"]}}],"collection":[{"href":"https:\/\/kellerdesign.de\/index.php\/wp-json\/wp\/v2\/posts"}],"about":[{"href":"https:\/\/kellerdesign.de\/index.php\/wp-json\/wp\/v2\/types\/post"}],"author":[{"embeddable":true,"href":"https:\/\/kellerdesign.de\/index.php\/wp-json\/wp\/v2\/users\/1"}],"replies":[{"embeddable":true,"href":"https:\/\/kellerdesign.de\/index.php\/wp-json\/wp\/v2\/comments?post=12324"}],"version-history":[{"count":14,"href":"https:\/\/kellerdesign.de\/index.php\/wp-json\/wp\/v2\/posts\/12324\/revisions"}],"predecessor-version":[{"id":13804,"href":"https:\/\/kellerdesign.de\/index.php\/wp-json\/wp\/v2\/posts\/12324\/revisions\/13804"}],"wp:attachment":[{"href":"https:\/\/kellerdesign.de\/index.php\/wp-json\/wp\/v2\/media?parent=12324"}],"wp:term":[{"taxonomy":"category","embeddable":true,"href":"https:\/\/kellerdesign.de\/index.php\/wp-json\/wp\/v2\/categories?post=12324"},{"taxonomy":"post_tag","embeddable":true,"href":"https:\/\/kellerdesign.de\/index.php\/wp-json\/wp\/v2\/tags?post=12324"}],"curies":[{"name":"wp","href":"https:\/\/api.w.org\/{rel}","templated":true}]}}