{"id":12340,"date":"2025-07-07T10:00:00","date_gmt":"2025-07-07T08:00:00","guid":{"rendered":"https:\/\/kellerdesign.de\/?p=12340"},"modified":"2025-07-07T08:44:06","modified_gmt":"2025-07-07T06:44:06","slug":"full-service-messebau-events","status":"publish","type":"post","link":"https:\/\/kellerdesign.de\/index.php\/2025\/07\/07\/full-service-messebau-events\/","title":{"rendered":"Full-Service Messebau mit Zukunft &#8211; Keller Design erweitert Lagerfl\u00e4che am Standort Simmozheim"},"content":{"rendered":"\n<p class=\"has-text-color has-link-color wp-elements-4f9c71997214233f8dab161ffa798973\" style=\"color:#555555\">Full-Service Messebau &amp; Events im Nordschwarzwald und Gro\u00dfraum Stuttgart <br><br>F\u00fcr die Keller Design \u2013 Messen &amp; Events \u2013 GmbH, den erfahrenen Full-Service-Partner f\u00fcr <a href=\"https:\/\/kellerdesign.de\/index.php\/messestaende-kellerdesign\/messebau-galerie\/\" target=\"_blank\" rel=\"noreferrer noopener\">Messebau <img loading=\"lazy\" decoding=\"async\" width=\"12\" height=\"12\" class=\"wp-image-11501\" style=\"width: 12px;\" src=\"https:\/\/kellerdesign.de\/wp-content\/uploads\/2025\/02\/link-symbol.png\" alt=\"verlinkung-keller-design\" srcset=\"https:\/\/kellerdesign.de\/wp-content\/uploads\/2025\/02\/link-symbol.png 300w, https:\/\/kellerdesign.de\/wp-content\/uploads\/2025\/02\/link-symbol-150x150.png 150w\" sizes=\"auto, (max-width: 12px) 100vw, 12px\" \/> <\/a><br>und <a href=\"https:\/\/kellerdesign.de\/index.php\/events-full-service\/galerie-events-kellerdesign\/\" target=\"_blank\" rel=\"noreferrer noopener\">Eventservice <img loading=\"lazy\" decoding=\"async\" width=\"12\" height=\"12\" class=\"wp-image-11501\" style=\"width: 12px;\" src=\"https:\/\/kellerdesign.de\/wp-content\/uploads\/2025\/02\/link-symbol.png\" alt=\"verlinkung-keller-design\" srcset=\"https:\/\/kellerdesign.de\/wp-content\/uploads\/2025\/02\/link-symbol.png 300w, https:\/\/kellerdesign.de\/wp-content\/uploads\/2025\/02\/link-symbol-150x150.png 150w\" sizes=\"auto, (max-width: 12px) 100vw, 12px\" \/> <\/a>aus dem Nordschwarzwald, beginnt 2025 mit einem starken Signal: <br><strong>Ver\u00e4nderung, Wachstum und Investition<\/strong>. <br><br>Nach 25 Jahren am Firmenstandort in Simmozheim bei Calw entsteht derzeit ein aufw\u00e4ndiger Hallenbau <br>mit zus\u00e4tzlichen 300 m\u00b2 Lagerfl\u00e4che \u2013 f\u00fcr noch mehr Raum f\u00fcr Messest\u00e4nde, Eventmaterial und moderne Logistikl\u00f6sungen. <br><br><em>\u201eDas ist nun dringend n\u00f6tig<\/em>, <em>erkl\u00e4rt Rabea Swoboda<\/em>, Gesch\u00e4ftsf\u00fchrerin seit 2013. <br><em>\u201eMit dem Hallenbau schaffen wir mehr Logistikfl\u00e4che, um noch effektiver, flexibler und <\/em><br><em>ressourcenschonender arbeiten zu k\u00f6nnen \u2013 ganz im Sinne unserer Kunden.\u201c <\/em><br><br><strong>Erfolgreicher Messebauer aus S\u00fcddeutschland \u2013 mit Rundum-sorglos-Service <\/strong><br>Keller Design \u00fcberzeugt mit durchdachten L\u00f6sungen f\u00fcr Unternehmen jeder Gr\u00f6\u00dfe \u2013 vom individuellen Messestand bis zum kompletten Event. Das Rundum-sorglos-Paket beinhaltet einen eigenen Fuhrpark, <br>ein erfahrenes Montageteam, eine interne Grafikabteilung sowie umfassende Projektbetreuung \u2013 <br>vom ersten Entwurf bis zur schl\u00fcsselfertigen \u00dcbergabe. Viele Unternehmen aus ganz Deutschland <br>vertrauen bereits auf das Team von Keller Design \u2013 und das zahlt sich aus: <br><br><strong>Erfolgsbilanz 2024 \u2013 kreative Messest\u00e4nde, starke Events <\/strong><br>Im Jahr <a href=\"https:\/\/kellerdesign.de\/index.php\/2025\/01\/09\/messebau-2024\/\" target=\"_blank\" rel=\"noreferrer noopener\">2024 <img loading=\"lazy\" decoding=\"async\" width=\"12\" height=\"12\" class=\"wp-image-11501\" style=\"width: 12px;\" src=\"https:\/\/kellerdesign.de\/wp-content\/uploads\/2025\/02\/link-symbol.png\" alt=\"verlinkung-keller-design\" srcset=\"https:\/\/kellerdesign.de\/wp-content\/uploads\/2025\/02\/link-symbol.png 300w, https:\/\/kellerdesign.de\/wp-content\/uploads\/2025\/02\/link-symbol-150x150.png 150w\" sizes=\"auto, (max-width: 12px) 100vw, 12px\" \/> <\/a>wurden insgesamt 3.022 m\u00b2 Messestandfl\u00e4che realisiert \u2013 verteilt auf 59 individuelle Messest\u00e4nde an 19 verschiedenen Messepl\u00e4tzen in Deutschland. <br>Hinzu kamen rund 150 betreute Veranstaltungen. Jedes Projekt war ein Unikat \u2013 geplant, gestaltet <br>und umgesetzt mit viel Leidenschaft und Liebe zum Detail und dem Anspruch, Nachhaltigkeit, <br>Design und Funktionalit\u00e4t zu verbinden. <br><br><em>\u201eEs macht uns einfach Spa\u00df, beeindruckende Ergebnisse abzuliefern\u201c<\/em>,<em> so Rabea Swoboda.<\/em><br><em>\u201eUnd wir freuen uns darauf, mit dem neuen Hallenbau noch besser auf die W\u00fcnsche unserer Kunden <\/em><br><em>eingehen zu k\u00f6nnen.\u201c<\/em> <br><strong><br>Sie suchen einen Messebauer in Raum Stuttgart, Karlsruhe oder deutschlandweit? <\/strong><br>Keller Design ist Ihr starker Partner f\u00fcr kreativen Full-Service Messebau, individuelle Messest\u00e4nde, <br>nachhaltige Konzepte und reibungslose Umsetzung \u2013 seit \u00fcber 25 Jahren.<\/p>\n\n\n\n<div style=\"height:30px\" aria-hidden=\"true\" class=\"wp-block-spacer\"><\/div>\n\n\n\n<figure class=\"wp-block-image size-full is-resized has-custom-border has-lightbox\"><a href=\"https:\/\/kellerdesign.de\/wp-content\/uploads\/2025\/07\/IHK-Magazin-Juli-August-2025-Auszug-Verlagsspecial.pdf\" target=\"_blank\" rel=\" noreferrer noopener\"><img loading=\"lazy\" decoding=\"async\" width=\"700\" height=\"568\" src=\"https:\/\/kellerdesign.de\/wp-content\/uploads\/2025\/06\/full-service-messebau-keller-design-nordschwarzwald.jpg\" alt=\"full-service-messebau-keller-design\" class=\"wp-image-12339\" style=\"border-radius:10px;width:481px;height:auto\" srcset=\"https:\/\/kellerdesign.de\/wp-content\/uploads\/2025\/06\/full-service-messebau-keller-design-nordschwarzwald.jpg 700w, https:\/\/kellerdesign.de\/wp-content\/uploads\/2025\/06\/full-service-messebau-keller-design-nordschwarzwald-300x243.jpg 300w\" sizes=\"auto, (max-width: 700px) 100vw, 700px\" \/><\/a><\/figure>\n\n\n\n<div style=\"height:15px\" aria-hidden=\"true\" class=\"wp-block-spacer\"><\/div>\n\n\n\n<p><em><a href=\"https:\/\/www.ihk.de\/nordschwarzwald\/servicemarken\/wirtschaft\/ihk-magazin-nordschwarzwald-archiv\/aeltere-ausgaben-archiv\" target=\"_blank\" rel=\"noreferrer noopener\">IHK-Magazin Nordschwarzwald, Archiv<\/a><\/em><\/p>\n\n\n\n<div style=\"height:100px\" aria-hidden=\"true\" class=\"wp-block-spacer\"><\/div>\n\n\n\n<h6 class=\"wp-block-heading\"><em><a href=\"https:\/\/kellerdesign.de\/index.php\/2025\/04\/09\/2025-anbau-in-simmozheim\/\">Full-Service Messebau mit Zukunft.<\/a><\/em><\/h6>\n","protected":false},"excerpt":{"rendered":"<p>Full-Service Messebau &amp; Events im Nordschwarzwald und Gro\u00dfraum Stuttgart F\u00fcr die Keller Design \u2013 Messen &amp; Events \u2013 GmbH, den erfahrenen Full-Service-Partner f\u00fcr Messebau und Eventservice aus dem Nordschwarzwald, beginnt 2025 mit einem starken Signal: Ver\u00e4nderung, Wachstum und Investition. Nach 25 Jahren am Firmenstandort in Simmozheim bei Calw entsteht derzeit ein aufw\u00e4ndiger Hallenbau mit zus\u00e4tzlichen [&hellip;]<\/p>\n","protected":false},"author":1,"featured_media":0,"comment_status":"closed","ping_status":"open","sticky":false,"template":"","format":"standard","meta":{"_coblocks_attr":"","_coblocks_dimensions":"","_coblocks_responsive_height":"","_coblocks_accordion_ie_support":"","site-sidebar-layout":"default","site-content-layout":"","ast-site-content-layout":"default","site-content-style":"default","site-sidebar-style":"default","ast-global-header-display":"","ast-banner-title-visibility":"","ast-main-header-display":"","ast-hfb-above-header-display":"","ast-hfb-below-header-display":"","ast-hfb-mobile-header-display":"","site-post-title":"","ast-breadcrumbs-content":"","ast-featured-img":"","footer-sml-layout":"","ast-disable-related-posts":"","theme-transparent-header-meta":"","adv-header-id-meta":"","stick-header-meta":"","header-above-stick-meta":"","header-main-stick-meta":"","header-below-stick-meta":"","astra-migrate-meta-layouts":"set","ast-page-background-enabled":"default","ast-page-background-meta":{"desktop":{"background-color":"","background-image":"","background-repeat":"repeat","background-position":"center center","background-size":"auto","background-attachment":"scroll","background-type":"","background-media":"","overlay-type":"","overlay-color":"","overlay-opacity":"","overlay-gradient":""},"tablet":{"background-color":"","background-image":"","background-repeat":"repeat","background-position":"center center","background-size":"auto","background-attachment":"scroll","background-type":"","background-media":"","overlay-type":"","overlay-color":"","overlay-opacity":"","overlay-gradient":""},"mobile":{"background-color":"","background-image":"","background-repeat":"repeat","background-position":"center center","background-size":"auto","background-attachment":"scroll","background-type":"","background-media":"","overlay-type":"","overlay-color":"","overlay-opacity":"","overlay-gradient":""}},"ast-content-background-meta":{"desktop":{"background-color":"var(--ast-global-color-5)","background-image":"","background-repeat":"repeat","background-position":"center center","background-size":"auto","background-attachment":"scroll","background-type":"","background-media":"","overlay-type":"","overlay-color":"","overlay-opacity":"","overlay-gradient":""},"tablet":{"background-color":"var(--ast-global-color-5)","background-image":"","background-repeat":"repeat","background-position":"center center","background-size":"auto","background-attachment":"scroll","background-type":"","background-media":"","overlay-type":"","overlay-color":"","overlay-opacity":"","overlay-gradient":""},"mobile":{"background-color":"var(--ast-global-color-5)","background-image":"","background-repeat":"repeat","background-position":"center center","background-size":"auto","background-attachment":"scroll","background-type":"","background-media":"","overlay-type":"","overlay-color":"","overlay-opacity":"","overlay-gradient":""}},"_jetpack_memberships_contains_paid_content":false,"footnotes":""},"categories":[87],"tags":[302,469,468,474,439],"class_list":["post-12340","post","type-post","status-publish","format-standard","hentry","category-ueber-keller-design","tag-die-ideenschmiede-aus-dem-nordschwarzwald","tag-full-service-eventservice","tag-full-service-messebau","tag-grossraum-stuttgart","tag-lagererweiterung"],"jetpack_featured_media_url":"","jetpack_sharing_enabled":true,"_links":{"self":[{"href":"https:\/\/kellerdesign.de\/index.php\/wp-json\/wp\/v2\/posts\/12340","targetHints":{"allow":["GET"]}}],"collection":[{"href":"https:\/\/kellerdesign.de\/index.php\/wp-json\/wp\/v2\/posts"}],"about":[{"href":"https:\/\/kellerdesign.de\/index.php\/wp-json\/wp\/v2\/types\/post"}],"author":[{"embeddable":true,"href":"https:\/\/kellerdesign.de\/index.php\/wp-json\/wp\/v2\/users\/1"}],"replies":[{"embeddable":true,"href":"https:\/\/kellerdesign.de\/index.php\/wp-json\/wp\/v2\/comments?post=12340"}],"version-history":[{"count":48,"href":"https:\/\/kellerdesign.de\/index.php\/wp-json\/wp\/v2\/posts\/12340\/revisions"}],"predecessor-version":[{"id":12461,"href":"https:\/\/kellerdesign.de\/index.php\/wp-json\/wp\/v2\/posts\/12340\/revisions\/12461"}],"wp:attachment":[{"href":"https:\/\/kellerdesign.de\/index.php\/wp-json\/wp\/v2\/media?parent=12340"}],"wp:term":[{"taxonomy":"category","embeddable":true,"href":"https:\/\/kellerdesign.de\/index.php\/wp-json\/wp\/v2\/categories?post=12340"},{"taxonomy":"post_tag","embeddable":true,"href":"https:\/\/kellerdesign.de\/index.php\/wp-json\/wp\/v2\/tags?post=12340"}],"curies":[{"name":"wp","href":"https:\/\/api.w.org\/{rel}","templated":true}]}}