{"id":13073,"date":"2025-09-30T10:00:00","date_gmt":"2025-09-30T08:00:00","guid":{"rendered":"https:\/\/kellerdesign.de\/?p=13073"},"modified":"2025-09-26T10:00:36","modified_gmt":"2025-09-26T08:00:36","slug":"ilmac-basel-2025","status":"publish","type":"post","link":"https:\/\/kellerdesign.de\/index.php\/2025\/09\/30\/ilmac-basel-2025\/","title":{"rendered":"Messebau Schweiz: Messestand f\u00fcr die ILMAC Basel 2025"},"content":{"rendered":"\n<p class=\"has-text-color has-link-color wp-elements-bac686eeaddea53fb7eb51597a841a13\" style=\"color:#555555\">ILMAC Basel 2025 | 16. \u2013 18. September<br><br>Die ILMAC in Basel ist die f\u00fchrende Schweizer Fachmesse f\u00fcr Chemie und Life Sciences. Mit \u00fcber 400 <br>Ausstellern und rund 12.000 Fachbesuchern pr\u00e4sentiert die Messe alle zwei Jahre die neusten Trends in <br>Labor- und Prozesstechnologie, Biotech, Pharma und Analytik \u2013 inklusiven Fachvortr\u00e4gen, Start-up-Bereichen und Networking-Events. <br><br>Als erfahrener Partner f\u00fcr Messebau in der Schweiz haben wir zur ILMAC in Basel 2025 einen kompakten und individuell gestalteten Messestand f\u00fcr unseren langj\u00e4hrigen Kunden <strong><a href=\"https:\/\/www.berthold.com\/en\/\" target=\"_blank\" rel=\"noreferrer noopener\">Berthold Technologies GmbH &amp; Co. KG<\/a><\/strong> aus Bad Wildbad realisiert. <br><br>Mit diesem Projekt unterstreicht <a href=\"https:\/\/kellerdesign.de\/index.php\/messestaende-kellerdesign\/messebau-galerie\/\" target=\"_blank\" rel=\"noreferrer noopener\"><strong>Keller Design \u2013 Messen &amp; Events \u2013 GmbH<\/strong><\/a> erneut seine Kompetenz im Messebau und seine Vielseitigkeit f\u00fcr Messeauftritte in der Schweiz. <br><br>Wir bedanken uns f\u00fcr die Treue unseres Kunden und freuen uns auf weitere spannende Projekte auf nationalen und internationalen Messen. <br><br>Ihr n\u00e4chster Messeauftritt ist nur einen&nbsp;Klick entfernt.&nbsp;<a href=\"https:\/\/kellerdesign.de\/index.php\/kontakt-kellerdesign\/\" target=\"_blank\" rel=\"noreferrer noopener\"><img loading=\"lazy\" decoding=\"async\" width=\"13\" height=\"13\" class=\"wp-image-11501\" style=\"width: 13px;\" src=\"https:\/\/kellerdesign.de\/wp-content\/uploads\/2025\/02\/link-symbol.png\" alt=\"verlinkung-keller-design\" srcset=\"https:\/\/kellerdesign.de\/wp-content\/uploads\/2025\/02\/link-symbol.png 300w, https:\/\/kellerdesign.de\/wp-content\/uploads\/2025\/02\/link-symbol-150x150.png 150w\" sizes=\"auto, (max-width: 13px) 100vw, 13px\" \/><\/a> <br>Wir freuen uns auf Ihre Anfrage. <a href=\"info@kellerdesign.de\" data-type=\"link\" data-id=\"info@kellerdesign.de\" target=\"_blank\" rel=\"noreferrer noopener\"><img loading=\"lazy\" decoding=\"async\" width=\"26\" height=\"26\" class=\"wp-image-12492\" style=\"width: 26px;\" src=\"https:\/\/kellerdesign.de\/wp-content\/uploads\/2025\/07\/Email-Symbol.jpg\" alt=\"keller-design-email\"><\/a><\/p>\n\n\n\n<div style=\"height:25px\" aria-hidden=\"true\" class=\"wp-block-spacer\"><\/div>\n\n\n\n<figure class=\"wp-block-image size-full is-resized has-custom-border\"><a href=\"https:\/\/kellerdesign.de\/wp-content\/uploads\/2025\/09\/ilmac-basel-2025-messebau-kellerdesign.jpg\" target=\"_blank\" rel=\" noreferrer noopener\"><img loading=\"lazy\" decoding=\"async\" width=\"450\" height=\"412\" src=\"https:\/\/kellerdesign.de\/wp-content\/uploads\/2025\/09\/ilmac-basel-2025-messebau-kellerdesign.jpg\" alt=\"ilmac-basel-2025-messebau\" class=\"wp-image-13058\" style=\"border-radius:10px;width:287px;height:auto\" srcset=\"https:\/\/kellerdesign.de\/wp-content\/uploads\/2025\/09\/ilmac-basel-2025-messebau-kellerdesign.jpg 450w, https:\/\/kellerdesign.de\/wp-content\/uploads\/2025\/09\/ilmac-basel-2025-messebau-kellerdesign-300x275.jpg 300w\" sizes=\"auto, (max-width: 450px) 100vw, 450px\" \/><\/a><\/figure>\n\n\n\n<div style=\"height:100px\" aria-hidden=\"true\" class=\"wp-block-spacer\"><\/div>\n\n\n\n<h6 class=\"wp-block-heading\"><em><a href=\"https:\/\/www.ilmac.ch\/\" target=\"_blank\" rel=\"noreferrer noopener\">Messebau Schweiz: ILMAC Basel 2025<\/a><\/em><\/h6>\n","protected":false},"excerpt":{"rendered":"<p>ILMAC Basel 2025 | 16. \u2013 18. September Die ILMAC in Basel ist die f\u00fchrende Schweizer Fachmesse f\u00fcr Chemie und Life Sciences. Mit \u00fcber 400 Ausstellern und rund 12.000 Fachbesuchern pr\u00e4sentiert die Messe alle zwei Jahre die neusten Trends in Labor- und Prozesstechnologie, Biotech, Pharma und Analytik \u2013 inklusiven Fachvortr\u00e4gen, Start-up-Bereichen und Networking-Events. Als erfahrener [&hellip;]<\/p>\n","protected":false},"author":1,"featured_media":0,"comment_status":"closed","ping_status":"open","sticky":false,"template":"","format":"standard","meta":{"_coblocks_attr":"","_coblocks_dimensions":"","_coblocks_responsive_height":"","_coblocks_accordion_ie_support":"","site-sidebar-layout":"default","site-content-layout":"","ast-site-content-layout":"default","site-content-style":"default","site-sidebar-style":"default","ast-global-header-display":"","ast-banner-title-visibility":"","ast-main-header-display":"","ast-hfb-above-header-display":"","ast-hfb-below-header-display":"","ast-hfb-mobile-header-display":"","site-post-title":"","ast-breadcrumbs-content":"","ast-featured-img":"","footer-sml-layout":"","ast-disable-related-posts":"","theme-transparent-header-meta":"","adv-header-id-meta":"","stick-header-meta":"","header-above-stick-meta":"","header-main-stick-meta":"","header-below-stick-meta":"","astra-migrate-meta-layouts":"set","ast-page-background-enabled":"default","ast-page-background-meta":{"desktop":{"background-color":"","background-image":"","background-repeat":"repeat","background-position":"center center","background-size":"auto","background-attachment":"scroll","background-type":"","background-media":"","overlay-type":"","overlay-color":"","overlay-opacity":"","overlay-gradient":""},"tablet":{"background-color":"","background-image":"","background-repeat":"repeat","background-position":"center center","background-size":"auto","background-attachment":"scroll","background-type":"","background-media":"","overlay-type":"","overlay-color":"","overlay-opacity":"","overlay-gradient":""},"mobile":{"background-color":"","background-image":"","background-repeat":"repeat","background-position":"center center","background-size":"auto","background-attachment":"scroll","background-type":"","background-media":"","overlay-type":"","overlay-color":"","overlay-opacity":"","overlay-gradient":""}},"ast-content-background-meta":{"desktop":{"background-color":"var(--ast-global-color-5)","background-image":"","background-repeat":"repeat","background-position":"center center","background-size":"auto","background-attachment":"scroll","background-type":"","background-media":"","overlay-type":"","overlay-color":"","overlay-opacity":"","overlay-gradient":""},"tablet":{"background-color":"var(--ast-global-color-5)","background-image":"","background-repeat":"repeat","background-position":"center center","background-size":"auto","background-attachment":"scroll","background-type":"","background-media":"","overlay-type":"","overlay-color":"","overlay-opacity":"","overlay-gradient":""},"mobile":{"background-color":"var(--ast-global-color-5)","background-image":"","background-repeat":"repeat","background-position":"center center","background-size":"auto","background-attachment":"scroll","background-type":"","background-media":"","overlay-type":"","overlay-color":"","overlay-opacity":"","overlay-gradient":""}},"_jetpack_memberships_contains_paid_content":false,"footnotes":""},"categories":[45],"tags":[284,477,47,40,51,46],"class_list":["post-13073","post","type-post","status-publish","format-standard","hentry","category-messestaende-mit-charakter","tag-auslandmesse","tag-messe-basel","tag-messebanner","tag-messebau","tag-messestand","tag-standbau"],"jetpack_featured_media_url":"","jetpack_sharing_enabled":true,"_links":{"self":[{"href":"https:\/\/kellerdesign.de\/index.php\/wp-json\/wp\/v2\/posts\/13073","targetHints":{"allow":["GET"]}}],"collection":[{"href":"https:\/\/kellerdesign.de\/index.php\/wp-json\/wp\/v2\/posts"}],"about":[{"href":"https:\/\/kellerdesign.de\/index.php\/wp-json\/wp\/v2\/types\/post"}],"author":[{"embeddable":true,"href":"https:\/\/kellerdesign.de\/index.php\/wp-json\/wp\/v2\/users\/1"}],"replies":[{"embeddable":true,"href":"https:\/\/kellerdesign.de\/index.php\/wp-json\/wp\/v2\/comments?post=13073"}],"version-history":[{"count":15,"href":"https:\/\/kellerdesign.de\/index.php\/wp-json\/wp\/v2\/posts\/13073\/revisions"}],"predecessor-version":[{"id":13101,"href":"https:\/\/kellerdesign.de\/index.php\/wp-json\/wp\/v2\/posts\/13073\/revisions\/13101"}],"wp:attachment":[{"href":"https:\/\/kellerdesign.de\/index.php\/wp-json\/wp\/v2\/media?parent=13073"}],"wp:term":[{"taxonomy":"category","embeddable":true,"href":"https:\/\/kellerdesign.de\/index.php\/wp-json\/wp\/v2\/categories?post=13073"},{"taxonomy":"post_tag","embeddable":true,"href":"https:\/\/kellerdesign.de\/index.php\/wp-json\/wp\/v2\/tags?post=13073"}],"curies":[{"name":"wp","href":"https:\/\/api.w.org\/{rel}","templated":true}]}}