{"id":13194,"date":"2025-10-13T10:00:00","date_gmt":"2025-10-13T08:00:00","guid":{"rendered":"https:\/\/kellerdesign.de\/?p=13194"},"modified":"2025-10-15T08:32:13","modified_gmt":"2025-10-15T06:32:13","slug":"powtech-2025","status":"publish","type":"post","link":"https:\/\/kellerdesign.de\/index.php\/2025\/10\/13\/powtech-2025\/","title":{"rendered":"Messebau N\u00fcrnberg: Messestand f\u00fcr die POWTECH 2025"},"content":{"rendered":"\n<p class=\"has-text-color has-link-color wp-elements-f438d4629bbccc34bb5c86fc7b84e307\" style=\"color:#555555\">PowTech 2025 | Erfolgreiche Kooperation in N\u00fcrnberg <br><br><strong>Kooperation:<\/strong> Werbeagentur Regelmann GmbH &amp; Co. KG <br><strong>Projektierung:<\/strong> Regelmann &amp; Keller Design <br><strong>Ausf\u00fchrung:<\/strong> Keller Design \u2013 Messen &amp; Events \u2013 GmbH <br><br>Die POWTECH TECHNOPHARM in N\u00fcrnberg ist die internationale Leitmesse f\u00fcr Verfahrenstechnik, Sch\u00fcttgut und Pulvertechnologie \u2013 inklusive Fl\u00fcssigkeiten und pharmazeutischer Produktion. <br><br>F\u00fcr unseren gemeinsamen Kunden <strong><a href=\"https:\/\/www.notter.com\/index.html\" target=\"_blank\" rel=\"noreferrer noopener\">Notter GmbH<\/a><\/strong> aus \u00d6lbronn-D\u00fcrrn haben wir gemeinsam mit unserem Partner <strong><a href=\"https:\/\/www.regelmann.de\/\" target=\"_blank\" rel=\"noreferrer noopener\">Regelmann GmbH &amp; Co. KG<\/a><\/strong> die Planung, Gestaltung und Umsetzung des Messestandes \u00fcbernommen. <br>Auf einer Standfl\u00e4che von 32 m\u00b2 entstand ein klares, harmonisches Gesamtbild: <br><br><img loading=\"lazy\" decoding=\"async\" width=\"6\" height=\"6\" class=\"wp-image-12608\" style=\"width: 6px;\" src=\"https:\/\/kellerdesign.de\/wp-content\/uploads\/2025\/07\/aufzaehlung.jpg\" alt=\"keller-design-messen-events-nordschwarzwald\"> Wei\u00dfe Vorsatzplatten und zwei gro\u00dfformatige Motivbanner <br><br><img loading=\"lazy\" decoding=\"async\" width=\"6\" height=\"6\" class=\"wp-image-12608\" style=\"width: 6px;\" src=\"https:\/\/kellerdesign.de\/wp-content\/uploads\/2025\/07\/aufzaehlung.jpg\" alt=\"keller-design-messen-events-nordschwarzwald\"> Riggbanner mit Firmenlogos f\u00fcr eine starke Fernwirkung <br><br><img loading=\"lazy\" decoding=\"async\" width=\"6\" height=\"6\" class=\"wp-image-12608\" style=\"width: 6px;\" src=\"https:\/\/kellerdesign.de\/wp-content\/uploads\/2025\/07\/aufzaehlung.jpg\" alt=\"keller-design-messen-events-nordschwarzwald\"> Vitrinen mit LED-Monitoren f\u00fcr eine moderne Pr\u00e4sentation <br><br><img loading=\"lazy\" decoding=\"async\" width=\"6\" height=\"6\" class=\"wp-image-12608\" style=\"width: 6px;\" src=\"https:\/\/kellerdesign.de\/wp-content\/uploads\/2025\/07\/aufzaehlung.jpg\" alt=\"keller-design-messen-events-nordschwarzwald\"> Beschriftungen auf den Vorsatzplatten zur Markenst\u00e4rkung <br><br>So entstand ein professioneller Messestand, der eine perfekte Produkt- und Markenpr\u00e4sentation garantiert. <br><br>Vielen Dank f\u00fcr die Beauftragung und f\u00fcr die angenehme Zusammenarbeit.<\/p>\n\n\n\n<p class=\"has-text-color has-link-color wp-elements-315f9d1d5ab07d5d110922f4c5a18c87\" style=\"color:#555555\"><\/p>\n\n\n\n<div style=\"height:25px\" aria-hidden=\"true\" class=\"wp-block-spacer\"><\/div>\n\n\n\n<figure class=\"wp-block-image size-full is-resized has-custom-border\"><a href=\"https:\/\/kellerdesign.de\/wp-content\/uploads\/2025\/10\/POWTECH-2025-messebau-nuernberg-.jpg\" target=\"_blank\" rel=\" noreferrer noopener\"><img loading=\"lazy\" decoding=\"async\" width=\"400\" height=\"400\" src=\"https:\/\/kellerdesign.de\/wp-content\/uploads\/2025\/10\/POWTECH-2025-messebau-nuernberg-.jpg\" alt=\"powtech-2025-messebau-32m\u00b2\" class=\"wp-image-13201\" style=\"border-radius:10px;width:245px;height:auto\" srcset=\"https:\/\/kellerdesign.de\/wp-content\/uploads\/2025\/10\/POWTECH-2025-messebau-nuernberg-.jpg 400w, https:\/\/kellerdesign.de\/wp-content\/uploads\/2025\/10\/POWTECH-2025-messebau-nuernberg--300x300.jpg 300w, https:\/\/kellerdesign.de\/wp-content\/uploads\/2025\/10\/POWTECH-2025-messebau-nuernberg--150x150.jpg 150w\" sizes=\"auto, (max-width: 400px) 100vw, 400px\" \/><\/a><\/figure>\n\n\n\n<div style=\"height:100px\" aria-hidden=\"true\" class=\"wp-block-spacer\"><\/div>\n\n\n\n<h6 class=\"wp-block-heading\"><a href=\"https:\/\/www.powtech-technopharm.com\/de-DE\" target=\"_blank\" rel=\"noreferrer noopener\">POWTECH 2025: Messebau in M\u00fcnchen<\/a><\/h6>\n","protected":false},"excerpt":{"rendered":"<p>PowTech 2025 | Erfolgreiche Kooperation in N\u00fcrnberg Kooperation: Werbeagentur Regelmann GmbH &amp; Co. KG Projektierung: Regelmann &amp; Keller Design Ausf\u00fchrung: Keller Design \u2013 Messen &amp; Events \u2013 GmbH Die POWTECH TECHNOPHARM in N\u00fcrnberg ist die internationale Leitmesse f\u00fcr Verfahrenstechnik, Sch\u00fcttgut und Pulvertechnologie \u2013 inklusive Fl\u00fcssigkeiten und pharmazeutischer Produktion. F\u00fcr unseren gemeinsamen Kunden Notter GmbH aus [&hellip;]<\/p>\n","protected":false},"author":1,"featured_media":0,"comment_status":"closed","ping_status":"open","sticky":false,"template":"","format":"standard","meta":{"_coblocks_attr":"","_coblocks_dimensions":"","_coblocks_responsive_height":"","_coblocks_accordion_ie_support":"","site-sidebar-layout":"default","site-content-layout":"","ast-site-content-layout":"default","site-content-style":"default","site-sidebar-style":"default","ast-global-header-display":"","ast-banner-title-visibility":"","ast-main-header-display":"","ast-hfb-above-header-display":"","ast-hfb-below-header-display":"","ast-hfb-mobile-header-display":"","site-post-title":"","ast-breadcrumbs-content":"","ast-featured-img":"","footer-sml-layout":"","ast-disable-related-posts":"","theme-transparent-header-meta":"","adv-header-id-meta":"","stick-header-meta":"","header-above-stick-meta":"","header-main-stick-meta":"","header-below-stick-meta":"","astra-migrate-meta-layouts":"set","ast-page-background-enabled":"default","ast-page-background-meta":{"desktop":{"background-color":"","background-image":"","background-repeat":"repeat","background-position":"center center","background-size":"auto","background-attachment":"scroll","background-type":"","background-media":"","overlay-type":"","overlay-color":"","overlay-opacity":"","overlay-gradient":""},"tablet":{"background-color":"","background-image":"","background-repeat":"repeat","background-position":"center center","background-size":"auto","background-attachment":"scroll","background-type":"","background-media":"","overlay-type":"","overlay-color":"","overlay-opacity":"","overlay-gradient":""},"mobile":{"background-color":"","background-image":"","background-repeat":"repeat","background-position":"center center","background-size":"auto","background-attachment":"scroll","background-type":"","background-media":"","overlay-type":"","overlay-color":"","overlay-opacity":"","overlay-gradient":""}},"ast-content-background-meta":{"desktop":{"background-color":"var(--ast-global-color-5)","background-image":"","background-repeat":"repeat","background-position":"center center","background-size":"auto","background-attachment":"scroll","background-type":"","background-media":"","overlay-type":"","overlay-color":"","overlay-opacity":"","overlay-gradient":""},"tablet":{"background-color":"var(--ast-global-color-5)","background-image":"","background-repeat":"repeat","background-position":"center center","background-size":"auto","background-attachment":"scroll","background-type":"","background-media":"","overlay-type":"","overlay-color":"","overlay-opacity":"","overlay-gradient":""},"mobile":{"background-color":"var(--ast-global-color-5)","background-image":"","background-repeat":"repeat","background-position":"center center","background-size":"auto","background-attachment":"scroll","background-type":"","background-media":"","overlay-type":"","overlay-color":"","overlay-opacity":"","overlay-gradient":""}},"_jetpack_memberships_contains_paid_content":false,"footnotes":""},"categories":[45],"tags":[147,40,51,46,383],"class_list":["post-13194","post","type-post","status-publish","format-standard","hentry","category-messestaende-mit-charakter","tag-messe-nuernberg","tag-messebau","tag-messestand","tag-standbau","tag-top-messe-nuernberg"],"jetpack_featured_media_url":"","jetpack_sharing_enabled":true,"_links":{"self":[{"href":"https:\/\/kellerdesign.de\/index.php\/wp-json\/wp\/v2\/posts\/13194","targetHints":{"allow":["GET"]}}],"collection":[{"href":"https:\/\/kellerdesign.de\/index.php\/wp-json\/wp\/v2\/posts"}],"about":[{"href":"https:\/\/kellerdesign.de\/index.php\/wp-json\/wp\/v2\/types\/post"}],"author":[{"embeddable":true,"href":"https:\/\/kellerdesign.de\/index.php\/wp-json\/wp\/v2\/users\/1"}],"replies":[{"embeddable":true,"href":"https:\/\/kellerdesign.de\/index.php\/wp-json\/wp\/v2\/comments?post=13194"}],"version-history":[{"count":13,"href":"https:\/\/kellerdesign.de\/index.php\/wp-json\/wp\/v2\/posts\/13194\/revisions"}],"predecessor-version":[{"id":13290,"href":"https:\/\/kellerdesign.de\/index.php\/wp-json\/wp\/v2\/posts\/13194\/revisions\/13290"}],"wp:attachment":[{"href":"https:\/\/kellerdesign.de\/index.php\/wp-json\/wp\/v2\/media?parent=13194"}],"wp:term":[{"taxonomy":"category","embeddable":true,"href":"https:\/\/kellerdesign.de\/index.php\/wp-json\/wp\/v2\/categories?post=13194"},{"taxonomy":"post_tag","embeddable":true,"href":"https:\/\/kellerdesign.de\/index.php\/wp-json\/wp\/v2\/tags?post=13194"}],"curies":[{"name":"wp","href":"https:\/\/api.w.org\/{rel}","templated":true}]}}