{"id":13218,"date":"2025-10-22T08:53:15","date_gmt":"2025-10-22T06:53:15","guid":{"rendered":"https:\/\/kellerdesign.de\/?p=13218"},"modified":"2025-10-22T08:53:20","modified_gmt":"2025-10-22T06:53:20","slug":"blechexpo-stuttgart-2025","status":"publish","type":"post","link":"https:\/\/kellerdesign.de\/index.php\/2025\/10\/22\/blechexpo-stuttgart-2025\/","title":{"rendered":"Blechexpo Stuttgart 2025: 189 Quadratmeter Messebau auf 4 Kunden verteilt"},"content":{"rendered":"\n<p class=\"has-text-color has-link-color wp-elements-4712db1aa02a1bb12ba37982c7589857\" style=\"color:#555555\">Blechexpo Stuttgart 2025 | 21. \u2013 24. Oktober<br><br>Die Blechexpo in Stuttgart ist die internationale Fachmesse f\u00fcr Blechbearbeitung und z\u00e4hlt zu den <br>f\u00fchrenden Branchentreffs Europas. Sie pr\u00e4sentiert Innovationen in Trenn-, Umform-, F\u00fcge- und Oberfl\u00e4chentechnik entlang der gesamten Prozesskette. <br><br>Als erfahrener Partner f\u00fcr Messebau in Stuttgart \u2013 mit Standortn\u00e4he, kurzen Wegen und langj\u00e4hriger <br>Erfahrung \u2013 sind wir Ihr perfekter Ansprechpartner f\u00fcr erfolgreiche Messeauftritte.<br>Mit Kreativit\u00e4t, Effizienz und individuellen Konzepten realisieren wir ma\u00dfgeschneiderte Messest\u00e4nde, <br>die Marken und Produkte wirkungsvoll in Szene setzen. <br><br><br><br><strong>Konzept &amp; Design:<\/strong><br>Hasenmaile Unternehmenspr\u00e4sentation<br><strong>Ausf\u00fchrung:<\/strong><br>Keller Design \u2013 Messen &amp; Events \u2013 GmbH <br><br><br><strong><a href=\"https:\/\/www.wicam.com\/\" target=\"_blank\" rel=\"noreferrer noopener\">WICAM GmbH, 75 m\u00b2<\/a><\/strong><br>Gemeinsam mit unserem Partner, der <a href=\"https:\/\/www.hasenmaile.de\/\" target=\"_blank\" rel=\"noreferrer noopener\">Hasenmaile Unternehmenspr\u00e4sentation <img loading=\"lazy\" decoding=\"async\" width=\"12\" height=\"12\" class=\"wp-image-11501\" style=\"width: 12px;\" src=\"https:\/\/kellerdesign.de\/wp-content\/uploads\/2025\/02\/link-symbol.png\" alt=\"verlinkung-keller-design\" srcset=\"https:\/\/kellerdesign.de\/wp-content\/uploads\/2025\/02\/link-symbol.png 300w, https:\/\/kellerdesign.de\/wp-content\/uploads\/2025\/02\/link-symbol-150x150.png 150w\" sizes=\"auto, (max-width: 12px) 100vw, 12px\" \/><\/a>, haben wir den<br>Messeauftritt der WICAM GmbH auf der Blechexpo in Stuttgart erfolgreich umgesetzt. <br>Auf 75 m\u00b2 Standfl\u00e4che pr\u00e4sentierte das Unternehmen seine neusten Softwarel\u00f6sungen. <br>Das offene Standkonzept bot Raum f\u00fcr Gespr\u00e4che und Produktvorf\u00fchrungen \u2013 <br>erg\u00e4nzt durch 5 Meter hohe Motivbanner mit starker Fernwirkung. Gro\u00dfformatige Monitore <br>sorgten f\u00fcr eine moderne, digitale Pr\u00e4sentation der neusten Software. <br><br><br><strong><a href=\"https:\/\/www.spi.de\/de\/\" target=\"_blank\" rel=\"noreferrer noopener\">SPI GmbH, 54 m\u00b2<\/a><\/strong><br>Ein weiteres gelungenes Gemeinschaftsprojekt mit der Agentur <a href=\"https:\/\/www.hasenmaile.de\/\" target=\"_blank\" rel=\"noreferrer noopener\">Hasenmaile Unternehmenspr\u00e4sentation <img loading=\"lazy\" decoding=\"async\" width=\"12\" height=\"12\" class=\"wp-image-11501\" style=\"width: 12px;\" src=\"https:\/\/kellerdesign.de\/wp-content\/uploads\/2025\/02\/link-symbol.png\" alt=\"verlinkung-keller-design\" srcset=\"https:\/\/kellerdesign.de\/wp-content\/uploads\/2025\/02\/link-symbol.png 300w, https:\/\/kellerdesign.de\/wp-content\/uploads\/2025\/02\/link-symbol-150x150.png 150w\" sizes=\"auto, (max-width: 12px) 100vw, 12px\" \/><\/a> <br>aus Rutesheim. W\u00e4hrend die Agentur Hasenmaile die Kundenkommunikation und das Standkonzept \u00fcbernahm, sorgte Keller Design f\u00fcr die komplette Umsetzung des Messebaus. Das Ergebnis ist ein stimmiges, hochwertiges Gesamtbild und ein reibungsloser Projektablauf. <br><br><br><strong><a href=\"https:\/\/www.imo-gmbh.com\/\" target=\"_blank\" rel=\"noreferrer noopener\">IMO Oberfl\u00e4chentechnik GmbH, 40 m\u00b2<\/a><\/strong><br>F\u00fcr die IMO Oberfl\u00e4chentechnik GmbH entstand auf 40 m\u00b2 eine offene, freundliche Pr\u00e4sentationsfl\u00e4che mit gro\u00dfz\u00fcgigem Sitzbereich und die M\u00f6glichkeit f\u00fcr Fachgespr\u00e4che. Gro\u00dfe Motivbanner sorgten f\u00fcr eine gute Fernwirkung und eine un\u00fcbersehbare Markenwahrnehmung.<br><br><br><strong><a href=\"https:\/\/www.marquardt-stanzteile.de\/\" target=\"_blank\" rel=\"noreferrer noopener\">Marquardt Metallwaren und Werkzeugbau GmbH, 20 m\u00b2<\/a><\/strong><br>Hier entstand ein kompakter Messestand, pr\u00e4zise auf die Bed\u00fcrfnisse des Kunden zugeschnitten. <br>Trotz kleiner Standfl\u00e4che \u00fcberzeugte er in Funktionalit\u00e4t und modernem Erscheinungsbild. <br><br><br>Mit diesen vier Projekten auf der Blechexpo Stuttgart 2025 unterstreicht die <br><a href=\"https:\/\/kellerdesign.de\/index.php\/messestaende-kellerdesign\/messebau-galerie\/\" target=\"_blank\" rel=\"noreferrer noopener\">Keller Design \u2013 Messen &amp; Events \u2013 GmbH <img loading=\"lazy\" decoding=\"async\" width=\"12\" height=\"12\" class=\"wp-image-11501\" style=\"width: 12px;\" src=\"https:\/\/kellerdesign.de\/wp-content\/uploads\/2025\/02\/link-symbol.png\" alt=\"verlinkung-keller-design\" srcset=\"https:\/\/kellerdesign.de\/wp-content\/uploads\/2025\/02\/link-symbol.png 300w, https:\/\/kellerdesign.de\/wp-content\/uploads\/2025\/02\/link-symbol-150x150.png 150w\" sizes=\"auto, (max-width: 12px) 100vw, 12px\" \/><\/a> erneut ihre Kompetenz im Messebau Stuttgart <br>und ihre Vielseitigkeit im Bereich individueller Messestandl\u00f6sungen.<br><br>Wir bedanken uns f\u00fcr das Vertrauen und die erfolgreiche Zusammenarbeit auf der Blechexpo Stuttgart 2025.<\/p>\n\n\n\n<div style=\"height:25px\" aria-hidden=\"true\" class=\"wp-block-spacer\"><\/div>\n\n\n\n<div class=\"wp-block-columns is-layout-flex wp-container-core-columns-is-layout-28f84493 wp-block-columns-is-layout-flex\">\n<div class=\"wp-block-column is-layout-flow wp-block-column-is-layout-flow\">\n<figure class=\"wp-block-image size-full has-custom-border\"><a href=\"https:\/\/kellerdesign.de\/wp-content\/uploads\/2025\/10\/blechexpo-stuttgart-2025-75m\u00b2-standbau.jpg\" target=\"_blank\" rel=\" noreferrer noopener\"><img loading=\"lazy\" decoding=\"async\" width=\"470\" height=\"350\" src=\"https:\/\/kellerdesign.de\/wp-content\/uploads\/2025\/10\/blechexpo-stuttgart-2025-75m\u00b2-standbau.jpg\" alt=\"blechexpo-stuttgart-2025\" class=\"wp-image-13296\" style=\"border-radius:10px\" srcset=\"https:\/\/kellerdesign.de\/wp-content\/uploads\/2025\/10\/blechexpo-stuttgart-2025-75m\u00b2-standbau.jpg 470w, https:\/\/kellerdesign.de\/wp-content\/uploads\/2025\/10\/blechexpo-stuttgart-2025-75m\u00b2-standbau-300x223.jpg 300w\" sizes=\"auto, (max-width: 470px) 100vw, 470px\" \/><\/a><\/figure>\n<\/div>\n\n\n\n<div class=\"wp-block-column is-layout-flow wp-block-column-is-layout-flow\">\n<figure class=\"wp-block-image size-full has-custom-border\"><a href=\"https:\/\/kellerdesign.de\/wp-content\/uploads\/2025\/10\/blechexpo-stuttgart-2025-54m\u00b2.jpg\" target=\"_blank\" rel=\" noreferrer noopener\"><img loading=\"lazy\" decoding=\"async\" width=\"470\" height=\"350\" src=\"https:\/\/kellerdesign.de\/wp-content\/uploads\/2025\/10\/blechexpo-stuttgart-2025-54m\u00b2.jpg\" alt=\"blechexpo-stuttgart-2025-messebau\" class=\"wp-image-13295\" style=\"border-radius:10px\" srcset=\"https:\/\/kellerdesign.de\/wp-content\/uploads\/2025\/10\/blechexpo-stuttgart-2025-54m\u00b2.jpg 470w, https:\/\/kellerdesign.de\/wp-content\/uploads\/2025\/10\/blechexpo-stuttgart-2025-54m\u00b2-300x223.jpg 300w\" sizes=\"auto, (max-width: 470px) 100vw, 470px\" \/><\/a><\/figure>\n<\/div>\n\n\n\n<div class=\"wp-block-column is-layout-flow wp-block-column-is-layout-flow\">\n<figure class=\"wp-block-image size-full has-custom-border\"><a href=\"https:\/\/kellerdesign.de\/wp-content\/uploads\/2025\/10\/blechexpo-stuttgart-2025-40m\u00b2-standbau.jpg\" target=\"_blank\" rel=\" noreferrer noopener\"><img loading=\"lazy\" decoding=\"async\" width=\"470\" height=\"350\" src=\"https:\/\/kellerdesign.de\/wp-content\/uploads\/2025\/10\/blechexpo-stuttgart-2025-40m\u00b2-standbau.jpg\" alt=\"blechexpo-stuttgart-2025-messebau\" class=\"wp-image-13294\" style=\"border-radius:10px\" srcset=\"https:\/\/kellerdesign.de\/wp-content\/uploads\/2025\/10\/blechexpo-stuttgart-2025-40m\u00b2-standbau.jpg 470w, https:\/\/kellerdesign.de\/wp-content\/uploads\/2025\/10\/blechexpo-stuttgart-2025-40m\u00b2-standbau-300x223.jpg 300w\" sizes=\"auto, (max-width: 470px) 100vw, 470px\" \/><\/a><\/figure>\n<\/div>\n\n\n\n<div class=\"wp-block-column is-layout-flow wp-block-column-is-layout-flow\">\n<figure class=\"wp-block-image size-full has-custom-border\"><a href=\"https:\/\/kellerdesign.de\/wp-content\/uploads\/2025\/10\/blechexpo-stuttgart-2025-20m\u00b2-messebau.jpg\" target=\"_blank\" rel=\" noreferrer noopener\"><img loading=\"lazy\" decoding=\"async\" width=\"470\" height=\"350\" src=\"https:\/\/kellerdesign.de\/wp-content\/uploads\/2025\/10\/blechexpo-stuttgart-2025-20m\u00b2-messebau.jpg\" alt=\"blechexpo-stuttgart-2025-messebau\" class=\"wp-image-13293\" style=\"border-radius:10px\" srcset=\"https:\/\/kellerdesign.de\/wp-content\/uploads\/2025\/10\/blechexpo-stuttgart-2025-20m\u00b2-messebau.jpg 470w, https:\/\/kellerdesign.de\/wp-content\/uploads\/2025\/10\/blechexpo-stuttgart-2025-20m\u00b2-messebau-300x223.jpg 300w\" sizes=\"auto, (max-width: 470px) 100vw, 470px\" \/><\/a><\/figure>\n<\/div>\n<\/div>\n\n\n\n<div style=\"height:5px\" aria-hidden=\"true\" class=\"wp-block-spacer\"><\/div>\n\n\n\n<div class=\"wp-block-columns is-layout-flex wp-container-core-columns-is-layout-28f84493 wp-block-columns-is-layout-flex\">\n<div class=\"wp-block-column is-layout-flow wp-block-column-is-layout-flow\">\n<p style=\"line-height:1.6;font-size:11px\" class=\"has-custom-lineheight\"><em>WICAM GmbH, 75 m\u00b2<\/em><\/p>\n<\/div>\n\n\n\n<div class=\"wp-block-column is-layout-flow wp-block-column-is-layout-flow\">\n<p style=\"font-size:11px\"><em>SPI GmbH, 54 m\u00b2<\/em><\/p>\n<\/div>\n\n\n\n<div class=\"wp-block-column is-layout-flow wp-block-column-is-layout-flow\">\n<p style=\"line-height:1.6;font-size:11px\" class=\"has-custom-lineheight\"><em>IMO Oberfl\u00e4chentechnik GmbH, 40 m\u00b2<\/em><\/p>\n<\/div>\n\n\n\n<div class=\"wp-block-column is-layout-flow wp-block-column-is-layout-flow\">\n<p style=\"line-height:1.6;font-size:11px\" class=\"has-custom-lineheight\"><em>Marquardt Metallwaren und Werkzeugbau GmbH, 20 m\u00b2<\/em><\/p>\n<\/div>\n<\/div>\n\n\n\n<div style=\"height:100px\" aria-hidden=\"true\" class=\"wp-block-spacer\"><\/div>\n\n\n\n<h6 class=\"wp-block-heading\"><em><a href=\"https:\/\/www.blechexpo-messe.de\/\" target=\"_blank\" rel=\"noreferrer noopener\">Blechexpo Stuttgart 2025<\/a><\/em><\/h6>\n\n\n\n<div style=\"height:25px\" aria-hidden=\"true\" class=\"wp-block-spacer\"><\/div>\n","protected":false},"excerpt":{"rendered":"<p>Blechexpo Stuttgart 2025 | 21. \u2013 24. Oktober Die Blechexpo in Stuttgart ist die internationale Fachmesse f\u00fcr Blechbearbeitung und z\u00e4hlt zu den f\u00fchrenden Branchentreffs Europas. Sie pr\u00e4sentiert Innovationen in Trenn-, Umform-, F\u00fcge- und Oberfl\u00e4chentechnik entlang der gesamten Prozesskette. Als erfahrener Partner f\u00fcr Messebau in Stuttgart \u2013 mit Standortn\u00e4he, kurzen Wegen und langj\u00e4hriger Erfahrung \u2013 sind [&hellip;]<\/p>\n","protected":false},"author":1,"featured_media":0,"comment_status":"closed","ping_status":"open","sticky":false,"template":"","format":"standard","meta":{"_coblocks_attr":"","_coblocks_dimensions":"","_coblocks_responsive_height":"","_coblocks_accordion_ie_support":"","site-sidebar-layout":"default","site-content-layout":"","ast-site-content-layout":"default","site-content-style":"default","site-sidebar-style":"default","ast-global-header-display":"","ast-banner-title-visibility":"","ast-main-header-display":"","ast-hfb-above-header-display":"","ast-hfb-below-header-display":"","ast-hfb-mobile-header-display":"","site-post-title":"","ast-breadcrumbs-content":"","ast-featured-img":"","footer-sml-layout":"","ast-disable-related-posts":"","theme-transparent-header-meta":"","adv-header-id-meta":"","stick-header-meta":"","header-above-stick-meta":"","header-main-stick-meta":"","header-below-stick-meta":"","astra-migrate-meta-layouts":"set","ast-page-background-enabled":"default","ast-page-background-meta":{"desktop":{"background-color":"","background-image":"","background-repeat":"repeat","background-position":"center center","background-size":"auto","background-attachment":"scroll","background-type":"","background-media":"","overlay-type":"","overlay-color":"","overlay-opacity":"","overlay-gradient":""},"tablet":{"background-color":"","background-image":"","background-repeat":"repeat","background-position":"center center","background-size":"auto","background-attachment":"scroll","background-type":"","background-media":"","overlay-type":"","overlay-color":"","overlay-opacity":"","overlay-gradient":""},"mobile":{"background-color":"","background-image":"","background-repeat":"repeat","background-position":"center center","background-size":"auto","background-attachment":"scroll","background-type":"","background-media":"","overlay-type":"","overlay-color":"","overlay-opacity":"","overlay-gradient":""}},"ast-content-background-meta":{"desktop":{"background-color":"var(--ast-global-color-5)","background-image":"","background-repeat":"repeat","background-position":"center center","background-size":"auto","background-attachment":"scroll","background-type":"","background-media":"","overlay-type":"","overlay-color":"","overlay-opacity":"","overlay-gradient":""},"tablet":{"background-color":"var(--ast-global-color-5)","background-image":"","background-repeat":"repeat","background-position":"center center","background-size":"auto","background-attachment":"scroll","background-type":"","background-media":"","overlay-type":"","overlay-color":"","overlay-opacity":"","overlay-gradient":""},"mobile":{"background-color":"var(--ast-global-color-5)","background-image":"","background-repeat":"repeat","background-position":"center center","background-size":"auto","background-attachment":"scroll","background-type":"","background-media":"","overlay-type":"","overlay-color":"","overlay-opacity":"","overlay-gradient":""}},"_jetpack_memberships_contains_paid_content":false,"footnotes":""},"categories":[45],"tags":[142,47,40,51,46,434],"class_list":["post-13218","post","type-post","status-publish","format-standard","hentry","category-messestaende-mit-charakter","tag-messe-stuttgart","tag-messebanner","tag-messebau","tag-messestand","tag-standbau","tag-top-messe-stuttgart"],"jetpack_featured_media_url":"","jetpack_sharing_enabled":true,"_links":{"self":[{"href":"https:\/\/kellerdesign.de\/index.php\/wp-json\/wp\/v2\/posts\/13218","targetHints":{"allow":["GET"]}}],"collection":[{"href":"https:\/\/kellerdesign.de\/index.php\/wp-json\/wp\/v2\/posts"}],"about":[{"href":"https:\/\/kellerdesign.de\/index.php\/wp-json\/wp\/v2\/types\/post"}],"author":[{"embeddable":true,"href":"https:\/\/kellerdesign.de\/index.php\/wp-json\/wp\/v2\/users\/1"}],"replies":[{"embeddable":true,"href":"https:\/\/kellerdesign.de\/index.php\/wp-json\/wp\/v2\/comments?post=13218"}],"version-history":[{"count":52,"href":"https:\/\/kellerdesign.de\/index.php\/wp-json\/wp\/v2\/posts\/13218\/revisions"}],"predecessor-version":[{"id":13313,"href":"https:\/\/kellerdesign.de\/index.php\/wp-json\/wp\/v2\/posts\/13218\/revisions\/13313"}],"wp:attachment":[{"href":"https:\/\/kellerdesign.de\/index.php\/wp-json\/wp\/v2\/media?parent=13218"}],"wp:term":[{"taxonomy":"category","embeddable":true,"href":"https:\/\/kellerdesign.de\/index.php\/wp-json\/wp\/v2\/categories?post=13218"},{"taxonomy":"post_tag","embeddable":true,"href":"https:\/\/kellerdesign.de\/index.php\/wp-json\/wp\/v2\/tags?post=13218"}],"curies":[{"name":"wp","href":"https:\/\/api.w.org\/{rel}","templated":true}]}}