{"id":13754,"date":"2025-11-21T11:08:19","date_gmt":"2025-11-21T10:08:19","guid":{"rendered":"https:\/\/kellerdesign.de\/?p=13754"},"modified":"2025-11-21T11:08:26","modified_gmt":"2025-11-21T10:08:26","slug":"messeherbst-stuttgart","status":"publish","type":"post","link":"https:\/\/kellerdesign.de\/index.php\/2025\/11\/21\/messeherbst-stuttgart\/","title":{"rendered":"Messeherbst Stuttgart \u2013 Messebau-Service f\u00fcr das ProjektWerk StjG"},"content":{"rendered":"\n<h2 class=\"wp-block-heading has-ast-global-color-0-color has-text-color has-link-color wp-elements-20b6f55cc3390b90061f79f025910f82\">Unterst\u00fctzung im Messebau: <br>Hochwertige Mietmaterialien f\u00fcr einen <br>professionellen Auftritt. Erfolgreiche Zusammenarbeit mit der Stuttgarter Jugendhaus Gesellschaft auf der Messeherbst Stuttgart 2025<\/h2>\n\n\n\n<div style=\"height:15px\" aria-hidden=\"true\" class=\"wp-block-spacer\"><\/div>\n\n\n\n<p class=\"has-text-color has-link-color wp-elements-f628d9745fa55ecca2d6f3f20c3a2f26\" style=\"color:#555555\"><em>Messeherbst Stuttgart vom 20. &#8211; 23.11.2025<\/em><br><br>Beim Messeherbst in Stuttgart haben wir erneut das ProjektWerk der StjG (Stuttgarter Jugendhaus Gesellschaft) bei der Umsetzung des Messestandes umfassend unterst\u00fctzt. Unser Leistungsspektrum umfasste hochwertige Mietmaterialen, darunter R8 Systemw\u00e4nde, die zu einer kleinen Kabineneinheit f\u00fcr Lager und Catering aufgebaut wurden, Leuchtrahmen mit eingefassten Motivbannern, Traversen, LED-Beleuchtung sowie Lounge-M\u00f6bel wie Sofas, Tische und Sitzhocker. Eine dekorative Holztheke mit Frontlogo rundete den zentralen Bereich der Standfl\u00e4che ab. <br><br>Auf der \u00fcbrigen Messestandfl\u00e4che pr\u00e4sentierte die StjG zahlreiche Angebote, darunter: <br><br><img loading=\"lazy\" decoding=\"async\" width=\"6\" height=\"6\" class=\"wp-image-12608\" style=\"width: 6px;\" src=\"https:\/\/kellerdesign.de\/wp-content\/uploads\/2025\/07\/aufzaehlung.jpg\" alt=\"keller-design-messen-events-nordschwarzwald\"> sowie viele weitere Mitmachaktionen <br><img loading=\"lazy\" decoding=\"async\" width=\"6\" height=\"6\" class=\"wp-image-12608\" style=\"width: 6px;\" src=\"https:\/\/kellerdesign.de\/wp-content\/uploads\/2025\/07\/aufzaehlung.jpg\" alt=\"keller-design-messen-events-nordschwarzwald\"> eine Exit-Game-Experience der Zukunftswelten, dem Innovationslabor der StjG <br><img loading=\"lazy\" decoding=\"async\" width=\"6\" height=\"6\" class=\"wp-image-12608\" style=\"width: 6px;\" src=\"https:\/\/kellerdesign.de\/wp-content\/uploads\/2025\/07\/aufzaehlung.jpg\" alt=\"keller-design-messen-events-nordschwarzwald\"> Spiel- und Bastelangebote f\u00fcr Kinder durch die Mobifanten<br><br>Mit unserem <a href=\"https:\/\/kellerdesign.de\/index.php\/messestaende-kellerdesign\/messebau-galerie\/\" target=\"_blank\" rel=\"noreferrer noopener\">Full-Service Messebau <img loading=\"lazy\" decoding=\"async\" width=\"12\" height=\"12\" class=\"wp-image-11501\" style=\"width: 12px;\" src=\"https:\/\/kellerdesign.de\/wp-content\/uploads\/2025\/02\/link-symbol.png\" alt=\"verlinkung-keller-design\" srcset=\"https:\/\/kellerdesign.de\/wp-content\/uploads\/2025\/02\/link-symbol.png 300w, https:\/\/kellerdesign.de\/wp-content\/uploads\/2025\/02\/link-symbol-150x150.png 150w\" sizes=\"auto, (max-width: 12px) 100vw, 12px\" \/><\/a> sorgen wir daf\u00fcr, dass jede Messeveranstaltung reibungslos und beeindruckend umgesetzt wird. Die Zusammenarbeit mit der Stuttgarter Jugendhaus Gesellschaft zeigt einmal mehr unsere Flexibilit\u00e4t und die St\u00e4rke unseres umfassenden Serviceangebots. <br><br>Wir bedanken uns f\u00fcr das Vertrauen in unsere Arbeit und w\u00fcnschen erfolgreiche Messetage in Stuttgart.<\/p>\n\n\n\n<div style=\"height:25px\" aria-hidden=\"true\" class=\"wp-block-spacer\"><\/div>\n\n\n\n<div class=\"wp-block-columns is-layout-flex wp-container-core-columns-is-layout-28f84493 wp-block-columns-is-layout-flex\">\n<div class=\"wp-block-column is-layout-flow wp-block-column-is-layout-flow\">\n<figure class=\"wp-block-image size-full has-custom-border\"><a href=\"https:\/\/kellerdesign.de\/wp-content\/uploads\/2025\/11\/messeherbst-stuttgart-beleuchtung-sitzhocker-banner.jpg\" target=\"_blank\" rel=\" noreferrer noopener\"><img loading=\"lazy\" decoding=\"async\" width=\"350\" height=\"500\" src=\"https:\/\/kellerdesign.de\/wp-content\/uploads\/2025\/11\/messeherbst-stuttgart-beleuchtung-sitzhocker-banner.jpg\" alt=\"messeherbst-stuttgart-messebau\" class=\"wp-image-13749\" style=\"border-radius:10px\" srcset=\"https:\/\/kellerdesign.de\/wp-content\/uploads\/2025\/11\/messeherbst-stuttgart-beleuchtung-sitzhocker-banner.jpg 350w, https:\/\/kellerdesign.de\/wp-content\/uploads\/2025\/11\/messeherbst-stuttgart-beleuchtung-sitzhocker-banner-210x300.jpg 210w\" sizes=\"auto, (max-width: 350px) 100vw, 350px\" \/><\/a><\/figure>\n<\/div>\n\n\n\n<div class=\"wp-block-column is-layout-flow wp-block-column-is-layout-flow\">\n<figure class=\"wp-block-image size-full has-custom-border\"><a href=\"https:\/\/kellerdesign.de\/wp-content\/uploads\/2025\/11\/messeherbst-stuttgart-holztheke-sitzhocker.jpg\" target=\"_blank\" rel=\" noreferrer noopener\"><img loading=\"lazy\" decoding=\"async\" width=\"350\" height=\"500\" src=\"https:\/\/kellerdesign.de\/wp-content\/uploads\/2025\/11\/messeherbst-stuttgart-holztheke-sitzhocker.jpg\" alt=\"messeherbst-stuttgart-standbau\" class=\"wp-image-13750\" style=\"border-radius:10px\" srcset=\"https:\/\/kellerdesign.de\/wp-content\/uploads\/2025\/11\/messeherbst-stuttgart-holztheke-sitzhocker.jpg 350w, https:\/\/kellerdesign.de\/wp-content\/uploads\/2025\/11\/messeherbst-stuttgart-holztheke-sitzhocker-210x300.jpg 210w\" sizes=\"auto, (max-width: 350px) 100vw, 350px\" \/><\/a><\/figure>\n<\/div>\n\n\n\n<div class=\"wp-block-column is-layout-flow wp-block-column-is-layout-flow\">\n<figure class=\"wp-block-image size-full has-custom-border\"><a href=\"https:\/\/kellerdesign.de\/wp-content\/uploads\/2025\/11\/messeherbst-stuttgart-leuchtrahmen-banner.jpg\" target=\"_blank\" rel=\" noreferrer noopener\"><img loading=\"lazy\" decoding=\"async\" width=\"350\" height=\"500\" src=\"https:\/\/kellerdesign.de\/wp-content\/uploads\/2025\/11\/messeherbst-stuttgart-leuchtrahmen-banner.jpg\" alt=\"messeherbst-stuttgart-messebau-kellerdesign\" class=\"wp-image-13751\" style=\"border-radius:10px\" srcset=\"https:\/\/kellerdesign.de\/wp-content\/uploads\/2025\/11\/messeherbst-stuttgart-leuchtrahmen-banner.jpg 350w, https:\/\/kellerdesign.de\/wp-content\/uploads\/2025\/11\/messeherbst-stuttgart-leuchtrahmen-banner-210x300.jpg 210w\" sizes=\"auto, (max-width: 350px) 100vw, 350px\" \/><\/a><\/figure>\n<\/div>\n\n\n\n<div class=\"wp-block-column is-layout-flow wp-block-column-is-layout-flow\">\n<figure class=\"wp-block-image size-full has-custom-border\"><a href=\"https:\/\/kellerdesign.de\/wp-content\/uploads\/2025\/11\/messeherbst-stuttgart-loungemoebel-leuchtrahmen.jpg\" target=\"_blank\" rel=\" noreferrer noopener\"><img loading=\"lazy\" decoding=\"async\" width=\"350\" height=\"500\" src=\"https:\/\/kellerdesign.de\/wp-content\/uploads\/2025\/11\/messeherbst-stuttgart-loungemoebel-leuchtrahmen.jpg\" alt=\"messeherbst-stuttgart-keller-design-messebau\" class=\"wp-image-13752\" style=\"border-radius:10px\" srcset=\"https:\/\/kellerdesign.de\/wp-content\/uploads\/2025\/11\/messeherbst-stuttgart-loungemoebel-leuchtrahmen.jpg 350w, https:\/\/kellerdesign.de\/wp-content\/uploads\/2025\/11\/messeherbst-stuttgart-loungemoebel-leuchtrahmen-210x300.jpg 210w\" sizes=\"auto, (max-width: 350px) 100vw, 350px\" \/><\/a><\/figure>\n<\/div>\n\n\n\n<div class=\"wp-block-column is-layout-flow wp-block-column-is-layout-flow\">\n<figure class=\"wp-block-image size-full has-custom-border\"><a href=\"https:\/\/kellerdesign.de\/wp-content\/uploads\/2025\/11\/messeherbst-stuttgart-stehtische-sitzhocker.jpg\" target=\"_blank\" rel=\" noreferrer noopener\"><img loading=\"lazy\" decoding=\"async\" width=\"350\" height=\"500\" src=\"https:\/\/kellerdesign.de\/wp-content\/uploads\/2025\/11\/messeherbst-stuttgart-stehtische-sitzhocker.jpg\" alt=\"messeherbst-stuttgart-keller-design-standbau\" class=\"wp-image-13753\" style=\"border-radius:10px\" srcset=\"https:\/\/kellerdesign.de\/wp-content\/uploads\/2025\/11\/messeherbst-stuttgart-stehtische-sitzhocker.jpg 350w, https:\/\/kellerdesign.de\/wp-content\/uploads\/2025\/11\/messeherbst-stuttgart-stehtische-sitzhocker-210x300.jpg 210w\" sizes=\"auto, (max-width: 350px) 100vw, 350px\" \/><\/a><\/figure>\n<\/div>\n<\/div>\n\n\n\n<div style=\"height:100px\" aria-hidden=\"true\" class=\"wp-block-spacer\"><\/div>\n\n\n\n<h6 class=\"wp-block-heading\"><em><a href=\"https:\/\/www.messe-stuttgart.de\/stuttgarter-messeherbst\/\" target=\"_blank\" rel=\"noreferrer noopener\">Messeherbst Stuttgart 2025<\/a><\/em><\/h6>\n","protected":false},"excerpt":{"rendered":"<p>Unterst\u00fctzung im Messebau: Hochwertige Mietmaterialien f\u00fcr einen professionellen Auftritt. Erfolgreiche Zusammenarbeit mit der Stuttgarter Jugendhaus Gesellschaft auf der Messeherbst Stuttgart 2025 Messeherbst Stuttgart vom 20. &#8211; 23.11.2025 Beim Messeherbst in Stuttgart haben wir erneut das ProjektWerk der StjG (Stuttgarter Jugendhaus Gesellschaft) bei der Umsetzung des Messestandes umfassend unterst\u00fctzt. Unser Leistungsspektrum umfasste hochwertige Mietmaterialen, darunter R8 [&hellip;]<\/p>\n","protected":false},"author":1,"featured_media":0,"comment_status":"closed","ping_status":"open","sticky":false,"template":"","format":"standard","meta":{"_coblocks_attr":"","_coblocks_dimensions":"","_coblocks_responsive_height":"","_coblocks_accordion_ie_support":"","site-sidebar-layout":"default","site-content-layout":"","ast-site-content-layout":"default","site-content-style":"default","site-sidebar-style":"default","ast-global-header-display":"","ast-banner-title-visibility":"","ast-main-header-display":"","ast-hfb-above-header-display":"","ast-hfb-below-header-display":"","ast-hfb-mobile-header-display":"","site-post-title":"","ast-breadcrumbs-content":"","ast-featured-img":"","footer-sml-layout":"","ast-disable-related-posts":"","theme-transparent-header-meta":"","adv-header-id-meta":"","stick-header-meta":"","header-above-stick-meta":"","header-main-stick-meta":"","header-below-stick-meta":"","astra-migrate-meta-layouts":"set","ast-page-background-enabled":"default","ast-page-background-meta":{"desktop":{"background-color":"","background-image":"","background-repeat":"repeat","background-position":"center center","background-size":"auto","background-attachment":"scroll","background-type":"","background-media":"","overlay-type":"","overlay-color":"","overlay-opacity":"","overlay-gradient":""},"tablet":{"background-color":"","background-image":"","background-repeat":"repeat","background-position":"center center","background-size":"auto","background-attachment":"scroll","background-type":"","background-media":"","overlay-type":"","overlay-color":"","overlay-opacity":"","overlay-gradient":""},"mobile":{"background-color":"","background-image":"","background-repeat":"repeat","background-position":"center center","background-size":"auto","background-attachment":"scroll","background-type":"","background-media":"","overlay-type":"","overlay-color":"","overlay-opacity":"","overlay-gradient":""}},"ast-content-background-meta":{"desktop":{"background-color":"var(--ast-global-color-5)","background-image":"","background-repeat":"repeat","background-position":"center center","background-size":"auto","background-attachment":"scroll","background-type":"","background-media":"","overlay-type":"","overlay-color":"","overlay-opacity":"","overlay-gradient":""},"tablet":{"background-color":"var(--ast-global-color-5)","background-image":"","background-repeat":"repeat","background-position":"center center","background-size":"auto","background-attachment":"scroll","background-type":"","background-media":"","overlay-type":"","overlay-color":"","overlay-opacity":"","overlay-gradient":""},"mobile":{"background-color":"var(--ast-global-color-5)","background-image":"","background-repeat":"repeat","background-position":"center center","background-size":"auto","background-attachment":"scroll","background-type":"","background-media":"","overlay-type":"","overlay-color":"","overlay-opacity":"","overlay-gradient":""}},"_jetpack_memberships_contains_paid_content":false,"footnotes":""},"categories":[45],"tags":[468,142,282,46,327],"class_list":["post-13754","post","type-post","status-publish","format-standard","hentry","category-messestaende-mit-charakter","tag-full-service-messebau","tag-messe-stuttgart","tag-messebau-stuttgart","tag-standbau","tag-standbau-stuttgart"],"jetpack_featured_media_url":"","jetpack_sharing_enabled":true,"_links":{"self":[{"href":"https:\/\/kellerdesign.de\/index.php\/wp-json\/wp\/v2\/posts\/13754","targetHints":{"allow":["GET"]}}],"collection":[{"href":"https:\/\/kellerdesign.de\/index.php\/wp-json\/wp\/v2\/posts"}],"about":[{"href":"https:\/\/kellerdesign.de\/index.php\/wp-json\/wp\/v2\/types\/post"}],"author":[{"embeddable":true,"href":"https:\/\/kellerdesign.de\/index.php\/wp-json\/wp\/v2\/users\/1"}],"replies":[{"embeddable":true,"href":"https:\/\/kellerdesign.de\/index.php\/wp-json\/wp\/v2\/comments?post=13754"}],"version-history":[{"count":24,"href":"https:\/\/kellerdesign.de\/index.php\/wp-json\/wp\/v2\/posts\/13754\/revisions"}],"predecessor-version":[{"id":13778,"href":"https:\/\/kellerdesign.de\/index.php\/wp-json\/wp\/v2\/posts\/13754\/revisions\/13778"}],"wp:attachment":[{"href":"https:\/\/kellerdesign.de\/index.php\/wp-json\/wp\/v2\/media?parent=13754"}],"wp:term":[{"taxonomy":"category","embeddable":true,"href":"https:\/\/kellerdesign.de\/index.php\/wp-json\/wp\/v2\/categories?post=13754"},{"taxonomy":"post_tag","embeddable":true,"href":"https:\/\/kellerdesign.de\/index.php\/wp-json\/wp\/v2\/tags?post=13754"}],"curies":[{"name":"wp","href":"https:\/\/api.w.org\/{rel}","templated":true}]}}