{"id":13783,"date":"2025-12-03T10:00:00","date_gmt":"2025-12-03T09:00:00","guid":{"rendered":"https:\/\/kellerdesign.de\/?p=13783"},"modified":"2025-12-02T15:03:00","modified_gmt":"2025-12-02T14:03:00","slug":"messebau-nuernberg-2","status":"publish","type":"post","link":"https:\/\/kellerdesign.de\/index.php\/2025\/12\/03\/messebau-nuernberg-2\/","title":{"rendered":"Messebau N\u00fcrnberg: SPS 2025"},"content":{"rendered":"\n<h2 class=\"wp-block-heading\">Messebau N\u00fcrnberg: 25. &#8211; 27. November 2025<\/h2>\n\n\n\n<p class=\"has-text-color has-link-color wp-elements-232bf9d4c69d16a78ce194e93e511f64\" style=\"color:#555555\"><strong>Kooperation:<\/strong> Werbeagentur Regelmann GmbH &amp; Co. KG <br><strong>Projektierung:<\/strong> Regelmann &amp; Keller Design <br><strong>Ausf\u00fchrung:<\/strong> Keller Design \u2013 Messen &amp; Events \u2013 GmbH <br><br>Die SPS in N\u00fcrnberg ist die f\u00fchrende Fachmesse f\u00fcr Smart und Digital Automation. Die Fachmesse vereint j\u00e4hrlich Experten aus Industrie, IT und Produktion, um neuste Trends und Innovationen der Automatisierungstechnik zu pr\u00e4sentieren. <br><br>F\u00fcr uns markiert die SPS N\u00fcrnberg den Abschluss eines erfolgreichen Messejahres \u2013 und zugleich den f\u00fcr <br>dieses Jahr letzten gemeinsamen Messeauftritt mit unserem langj\u00e4hrigen Partner, der Werbeagentur <br><a href=\"https:\/\/www.regelmann.de\/\" target=\"_blank\" rel=\"noreferrer noopener\">Regelmann GmbH &amp; Co. KG, <img loading=\"lazy\" decoding=\"async\" width=\"12\" height=\"12\" class=\"wp-image-11501\" style=\"width: 12px;\" src=\"https:\/\/kellerdesign.de\/wp-content\/uploads\/2025\/02\/link-symbol.png\" alt=\"verlinkung-keller-design\" srcset=\"https:\/\/kellerdesign.de\/wp-content\/uploads\/2025\/02\/link-symbol.png 300w, https:\/\/kellerdesign.de\/wp-content\/uploads\/2025\/02\/link-symbol-150x150.png 150w\" sizes=\"auto, (max-width: 12px) 100vw, 12px\" \/><\/a> f\u00fcr unseren Kunden <a href=\"https:\/\/www.faulhaber.com\/de\/\" target=\"_blank\" rel=\"noreferrer noopener\">Fritz Faulhaber GmbH &amp; Co. KG. <img loading=\"lazy\" decoding=\"async\" width=\"12\" height=\"12\" class=\"wp-image-11501\" style=\"width: 12px;\" src=\"https:\/\/kellerdesign.de\/wp-content\/uploads\/2025\/02\/link-symbol.png\" alt=\"verlinkung-keller-design\" srcset=\"https:\/\/kellerdesign.de\/wp-content\/uploads\/2025\/02\/link-symbol.png 300w, https:\/\/kellerdesign.de\/wp-content\/uploads\/2025\/02\/link-symbol-150x150.png 150w\" sizes=\"auto, (max-width: 12px) 100vw, 12px\" \/><\/a><br><br>Insgesamt haben wir in diesem Messejahr sechs Messest\u00e4nde <a href=\"https:\/\/kellerdesign.de\/index.php\/aktuelles\/\" target=\"_blank\" rel=\"noreferrer noopener\"><img loading=\"lazy\" decoding=\"async\" width=\"12\" height=\"12\" class=\"wp-image-11501\" style=\"width: 12px;\" src=\"https:\/\/kellerdesign.de\/wp-content\/uploads\/2025\/02\/link-symbol.png\" alt=\"verlinkung-keller-design\" srcset=\"https:\/\/kellerdesign.de\/wp-content\/uploads\/2025\/02\/link-symbol.png 300w, https:\/\/kellerdesign.de\/wp-content\/uploads\/2025\/02\/link-symbol-150x150.png 150w\" sizes=\"auto, (max-width: 12px) 100vw, 12px\" \/> <\/a>f\u00fcr die Firma Fritz Faulhaber GmbH &amp; Co. KG gemeinsam umgesetzt \u2013 von Hannover, D\u00fcsseldorf, N\u00fcrnberg und M\u00fcnchen bis in die Schweiz und nach Italien. Insgesamt wurden 336 m\u00b2 Standfl\u00e4che individuell geplant, kreativ gestaltet und passgenau f\u00fcr jede Standgr\u00f6\u00dfe umgesetzt. <br><br>Ein herzliches Dankesch\u00f6n an unseren Partner, die Agentur Regelmann GmbH &amp; Co. KG, f\u00fcr die vertrauensvolle und professionelle Zusammenarbeit. Wir freuen uns schon jetzt auf neue, gemeinsame Messeprojekte im Jahr 2026.<\/p>\n\n\n\n<div style=\"height:25px\" aria-hidden=\"true\" class=\"wp-block-spacer\"><\/div>\n\n\n\n<figure class=\"wp-block-image size-full has-custom-border\"><a href=\"https:\/\/kellerdesign.de\/wp-content\/uploads\/2025\/12\/messebau-nuernberg-80m\u00b2.jpg\" target=\"_blank\" rel=\" noreferrer noopener\"><img loading=\"lazy\" decoding=\"async\" width=\"400\" height=\"323\" src=\"https:\/\/kellerdesign.de\/wp-content\/uploads\/2025\/12\/messebau-nuernberg-80m\u00b2.jpg\" alt=\"messebau-nuernberg-2025\" class=\"wp-image-13870\" style=\"border-radius:11px\" srcset=\"https:\/\/kellerdesign.de\/wp-content\/uploads\/2025\/12\/messebau-nuernberg-80m\u00b2.jpg 400w, https:\/\/kellerdesign.de\/wp-content\/uploads\/2025\/12\/messebau-nuernberg-80m\u00b2-300x242.jpg 300w\" sizes=\"auto, (max-width: 400px) 100vw, 400px\" \/><\/a><\/figure>\n\n\n\n<div style=\"height:100px\" aria-hidden=\"true\" class=\"wp-block-spacer\"><\/div>\n\n\n\n<h6 class=\"wp-block-heading\"><em><a href=\"https:\/\/sps.mesago.com\/nuernberg\/de.html\" target=\"_blank\" rel=\"noreferrer noopener\">Messebau N\u00fcrnberg SPS 2025<\/a><\/em><\/h6>\n","protected":false},"excerpt":{"rendered":"<p>Messebau N\u00fcrnberg: 25. &#8211; 27. November 2025 Kooperation: Werbeagentur Regelmann GmbH &amp; Co. KG Projektierung: Regelmann &amp; Keller Design Ausf\u00fchrung: Keller Design \u2013 Messen &amp; Events \u2013 GmbH Die SPS in N\u00fcrnberg ist die f\u00fchrende Fachmesse f\u00fcr Smart und Digital Automation. Die Fachmesse vereint j\u00e4hrlich Experten aus Industrie, IT und Produktion, um neuste Trends und [&hellip;]<\/p>\n","protected":false},"author":1,"featured_media":0,"comment_status":"closed","ping_status":"open","sticky":false,"template":"","format":"standard","meta":{"_coblocks_attr":"","_coblocks_dimensions":"","_coblocks_responsive_height":"","_coblocks_accordion_ie_support":"","site-sidebar-layout":"default","site-content-layout":"","ast-site-content-layout":"default","site-content-style":"default","site-sidebar-style":"default","ast-global-header-display":"","ast-banner-title-visibility":"","ast-main-header-display":"","ast-hfb-above-header-display":"","ast-hfb-below-header-display":"","ast-hfb-mobile-header-display":"","site-post-title":"","ast-breadcrumbs-content":"","ast-featured-img":"","footer-sml-layout":"","ast-disable-related-posts":"","theme-transparent-header-meta":"","adv-header-id-meta":"","stick-header-meta":"","header-above-stick-meta":"","header-main-stick-meta":"","header-below-stick-meta":"","astra-migrate-meta-layouts":"set","ast-page-background-enabled":"default","ast-page-background-meta":{"desktop":{"background-color":"","background-image":"","background-repeat":"repeat","background-position":"center center","background-size":"auto","background-attachment":"scroll","background-type":"","background-media":"","overlay-type":"","overlay-color":"","overlay-opacity":"","overlay-gradient":""},"tablet":{"background-color":"","background-image":"","background-repeat":"repeat","background-position":"center center","background-size":"auto","background-attachment":"scroll","background-type":"","background-media":"","overlay-type":"","overlay-color":"","overlay-opacity":"","overlay-gradient":""},"mobile":{"background-color":"","background-image":"","background-repeat":"repeat","background-position":"center center","background-size":"auto","background-attachment":"scroll","background-type":"","background-media":"","overlay-type":"","overlay-color":"","overlay-opacity":"","overlay-gradient":""}},"ast-content-background-meta":{"desktop":{"background-color":"var(--ast-global-color-5)","background-image":"","background-repeat":"repeat","background-position":"center center","background-size":"auto","background-attachment":"scroll","background-type":"","background-media":"","overlay-type":"","overlay-color":"","overlay-opacity":"","overlay-gradient":""},"tablet":{"background-color":"var(--ast-global-color-5)","background-image":"","background-repeat":"repeat","background-position":"center center","background-size":"auto","background-attachment":"scroll","background-type":"","background-media":"","overlay-type":"","overlay-color":"","overlay-opacity":"","overlay-gradient":""},"mobile":{"background-color":"var(--ast-global-color-5)","background-image":"","background-repeat":"repeat","background-position":"center center","background-size":"auto","background-attachment":"scroll","background-type":"","background-media":"","overlay-type":"","overlay-color":"","overlay-opacity":"","overlay-gradient":""}},"_jetpack_memberships_contains_paid_content":false,"footnotes":""},"categories":[45],"tags":[147,40,326,46,343,383],"class_list":["post-13783","post","type-post","status-publish","format-standard","hentry","category-messestaende-mit-charakter","tag-messe-nuernberg","tag-messebau","tag-messebau-nuernberg","tag-standbau","tag-top-messe","tag-top-messe-nuernberg"],"jetpack_featured_media_url":"","jetpack_sharing_enabled":true,"_links":{"self":[{"href":"https:\/\/kellerdesign.de\/index.php\/wp-json\/wp\/v2\/posts\/13783","targetHints":{"allow":["GET"]}}],"collection":[{"href":"https:\/\/kellerdesign.de\/index.php\/wp-json\/wp\/v2\/posts"}],"about":[{"href":"https:\/\/kellerdesign.de\/index.php\/wp-json\/wp\/v2\/types\/post"}],"author":[{"embeddable":true,"href":"https:\/\/kellerdesign.de\/index.php\/wp-json\/wp\/v2\/users\/1"}],"replies":[{"embeddable":true,"href":"https:\/\/kellerdesign.de\/index.php\/wp-json\/wp\/v2\/comments?post=13783"}],"version-history":[{"count":13,"href":"https:\/\/kellerdesign.de\/index.php\/wp-json\/wp\/v2\/posts\/13783\/revisions"}],"predecessor-version":[{"id":13888,"href":"https:\/\/kellerdesign.de\/index.php\/wp-json\/wp\/v2\/posts\/13783\/revisions\/13888"}],"wp:attachment":[{"href":"https:\/\/kellerdesign.de\/index.php\/wp-json\/wp\/v2\/media?parent=13783"}],"wp:term":[{"taxonomy":"category","embeddable":true,"href":"https:\/\/kellerdesign.de\/index.php\/wp-json\/wp\/v2\/categories?post=13783"},{"taxonomy":"post_tag","embeddable":true,"href":"https:\/\/kellerdesign.de\/index.php\/wp-json\/wp\/v2\/tags?post=13783"}],"curies":[{"name":"wp","href":"https:\/\/api.w.org\/{rel}","templated":true}]}}