{"id":13895,"date":"2025-12-05T10:00:00","date_gmt":"2025-12-05T09:00:00","guid":{"rendered":"https:\/\/kellerdesign.de\/?p=13895"},"modified":"2026-01-21T12:11:20","modified_gmt":"2026-01-21T11:11:20","slug":"pagodenzelte","status":"publish","type":"post","link":"https:\/\/kellerdesign.de\/index.php\/2025\/12\/05\/pagodenzelte\/","title":{"rendered":"Pagodenzelte 5 x 5 m \u2013 Stilvolle Eventl\u00f6sungen mit System"},"content":{"rendered":"\n<div style=\"height:15px\" aria-hidden=\"true\" class=\"wp-block-spacer\"><\/div>\n\n\n\n<figure class=\"wp-block-image size-full has-custom-border\"><img loading=\"lazy\" decoding=\"async\" width=\"960\" height=\"500\" src=\"https:\/\/kellerdesign.de\/wp-content\/uploads\/2025\/12\/keller-design-events-Pagodenzelte-5x5m-mietmoebel.jpg\" alt=\"pagodenzelte-5-x-5-m-eventservice\" class=\"wp-image-13965\" style=\"border-top-left-radius:2px;border-top-right-radius:2px;border-bottom-left-radius:2px;border-bottom-right-radius:2px\" srcset=\"https:\/\/kellerdesign.de\/wp-content\/uploads\/2025\/12\/keller-design-events-Pagodenzelte-5x5m-mietmoebel.jpg 960w, https:\/\/kellerdesign.de\/wp-content\/uploads\/2025\/12\/keller-design-events-Pagodenzelte-5x5m-mietmoebel-300x156.jpg 300w, https:\/\/kellerdesign.de\/wp-content\/uploads\/2025\/12\/keller-design-events-Pagodenzelte-5x5m-mietmoebel-768x400.jpg 768w\" sizes=\"auto, (max-width: 960px) 100vw, 960px\" \/><\/figure>\n\n\n\n<div style=\"height:80px\" aria-hidden=\"true\" class=\"wp-block-spacer\"><\/div>\n\n\n\n<h2 class=\"wp-block-heading\">Pagodenzelte 5 x 5 m von Keller Design Eventsservice<\/h2>\n\n\n\n<div style=\"height:25px\" aria-hidden=\"true\" class=\"wp-block-spacer\"><\/div>\n\n\n\n<p class=\"has-text-color has-link-color wp-elements-35f35c3390c8261f784863d47c2b0ce8\" style=\"color:#555555\">Unsere hochwertigen Eventzelte in der Gr\u00f6\u00dfe 5 x 5 Meter eignen sich ideal f\u00fcr vielseitige Eins\u00e4tze im Event-, Messe- und Promotionbereich. Mit stabilem Boden und eleganten schwarzen Planen bieten sie nicht nur zuverl\u00e4ssigen Wetterschutz, sondern auch eine besonders hochwertige Optik. <br><br>Ob als VIP-Area, Lounge-Bereich, Empfangszelt, Aktionsfl\u00e4che oder Messe-Au\u00dfenstand \u2013 die klaren Linien der Pagodenzelte sorgen f\u00fcr einen modernen und professionellen Auftritt bei jeder Veranstaltung. <br><br><strong>Ihre Vorteile auf einen Blick <\/strong><br><br><img loading=\"lazy\" decoding=\"async\" width=\"15\" height=\"15\" class=\"wp-image-12115\" style=\"width: 15px;\" src=\"https:\/\/kellerdesign.de\/wp-content\/uploads\/2025\/05\/symbol-haekchen-keller-design.jpg\" alt=\"\"> 25 m\u00b2 Standfl\u00e4che (5 x 5 m) <br><img loading=\"lazy\" decoding=\"async\" width=\"15\" height=\"15\" class=\"wp-image-12115\" style=\"width: 15px;\" src=\"https:\/\/kellerdesign.de\/wp-content\/uploads\/2025\/05\/symbol-haekchen-keller-design.jpg\" alt=\"\"> Inklusive hochwertigem Boden <br><img loading=\"lazy\" decoding=\"async\" width=\"15\" height=\"15\" class=\"wp-image-12115\" style=\"width: 15px;\" src=\"https:\/\/kellerdesign.de\/wp-content\/uploads\/2025\/05\/symbol-haekchen-keller-design.jpg\" alt=\"\"> Schwarze Planen f\u00fcr eine edle Optik <br><img loading=\"lazy\" decoding=\"async\" width=\"15\" height=\"15\" class=\"wp-image-12115\" style=\"width: 15px;\" src=\"https:\/\/kellerdesign.de\/wp-content\/uploads\/2025\/05\/symbol-haekchen-keller-design.jpg\" alt=\"\"> Stabil, wetterfest &amp; sicher <br><img loading=\"lazy\" decoding=\"async\" width=\"15\" height=\"15\" class=\"wp-image-12115\" style=\"width: 15px;\" src=\"https:\/\/kellerdesign.de\/wp-content\/uploads\/2025\/05\/symbol-haekchen-keller-design.jpg\" alt=\"\"> Modular erweiterbar <br><img loading=\"lazy\" decoding=\"async\" width=\"15\" height=\"15\" class=\"wp-image-12115\" style=\"width: 15px;\" src=\"https:\/\/kellerdesign.de\/wp-content\/uploads\/2025\/05\/symbol-haekchen-keller-design.jpg\" alt=\"\"> F\u00fcr Messen, Events, Roadshows und Outdoor-Veranstaltungen <br><br><strong>Flexibel einsetzbar \u2013 zuverl\u00e4ssig umgesetzt <\/strong><br><br>Unsere Pagodenzelte lassen sich einzeln nutzen oder zu gr\u00f6\u00dferen Zeltlandschaften kombinieren.<br>Auf Wunsch \u00fcbernehmen wir Transport, Auf- und Abbau sowie die komplette Planung mit Logistik \u2013 <br>zuverl\u00e4ssig und termingerecht. <br><br><strong>F\u00fcr Events mit Anspruch <\/strong><br><br>Setzten Sie auf eine stilvolle Eventpr\u00e4sentation, die Funktionalit\u00e4t und Design perfekt verbindet. <br>Unsere schwarzen Pagodenzelte schaffen eine exklusive Atmosph\u00e4re und unterstreichen einen <br>hochwertigen Veranstaltungscharakter. <br><br><a href=\"https:\/\/kellerdesign.de\/index.php\/kontakt-kellerdesign\/\" target=\"_blank\" rel=\"noreferrer noopener\">Jetzt unverbindlich anfragen <img loading=\"lazy\" decoding=\"async\" width=\"12\" height=\"12\" class=\"wp-image-11501\" style=\"width: 12px;\" src=\"https:\/\/kellerdesign.de\/wp-content\/uploads\/2025\/02\/link-symbol.png\" alt=\"verlinkung-keller-design\" srcset=\"https:\/\/kellerdesign.de\/wp-content\/uploads\/2025\/02\/link-symbol.png 300w, https:\/\/kellerdesign.de\/wp-content\/uploads\/2025\/02\/link-symbol-150x150.png 150w\" sizes=\"auto, (max-width: 12px) 100vw, 12px\" \/><\/a> \u2013 wir beraten Sie gerne pers\u00f6nlich.<\/p>\n\n\n\n<div style=\"height:100px\" aria-hidden=\"true\" class=\"wp-block-spacer\"><\/div>\n\n\n\n<h6 class=\"wp-block-heading\"><em><a href=\"https:\/\/www.instagram.com\/kd_messe.event\/?hl=de\" target=\"_blank\" rel=\"noreferrer noopener\">Pagodenzelt 5 x 5 m<\/a><\/em><\/h6>\n","protected":false},"excerpt":{"rendered":"<p>Pagodenzelte 5 x 5 m von Keller Design Eventsservice Unsere hochwertigen Eventzelte in der Gr\u00f6\u00dfe 5 x 5 Meter eignen sich ideal f\u00fcr vielseitige Eins\u00e4tze im Event-, Messe- und Promotionbereich. Mit stabilem Boden und eleganten schwarzen Planen bieten sie nicht nur zuverl\u00e4ssigen Wetterschutz, sondern auch eine besonders hochwertige Optik. Ob als VIP-Area, Lounge-Bereich, Empfangszelt, Aktionsfl\u00e4che [&hellip;]<\/p>\n","protected":false},"author":1,"featured_media":0,"comment_status":"closed","ping_status":"open","sticky":false,"template":"","format":"standard","meta":{"_coblocks_attr":"","_coblocks_dimensions":"","_coblocks_responsive_height":"","_coblocks_accordion_ie_support":"","site-sidebar-layout":"default","site-content-layout":"","ast-site-content-layout":"default","site-content-style":"default","site-sidebar-style":"default","ast-global-header-display":"","ast-banner-title-visibility":"","ast-main-header-display":"","ast-hfb-above-header-display":"","ast-hfb-below-header-display":"","ast-hfb-mobile-header-display":"","site-post-title":"","ast-breadcrumbs-content":"","ast-featured-img":"","footer-sml-layout":"","ast-disable-related-posts":"","theme-transparent-header-meta":"","adv-header-id-meta":"","stick-header-meta":"","header-above-stick-meta":"","header-main-stick-meta":"","header-below-stick-meta":"","astra-migrate-meta-layouts":"set","ast-page-background-enabled":"default","ast-page-background-meta":{"desktop":{"background-color":"","background-image":"","background-repeat":"repeat","background-position":"center center","background-size":"auto","background-attachment":"scroll","background-type":"","background-media":"","overlay-type":"","overlay-color":"","overlay-opacity":"","overlay-gradient":""},"tablet":{"background-color":"","background-image":"","background-repeat":"repeat","background-position":"center center","background-size":"auto","background-attachment":"scroll","background-type":"","background-media":"","overlay-type":"","overlay-color":"","overlay-opacity":"","overlay-gradient":""},"mobile":{"background-color":"","background-image":"","background-repeat":"repeat","background-position":"center center","background-size":"auto","background-attachment":"scroll","background-type":"","background-media":"","overlay-type":"","overlay-color":"","overlay-opacity":"","overlay-gradient":""}},"ast-content-background-meta":{"desktop":{"background-color":"var(--ast-global-color-5)","background-image":"","background-repeat":"repeat","background-position":"center center","background-size":"auto","background-attachment":"scroll","background-type":"","background-media":"","overlay-type":"","overlay-color":"","overlay-opacity":"","overlay-gradient":""},"tablet":{"background-color":"var(--ast-global-color-5)","background-image":"","background-repeat":"repeat","background-position":"center center","background-size":"auto","background-attachment":"scroll","background-type":"","background-media":"","overlay-type":"","overlay-color":"","overlay-opacity":"","overlay-gradient":""},"mobile":{"background-color":"var(--ast-global-color-5)","background-image":"","background-repeat":"repeat","background-position":"center center","background-size":"auto","background-attachment":"scroll","background-type":"","background-media":"","overlay-type":"","overlay-color":"","overlay-opacity":"","overlay-gradient":""}},"_jetpack_memberships_contains_paid_content":false,"footnotes":""},"categories":[166],"tags":[155,58,478,353,177,209,153,149],"class_list":["post-13895","post","type-post","status-publish","format-standard","hentry","category-mietmoebel","tag-eventausstattung","tag-eventservice","tag-pagodenzelte","tag-roadshow","tag-veranstaltungsequipment","tag-veranstaltungslogistik","tag-veranstaltungsservice","tag-vermietung"],"jetpack_featured_media_url":"","jetpack_sharing_enabled":true,"_links":{"self":[{"href":"https:\/\/kellerdesign.de\/index.php\/wp-json\/wp\/v2\/posts\/13895","targetHints":{"allow":["GET"]}}],"collection":[{"href":"https:\/\/kellerdesign.de\/index.php\/wp-json\/wp\/v2\/posts"}],"about":[{"href":"https:\/\/kellerdesign.de\/index.php\/wp-json\/wp\/v2\/types\/post"}],"author":[{"embeddable":true,"href":"https:\/\/kellerdesign.de\/index.php\/wp-json\/wp\/v2\/users\/1"}],"replies":[{"embeddable":true,"href":"https:\/\/kellerdesign.de\/index.php\/wp-json\/wp\/v2\/comments?post=13895"}],"version-history":[{"count":32,"href":"https:\/\/kellerdesign.de\/index.php\/wp-json\/wp\/v2\/posts\/13895\/revisions"}],"predecessor-version":[{"id":14124,"href":"https:\/\/kellerdesign.de\/index.php\/wp-json\/wp\/v2\/posts\/13895\/revisions\/14124"}],"wp:attachment":[{"href":"https:\/\/kellerdesign.de\/index.php\/wp-json\/wp\/v2\/media?parent=13895"}],"wp:term":[{"taxonomy":"category","embeddable":true,"href":"https:\/\/kellerdesign.de\/index.php\/wp-json\/wp\/v2\/categories?post=13895"},{"taxonomy":"post_tag","embeddable":true,"href":"https:\/\/kellerdesign.de\/index.php\/wp-json\/wp\/v2\/tags?post=13895"}],"curies":[{"name":"wp","href":"https:\/\/api.w.org\/{rel}","templated":true}]}}