{"id":14257,"date":"2026-03-10T15:01:41","date_gmt":"2026-03-10T14:01:41","guid":{"rendered":"https:\/\/kellerdesign.de\/?p=14257"},"modified":"2026-03-10T15:01:48","modified_gmt":"2026-03-10T14:01:48","slug":"messebau-light-building","status":"publish","type":"post","link":"https:\/\/kellerdesign.de\/index.php\/2026\/03\/10\/messebau-light-building\/","title":{"rendered":"Messebau Light + Building Frankfurt: Erfolgreicher Messeauftritt mit Neukundengewinnung"},"content":{"rendered":"\n<h2 class=\"wp-block-heading\">Messebau Light + Building 2026 vom 08. \u2013 13. M\u00e4rz<\/h2>\n\n\n\n<div style=\"height:35px\" aria-hidden=\"true\" class=\"wp-block-spacer\"><\/div>\n\n\n\n<p class=\"has-text-color has-link-color wp-elements-071d178a4b08518e8164102821c26549\" style=\"color:#555555\">Mit unserem Neukunden auf der Light + Building 2026 in Frankfurt haben wir ein besonderes Projekt realisiert. Die Light + Building ist die weltweit f\u00fchrende Fachmesse f\u00fcr Licht und Geb\u00e4udetechnik und gilt als internationaler Branchentreffpunkt f\u00fcr Experten aus Lichtdesign, Architektur, Elektrotechnik sowie <br>Geb\u00e4ude und Systemtechnik.<br><br>F\u00fcr uns war die Messe in Frankfurt in diesem Jahr besonders spannend \u2013 erstmals betreuten wir die Firma <strong><a href=\"https:\/\/www.nemko.com\/de\/\" target=\"_blank\" rel=\"noreferrer noopener\">NEMKO GmbH<\/a><\/strong> als Neukunden auf der Light + Building <a href=\"https:\/\/light-building.messefrankfurt.com\/frankfurt\/en.html\" target=\"_blank\" rel=\"noreferrer noopener\"><img loading=\"lazy\" decoding=\"async\" width=\"12\" height=\"12\" class=\"wp-image-11501\" style=\"width: 12px;\" src=\"https:\/\/kellerdesign.de\/wp-content\/uploads\/2025\/02\/link-symbol.png\" alt=\"verlinkung-keller-design\" srcset=\"https:\/\/kellerdesign.de\/wp-content\/uploads\/2025\/02\/link-symbol.png 300w, https:\/\/kellerdesign.de\/wp-content\/uploads\/2025\/02\/link-symbol-150x150.png 150w\" sizes=\"auto, (max-width: 12px) 100vw, 12px\" \/><\/a>.<br><br>Individuelles Standkonzept f\u00fcr einen starken Auftritt.<br><br>F\u00fcr unseren Neukunden auf der Light + Building entwickelten wir ein passgenaues Standkonzept, <br>das Markenbotschaft und die skandinavischen Unternehmenswerte klar transportiert. <br><br><strong>Das Ergebnis<\/strong>:<br><img loading=\"lazy\" decoding=\"async\" width=\"5\" height=\"5\" class=\"wp-image-12608\" style=\"width: 5px;\" src=\"https:\/\/kellerdesign.de\/wp-content\/uploads\/2025\/07\/aufzaehlung.jpg\" alt=\"keller-design-messen-events-nordschwarzwald\"> Ein offenes und einladendes Standdesign<br><img loading=\"lazy\" decoding=\"async\" width=\"5\" height=\"5\" class=\"wp-image-12608\" style=\"width: 5px;\" src=\"https:\/\/kellerdesign.de\/wp-content\/uploads\/2025\/07\/aufzaehlung.jpg\" alt=\"keller-design-messen-events-nordschwarzwald\"> Warme Farben und nat\u00fcrliche Holzakzente f\u00fcr eine gem\u00fctliche Wohlf\u00fchl-Atmosph\u00e4re<br><img loading=\"lazy\" decoding=\"async\" width=\"5\" height=\"5\" class=\"wp-image-12608\" style=\"width: 5px;\" src=\"https:\/\/kellerdesign.de\/wp-content\/uploads\/2025\/07\/aufzaehlung.jpg\" alt=\"keller-design-messen-events-nordschwarzwald\"> Pr\u00e4gnante Motivbanner, die die Kernbotschaft sichtbar in Szene setzten, darunter ein gro\u00dfes Leuchtbanner<br><img loading=\"lazy\" decoding=\"async\" width=\"5\" height=\"5\" class=\"wp-image-12608\" style=\"width: 5px;\" src=\"https:\/\/kellerdesign.de\/wp-content\/uploads\/2025\/07\/aufzaehlung.jpg\" alt=\"keller-design-messen-events-nordschwarzwald\"> Ein formsch\u00f6nes 3D-Acryl-Logo an der h\u00f6lzernen Kabinenfront als markanter Blickfang<br><img loading=\"lazy\" decoding=\"async\" width=\"5\" height=\"5\" class=\"wp-image-12608\" style=\"width: 5px;\" src=\"https:\/\/kellerdesign.de\/wp-content\/uploads\/2025\/07\/aufzaehlung.jpg\" alt=\"keller-design-messen-events-nordschwarzwald\"> Eine komfortable Lounge sowie zus\u00e4tzliche Sitzbereiche f\u00fcr erfolgreiche Kundengespr\u00e4che <br><br>Mit diesem durchdachten Messeauftritt konnte sich unser Neukunde auf der Light + Building in Frankfurt optimal und erstmals in Deutschland pr\u00e4sentieren und wertvolle Kontakte kn\u00fcpfen.<br><br><strong>Messebau Light + Building 2026:<\/strong><br>Erfolgreicher Zusammenarbeit mit Zukunft <img loading=\"lazy\" decoding=\"async\" width=\"16\" height=\"16\" class=\"wp-image-12115\" style=\"width: 16px;\" src=\"https:\/\/kellerdesign.de\/wp-content\/uploads\/2025\/05\/symbol-haekchen-keller-design.jpg\" alt=\"\"><br>Die erste Zusammenarbeit mit der Firma NEMKO GmbH war f\u00fcr uns ein voller Erfolg. <br><br>Wir bedanken uns herzlich f\u00fcr das entgegengebrachte Vertrauen und freuen uns, das Unternehmen auch zuk\u00fcnftig zu unserem Kundenkreis z\u00e4hlen zu d\u00fcrfen.<br><br>Wir blicken mit Vorfreude auf weitere gemeinsame Projekte und Messeauftritte. <br><br><br><em><a href=\"https:\/\/kellerdesign.de\/index.php\/messestaende-kellerdesign\/messebau-galerie\/\" target=\"_blank\" rel=\"noreferrer noopener\">Von der ersten Idee bis zum fertigen Messeauftritt stehen wir unseren Kunden als Full-Service-Messebaupartner zur Seite und schaffen individuelle L\u00f6sungen mit nachhaltiger Wirkung. <\/a><\/em><mark style=\"background-color:rgba(0, 0, 0, 0)\" class=\"has-inline-color has-ast-global-color-3-color\"><a href=\"https:\/\/kellerdesign.de\/index.php\/messestaende-kellerdesign\/messebau-galerie\/\" target=\"_blank\" rel=\"noreferrer noopener\"><em><img loading=\"lazy\" decoding=\"async\" width=\"12\" height=\"12\" class=\"wp-image-11501\" style=\"width: 12px;\" src=\"https:\/\/kellerdesign.de\/wp-content\/uploads\/2025\/02\/link-symbol.png\" alt=\"verlinkung-keller-design\" srcset=\"https:\/\/kellerdesign.de\/wp-content\/uploads\/2025\/02\/link-symbol.png 300w, https:\/\/kellerdesign.de\/wp-content\/uploads\/2025\/02\/link-symbol-150x150.png 150w\" sizes=\"auto, (max-width: 12px) 100vw, 12px\" \/><\/em><\/a><\/mark><\/p>\n\n\n\n<div style=\"height:35px\" aria-hidden=\"true\" class=\"wp-block-spacer\"><\/div>\n\n\n\n<div class=\"wp-block-columns is-layout-flex wp-container-core-columns-is-layout-28f84493 wp-block-columns-is-layout-flex\">\n<div class=\"wp-block-column is-layout-flow wp-block-column-is-layout-flow\">\n<figure class=\"wp-block-image size-full is-resized has-custom-border\"><a href=\"https:\/\/kellerdesign.de\/wp-content\/uploads\/2026\/03\/messebau-frankfurt-32m\u00b2.jpg\" target=\"_blank\" rel=\" noreferrer noopener\"><img loading=\"lazy\" decoding=\"async\" width=\"400\" height=\"300\" src=\"https:\/\/kellerdesign.de\/wp-content\/uploads\/2026\/03\/messebau-frankfurt-32m\u00b2.jpg\" alt=\"messebau-light+building-keller-design\" class=\"wp-image-14328\" style=\"border-top-left-radius:10px;border-top-right-radius:10px;border-bottom-left-radius:10px;border-bottom-right-radius:10px;width:320px\" srcset=\"https:\/\/kellerdesign.de\/wp-content\/uploads\/2026\/03\/messebau-frankfurt-32m\u00b2.jpg 400w, https:\/\/kellerdesign.de\/wp-content\/uploads\/2026\/03\/messebau-frankfurt-32m\u00b2-300x225.jpg 300w\" sizes=\"auto, (max-width: 400px) 100vw, 400px\" \/><\/a><\/figure>\n<\/div>\n\n\n\n<div class=\"wp-block-column is-layout-flow wp-block-column-is-layout-flow\">\n<figure class=\"wp-block-image size-full is-resized has-custom-border\"><a href=\"https:\/\/kellerdesign.de\/wp-content\/uploads\/2026\/03\/messebau-lightbuilding-32m\u00b2.jpg\" target=\"_blank\" rel=\" noreferrer noopener\"><img loading=\"lazy\" decoding=\"async\" width=\"400\" height=\"300\" src=\"https:\/\/kellerdesign.de\/wp-content\/uploads\/2026\/03\/messebau-lightbuilding-32m\u00b2.jpg\" alt=\"messebau-light+building-32m\u00b2\" class=\"wp-image-14329\" style=\"border-top-left-radius:10px;border-top-right-radius:10px;border-bottom-left-radius:10px;border-bottom-right-radius:10px;width:320px\" srcset=\"https:\/\/kellerdesign.de\/wp-content\/uploads\/2026\/03\/messebau-lightbuilding-32m\u00b2.jpg 400w, https:\/\/kellerdesign.de\/wp-content\/uploads\/2026\/03\/messebau-lightbuilding-32m\u00b2-300x225.jpg 300w\" sizes=\"auto, (max-width: 400px) 100vw, 400px\" \/><\/a><\/figure>\n<\/div>\n<\/div>\n\n\n\n<div style=\"height:100px\" aria-hidden=\"true\" class=\"wp-block-spacer\"><\/div>\n\n\n\n<h6 class=\"wp-block-heading\"><em><a href=\"https:\/\/light-building.messefrankfurt.com\/frankfurt\/en.html\" target=\"_blank\" rel=\"noreferrer noopener\">Messebau Light + Building 2026 mit Neukundengewinnung<\/a><\/em><\/h6>\n","protected":false},"excerpt":{"rendered":"<p>Messebau Light + Building 2026 vom 08. \u2013 13. M\u00e4rz Mit unserem Neukunden auf der Light + Building 2026 in Frankfurt haben wir ein besonderes Projekt realisiert. Die Light + Building ist die weltweit f\u00fchrende Fachmesse f\u00fcr Licht und Geb\u00e4udetechnik und gilt als internationaler Branchentreffpunkt f\u00fcr Experten aus Lichtdesign, Architektur, Elektrotechnik sowie Geb\u00e4ude und Systemtechnik. [&hellip;]<\/p>\n","protected":false},"author":1,"featured_media":0,"comment_status":"closed","ping_status":"open","sticky":false,"template":"","format":"standard","meta":{"_coblocks_attr":"","_coblocks_dimensions":"","_coblocks_responsive_height":"","_coblocks_accordion_ie_support":"","site-sidebar-layout":"default","site-content-layout":"","ast-site-content-layout":"default","site-content-style":"default","site-sidebar-style":"default","ast-global-header-display":"","ast-banner-title-visibility":"","ast-main-header-display":"","ast-hfb-above-header-display":"","ast-hfb-below-header-display":"","ast-hfb-mobile-header-display":"","site-post-title":"","ast-breadcrumbs-content":"","ast-featured-img":"","footer-sml-layout":"","ast-disable-related-posts":"","theme-transparent-header-meta":"","adv-header-id-meta":"","stick-header-meta":"","header-above-stick-meta":"","header-main-stick-meta":"","header-below-stick-meta":"","astra-migrate-meta-layouts":"set","ast-page-background-enabled":"default","ast-page-background-meta":{"desktop":{"background-color":"","background-image":"","background-repeat":"repeat","background-position":"center center","background-size":"auto","background-attachment":"scroll","background-type":"","background-media":"","overlay-type":"","overlay-color":"","overlay-opacity":"","overlay-gradient":""},"tablet":{"background-color":"","background-image":"","background-repeat":"repeat","background-position":"center center","background-size":"auto","background-attachment":"scroll","background-type":"","background-media":"","overlay-type":"","overlay-color":"","overlay-opacity":"","overlay-gradient":""},"mobile":{"background-color":"","background-image":"","background-repeat":"repeat","background-position":"center center","background-size":"auto","background-attachment":"scroll","background-type":"","background-media":"","overlay-type":"","overlay-color":"","overlay-opacity":"","overlay-gradient":""}},"ast-content-background-meta":{"desktop":{"background-color":"var(--ast-global-color-5)","background-image":"","background-repeat":"repeat","background-position":"center center","background-size":"auto","background-attachment":"scroll","background-type":"","background-media":"","overlay-type":"","overlay-color":"","overlay-opacity":"","overlay-gradient":""},"tablet":{"background-color":"var(--ast-global-color-5)","background-image":"","background-repeat":"repeat","background-position":"center center","background-size":"auto","background-attachment":"scroll","background-type":"","background-media":"","overlay-type":"","overlay-color":"","overlay-opacity":"","overlay-gradient":""},"mobile":{"background-color":"var(--ast-global-color-5)","background-image":"","background-repeat":"repeat","background-position":"center center","background-size":"auto","background-attachment":"scroll","background-type":"","background-media":"","overlay-type":"","overlay-color":"","overlay-opacity":"","overlay-gradient":""}},"_jetpack_memberships_contains_paid_content":false,"footnotes":""},"categories":[45],"tags":[160,40,479,321,46,343],"class_list":["post-14257","post","type-post","status-publish","format-standard","hentry","category-messestaende-mit-charakter","tag-messe-frankfurt","tag-messebau","tag-messebau-2026","tag-messebau-frankfurt","tag-standbau","tag-top-messe"],"jetpack_featured_media_url":"","jetpack_sharing_enabled":true,"_links":{"self":[{"href":"https:\/\/kellerdesign.de\/index.php\/wp-json\/wp\/v2\/posts\/14257","targetHints":{"allow":["GET"]}}],"collection":[{"href":"https:\/\/kellerdesign.de\/index.php\/wp-json\/wp\/v2\/posts"}],"about":[{"href":"https:\/\/kellerdesign.de\/index.php\/wp-json\/wp\/v2\/types\/post"}],"author":[{"embeddable":true,"href":"https:\/\/kellerdesign.de\/index.php\/wp-json\/wp\/v2\/users\/1"}],"replies":[{"embeddable":true,"href":"https:\/\/kellerdesign.de\/index.php\/wp-json\/wp\/v2\/comments?post=14257"}],"version-history":[{"count":34,"href":"https:\/\/kellerdesign.de\/index.php\/wp-json\/wp\/v2\/posts\/14257\/revisions"}],"predecessor-version":[{"id":14333,"href":"https:\/\/kellerdesign.de\/index.php\/wp-json\/wp\/v2\/posts\/14257\/revisions\/14333"}],"wp:attachment":[{"href":"https:\/\/kellerdesign.de\/index.php\/wp-json\/wp\/v2\/media?parent=14257"}],"wp:term":[{"taxonomy":"category","embeddable":true,"href":"https:\/\/kellerdesign.de\/index.php\/wp-json\/wp\/v2\/categories?post=14257"},{"taxonomy":"post_tag","embeddable":true,"href":"https:\/\/kellerdesign.de\/index.php\/wp-json\/wp\/v2\/tags?post=14257"}],"curies":[{"name":"wp","href":"https:\/\/api.w.org\/{rel}","templated":true}]}}