{"id":14464,"date":"2026-04-27T11:23:01","date_gmt":"2026-04-27T09:23:01","guid":{"rendered":"https:\/\/kellerdesign.de\/?p=14464"},"modified":"2026-04-29T13:11:26","modified_gmt":"2026-04-29T11:11:26","slug":"messebau-bremen-2026","status":"publish","type":"post","link":"https:\/\/kellerdesign.de\/index.php\/2026\/04\/27\/messebau-bremen-2026\/","title":{"rendered":"Messebau Bremen: Gelungener Messestand auf der jazzahead! 2026"},"content":{"rendered":"\n<div style=\"height:25px\" aria-hidden=\"true\" class=\"wp-block-spacer\"><\/div>\n\n\n\n<h2 class=\"wp-block-heading\">Messebau Bremen: jazzahead! vom 23. \u2013 25. April 2026<\/h2>\n\n\n\n<div style=\"height:25px\" aria-hidden=\"true\" class=\"wp-block-spacer\"><\/div>\n\n\n\n<p class=\"has-text-color has-link-color wp-elements-3900d65eb52089474c6c97db44a371a5\" style=\"color:#555555\">Im April 2026 fand in Bremen erneut die internationale Jazzmesse jazzahead! statt \u2013 ein Pflichttermin f\u00fcr die globale Jazzszene. Die Veranstaltung begeistert jedes Jahr mit hochkar\u00e4tigen K\u00fcnstlern und K\u00fcnstlerinnen, innovativen Formaten sowie zeitgen\u00f6ssischem Jazz aus Deutschland, Europa und \u00dcbersee.<br><br>Im Rahmen unseres Messebauauftrags in Bremen haben wir auch in diesem Jahr den Messestand <br>des <a href=\"https:\/\/jazzverband-bw.de\/\" target=\"_blank\" rel=\"noreferrer noopener\"><strong>Jazzverbands Baden-W\u00fcrttemberg e.V<\/strong><\/a>. realisiert. Auf rund 27 m\u00b2 Standfl\u00e4che entstand ein aufmerksamkeitsstarker Messeauftritt, der durch gezielte Beleuchtung und markante Farbgebung <br>sofort ins Auge fiel.<br><br>Das bew\u00e4hrte Standkonzept wurde dabei leicht weiterentwickelt. Ein gro\u00dfformatiges Leuchtbanner <br>setzte den Messestand wirkungsvoll in Szene und sorgte f\u00fcr eine gute Fernwirkung.<br><br>Der Messebau f\u00fcr die jazzahead! in Bremen zeigt, wie durchdachter Standbau, klare Gestaltung <br>und passgenaue Pr\u00e4sentation zu einem erfolgreichen Messeauftritt beitragen k\u00f6nnen.<br><br>Wir bedanken uns herzlich f\u00fcr das Vertrauen und die langj\u00e4hrige Zusammenarbeit. <br><br><a href=\"https:\/\/kellerdesign.de\/index.php\/kontakt-kellerdesign\/\" target=\"_blank\" rel=\"noreferrer noopener\">Keller Design \u2013 Messen &amp; Events \u2013 GmbH <img loading=\"lazy\" decoding=\"async\" width=\"10\" height=\"10\" class=\"wp-image-11501\" style=\"width: 10px;\" src=\"https:\/\/kellerdesign.de\/wp-content\/uploads\/2025\/02\/link-symbol.png\" alt=\"verlinkung-keller-design\" srcset=\"https:\/\/kellerdesign.de\/wp-content\/uploads\/2025\/02\/link-symbol.png 300w, https:\/\/kellerdesign.de\/wp-content\/uploads\/2025\/02\/link-symbol-150x150.png 150w\" sizes=\"auto, (max-width: 10px) 100vw, 10px\" \/><\/a> realisiert Messebau-Projekte in ganz Deutschland \u2013 <br>von Stuttgart \u00fcber Frankfurt bis Bremen.<\/p>\n\n\n\n<div style=\"height:25px\" aria-hidden=\"true\" class=\"wp-block-spacer\"><\/div>\n\n\n\n<figure class=\"wp-block-image size-full is-resized has-custom-border\"><a href=\"https:\/\/kellerdesign.de\/wp-content\/uploads\/2026\/04\/messebau-bremen-27m\u00b2-messestand.jpg\" target=\"_blank\" rel=\" noreferrer noopener\"><img loading=\"lazy\" decoding=\"async\" width=\"500\" height=\"320\" src=\"https:\/\/kellerdesign.de\/wp-content\/uploads\/2026\/04\/messebau-bremen-27m\u00b2-messestand.jpg\" alt=\"messebau-bremen-keller-design-standbau\" class=\"wp-image-14512\" style=\"border-top-left-radius:10px;border-top-right-radius:10px;border-bottom-left-radius:10px;border-bottom-right-radius:10px;aspect-ratio:1.5625762976707847;width:319px;height:auto\" srcset=\"https:\/\/kellerdesign.de\/wp-content\/uploads\/2026\/04\/messebau-bremen-27m\u00b2-messestand.jpg 500w, https:\/\/kellerdesign.de\/wp-content\/uploads\/2026\/04\/messebau-bremen-27m\u00b2-messestand-300x192.jpg 300w\" sizes=\"auto, (max-width: 500px) 100vw, 500px\" \/><\/a><\/figure>\n\n\n\n<div style=\"height:100px\" aria-hidden=\"true\" class=\"wp-block-spacer\"><\/div>\n\n\n\n<h6 class=\"wp-block-heading\"><em><a href=\"https:\/\/jazzahead.de\/de\/\" target=\"_blank\" rel=\"noreferrer noopener\">Messebau Bremen: jazzahead! 2026<\/a><\/em><\/h6>\n","protected":false},"excerpt":{"rendered":"<p>Messebau Bremen: jazzahead! vom 23. \u2013 25. April 2026 Im April 2026 fand in Bremen erneut die internationale Jazzmesse jazzahead! statt \u2013 ein Pflichttermin f\u00fcr die globale Jazzszene. Die Veranstaltung begeistert jedes Jahr mit hochkar\u00e4tigen K\u00fcnstlern und K\u00fcnstlerinnen, innovativen Formaten sowie zeitgen\u00f6ssischem Jazz aus Deutschland, Europa und \u00dcbersee. Im Rahmen unseres Messebauauftrags in Bremen haben [&hellip;]<\/p>\n","protected":false},"author":1,"featured_media":0,"comment_status":"closed","ping_status":"open","sticky":false,"template":"","format":"standard","meta":{"_coblocks_attr":"","_coblocks_dimensions":"","_coblocks_responsive_height":"","_coblocks_accordion_ie_support":"","site-sidebar-layout":"default","site-content-layout":"","ast-site-content-layout":"default","site-content-style":"default","site-sidebar-style":"default","ast-global-header-display":"","ast-banner-title-visibility":"","ast-main-header-display":"","ast-hfb-above-header-display":"","ast-hfb-below-header-display":"","ast-hfb-mobile-header-display":"","site-post-title":"","ast-breadcrumbs-content":"","ast-featured-img":"","footer-sml-layout":"","ast-disable-related-posts":"","theme-transparent-header-meta":"","adv-header-id-meta":"","stick-header-meta":"","header-above-stick-meta":"","header-main-stick-meta":"","header-below-stick-meta":"","astra-migrate-meta-layouts":"set","ast-page-background-enabled":"default","ast-page-background-meta":{"desktop":{"background-color":"","background-image":"","background-repeat":"repeat","background-position":"center center","background-size":"auto","background-attachment":"scroll","background-type":"","background-media":"","overlay-type":"","overlay-color":"","overlay-opacity":"","overlay-gradient":""},"tablet":{"background-color":"","background-image":"","background-repeat":"repeat","background-position":"center center","background-size":"auto","background-attachment":"scroll","background-type":"","background-media":"","overlay-type":"","overlay-color":"","overlay-opacity":"","overlay-gradient":""},"mobile":{"background-color":"","background-image":"","background-repeat":"repeat","background-position":"center center","background-size":"auto","background-attachment":"scroll","background-type":"","background-media":"","overlay-type":"","overlay-color":"","overlay-opacity":"","overlay-gradient":""}},"ast-content-background-meta":{"desktop":{"background-color":"var(--ast-global-color-5)","background-image":"","background-repeat":"repeat","background-position":"center center","background-size":"auto","background-attachment":"scroll","background-type":"","background-media":"","overlay-type":"","overlay-color":"","overlay-opacity":"","overlay-gradient":""},"tablet":{"background-color":"var(--ast-global-color-5)","background-image":"","background-repeat":"repeat","background-position":"center center","background-size":"auto","background-attachment":"scroll","background-type":"","background-media":"","overlay-type":"","overlay-color":"","overlay-opacity":"","overlay-gradient":""},"mobile":{"background-color":"var(--ast-global-color-5)","background-image":"","background-repeat":"repeat","background-position":"center center","background-size":"auto","background-attachment":"scroll","background-type":"","background-media":"","overlay-type":"","overlay-color":"","overlay-opacity":"","overlay-gradient":""}},"_jetpack_memberships_contains_paid_content":false,"footnotes":""},"categories":[45],"tags":[40,479,443,51,446,46],"class_list":["post-14464","post","type-post","status-publish","format-standard","hentry","category-messestaende-mit-charakter","tag-messebau","tag-messebau-2026","tag-messebau-bremen","tag-messestand","tag-messestandort-bremen","tag-standbau"],"jetpack_featured_media_url":"","jetpack_sharing_enabled":true,"_links":{"self":[{"href":"https:\/\/kellerdesign.de\/index.php\/wp-json\/wp\/v2\/posts\/14464","targetHints":{"allow":["GET"]}}],"collection":[{"href":"https:\/\/kellerdesign.de\/index.php\/wp-json\/wp\/v2\/posts"}],"about":[{"href":"https:\/\/kellerdesign.de\/index.php\/wp-json\/wp\/v2\/types\/post"}],"author":[{"embeddable":true,"href":"https:\/\/kellerdesign.de\/index.php\/wp-json\/wp\/v2\/users\/1"}],"replies":[{"embeddable":true,"href":"https:\/\/kellerdesign.de\/index.php\/wp-json\/wp\/v2\/comments?post=14464"}],"version-history":[{"count":18,"href":"https:\/\/kellerdesign.de\/index.php\/wp-json\/wp\/v2\/posts\/14464\/revisions"}],"predecessor-version":[{"id":14521,"href":"https:\/\/kellerdesign.de\/index.php\/wp-json\/wp\/v2\/posts\/14464\/revisions\/14521"}],"wp:attachment":[{"href":"https:\/\/kellerdesign.de\/index.php\/wp-json\/wp\/v2\/media?parent=14464"}],"wp:term":[{"taxonomy":"category","embeddable":true,"href":"https:\/\/kellerdesign.de\/index.php\/wp-json\/wp\/v2\/categories?post=14464"},{"taxonomy":"post_tag","embeddable":true,"href":"https:\/\/kellerdesign.de\/index.php\/wp-json\/wp\/v2\/tags?post=14464"}],"curies":[{"name":"wp","href":"https:\/\/api.w.org\/{rel}","templated":true}]}}