{"id":14858,"date":"2026-08-26T10:00:00","date_gmt":"2026-08-26T08:00:00","guid":{"rendered":"https:\/\/kellerdesign.de\/?p=14858"},"modified":"2026-08-10T10:42:38","modified_gmt":"2026-08-10T08:42:38","slug":"messebau-stuttgart-2026","status":"publish","type":"post","link":"https:\/\/kellerdesign.de\/index.php\/2026\/08\/26\/messebau-stuttgart-2026\/","title":{"rendered":"Messebau Stuttgart 2026: Keller Design auf der AMB"},"content":{"rendered":"\n<div style=\"height:25px\" aria-hidden=\"true\" class=\"wp-block-spacer\"><\/div>\n\n\n\n<h2 class=\"wp-block-heading\">Keller Design \u2013 Messen &amp; Events \u2013 GmbH: Ihr Partner f\u00fcr Messebau in Stuttgart<\/h2>\n\n\n\n<div style=\"height:35px\" aria-hidden=\"true\" class=\"wp-block-spacer\"><\/div>\n\n\n\n<p class=\"has-text-color has-link-color wp-elements-1 wp-block-paragraph\" style=\"color:#555555\">Die Vorbereitungen f\u00fcr die AMB Stuttgart laufen auf Hochtouren. In diesem Jahr realisieren wir f\u00fcnf individuelle Messest\u00e4nde und freuen uns darauf, unsere Kunden auf einer der wichtigsten Fachmessen der Metallbearbeitung erfolgreich zu begleiten.<br><br>Dank unserer langj\u00e4hrigen Erfahrung im Messebau Stuttgart kennen wir die Anforderungen des Standorts genau. Die r\u00e4umliche N\u00e4he zur Messe erm\u00f6glicht kurze Wege, eine schnelle Reaktionszeit und eine pers\u00f6nliche Betreuung \u2013 von der ersten Idee bis zum fertig aufgebauten Messestand.<br><br>Jeder Messestand wird individuell auf Marke, Produkte und W\u00fcnsche unserer Kunden abgestimmt. Von der kreativen Konzeption \u00fcber die Planung und Fertigung bis hin zu Aufbau, Logistik und Betreuung vor Ort erhalten Sie bei uns alle Leistungen aus einer Hand.<br><br>Neben der <strong><a href=\"https:\/\/www.messe-stuttgart.de\/amb\/\" target=\"_blank\" rel=\"noreferrer noopener\">AMB<\/a><\/strong> realisieren wir auch regelm\u00e4\u00dfige Messeprojekte auf den anderen f\u00fchrenden Fachmessen in Stuttgart, darunter zum Beispiel die<strong><a href=\"https:\/\/www.logimat-messe.de\/\" target=\"_blank\" rel=\"noreferrer noopener\"> LogiMat<\/a><\/strong> und die <strong><a href=\"https:\/\/www.motek-messe.de\/\" target=\"_blank\" rel=\"noreferrer noopener\">Motek<\/a><\/strong>.<br>Mit durchdachten Standkonzepten schaffen wir aufmerksamkeitsstarke Markenauftritte, die Besucher ansprechen und in Erinnerung bleiben.<br><br>Messebau Stuttgart 2026: Messest\u00e4nde von Keller Design. Planen Sie Ihren n\u00e4chsten Messeauftritt in Stuttgart oder an einem anderen Messestandort? Wir entwickeln gemeinsam mit Ihnen ein individuelles Standkonzept, das Ihren Messeauftritt wirkungsvoll pr\u00e4sentiert.<br><br>Ihr n\u00e4chster Messeauftritt ist nur einen <strong><a href=\"https:\/\/kellerdesign.de\/index.php\/kontakt-kellerdesign\/\">Klick<\/a><\/strong> entfernt<sub><img loading=\"lazy\" decoding=\"async\" width=\"3\" height=\"3\" class=\"wp-image-12608\" style=\"width: 3px;\" src=\"https:\/\/kellerdesign.de\/wp-content\/uploads\/2025\/07\/aufzaehlung.jpg\" alt=\"keller-design-messen-events-nordschwarzwald\"><\/sub> Kontaktieren Sie uns &#8211; wir beraten Sie pers\u00f6nlich und unverbindlich<sub><img loading=\"lazy\" decoding=\"async\" width=\"3\" height=\"3\" class=\"wp-image-12608\" style=\"width: 3px;\" src=\"https:\/\/kellerdesign.de\/wp-content\/uploads\/2025\/07\/aufzaehlung.jpg\" alt=\"keller-design-messen-events-nordschwarzwald\"><\/sub><\/p>\n\n\n\n<div style=\"height:25px\" aria-hidden=\"true\" class=\"wp-block-spacer\"><\/div>\n\n\n\n<div class=\"wp-block-columns is-layout-flex wp-container-core-columns-is-layout-7387b849 wp-block-columns-is-layout-flex\">\n<div class=\"wp-block-column is-layout-flow wp-block-column-is-layout-flow\">\n<figure class=\"wp-block-image size-full is-resized has-custom-border\"><img loading=\"lazy\" decoding=\"async\" width=\"400\" height=\"350\" src=\"https:\/\/kellerdesign.de\/wp-content\/uploads\/2026\/08\/Messebau-Stuttgart-2026-Werkstatt.jpg\" alt=\"messebau-stuttgart-2026-keller-design-simmozheim\" class=\"wp-image-14862\" style=\"border-top-left-radius:10px;border-top-right-radius:10px;border-bottom-left-radius:10px;border-bottom-right-radius:10px;width:250px\" srcset=\"https:\/\/kellerdesign.de\/wp-content\/uploads\/2026\/08\/Messebau-Stuttgart-2026-Werkstatt.jpg 400w, https:\/\/kellerdesign.de\/wp-content\/uploads\/2026\/08\/Messebau-Stuttgart-2026-Werkstatt-300x263.jpg 300w\" sizes=\"auto, (max-width: 400px) 100vw, 400px\" \/><\/figure>\n<\/div>\n\n\n\n<div class=\"wp-block-column is-layout-flow wp-block-column-is-layout-flow\">\n<figure class=\"wp-block-image size-full is-resized has-custom-border\"><img loading=\"lazy\" decoding=\"async\" width=\"400\" height=\"350\" src=\"https:\/\/kellerdesign.de\/wp-content\/uploads\/2026\/08\/Messebau-Stuttgart-2026-Lagerlogistik-.jpg\" alt=\"messebau-stuttgart-2026-keller-design-lager\" class=\"wp-image-14865\" style=\"border-top-left-radius:10px;border-top-right-radius:10px;border-bottom-left-radius:10px;border-bottom-right-radius:10px;width:250px\" srcset=\"https:\/\/kellerdesign.de\/wp-content\/uploads\/2026\/08\/Messebau-Stuttgart-2026-Lagerlogistik-.jpg 400w, https:\/\/kellerdesign.de\/wp-content\/uploads\/2026\/08\/Messebau-Stuttgart-2026-Lagerlogistik--300x263.jpg 300w\" sizes=\"auto, (max-width: 400px) 100vw, 400px\" \/><\/figure>\n<\/div>\n<\/div>\n\n\n\n<div style=\"height:100px\" aria-hidden=\"true\" class=\"wp-block-spacer\"><\/div>\n\n\n\n<h6 class=\"wp-block-heading\"><em><a href=\"https:\/\/kellerdesign.de\/index.php\/2025\/07\/23\/top-messen-in-stuttgart\/\">Messebau Stuttgart 2026 \u2013 Ihr Partner f\u00fcr Top Messebau<\/a><\/em><\/h6>\n","protected":false},"excerpt":{"rendered":"<p>Keller Design \u2013 Messen &amp; Events \u2013 GmbH: Ihr Partner f\u00fcr Messebau in Stuttgart Die Vorbereitungen f\u00fcr die AMB Stuttgart laufen auf Hochtouren. In diesem Jahr realisieren wir f\u00fcnf individuelle Messest\u00e4nde und freuen uns darauf, unsere Kunden auf einer der wichtigsten Fachmessen der Metallbearbeitung erfolgreich zu begleiten. Dank unserer langj\u00e4hrigen Erfahrung im Messebau Stuttgart kennen [&hellip;]<\/p>\n","protected":false},"author":1,"featured_media":0,"comment_status":"closed","ping_status":"open","sticky":false,"template":"","format":"standard","meta":{"_coblocks_attr":"","_coblocks_dimensions":"","_coblocks_responsive_height":"","_coblocks_accordion_ie_support":"","site-sidebar-layout":"default","site-content-layout":"","ast-site-content-layout":"default","site-content-style":"default","site-sidebar-style":"default","ast-global-header-display":"","ast-banner-title-visibility":"","ast-main-header-display":"","ast-hfb-above-header-display":"","ast-hfb-below-header-display":"","ast-hfb-mobile-header-display":"","site-post-title":"","ast-breadcrumbs-content":"","ast-featured-img":"","footer-sml-layout":"","ast-disable-related-posts":"","theme-transparent-header-meta":"","adv-header-id-meta":"","stick-header-meta":"","header-above-stick-meta":"","header-main-stick-meta":"","header-below-stick-meta":"","astra-migrate-meta-layouts":"set","ast-page-background-enabled":"default","ast-page-background-meta":{"desktop":{"background-color":"","background-image":"","background-repeat":"repeat","background-position":"center center","background-size":"auto","background-attachment":"scroll","background-type":"","background-media":"","overlay-type":"","overlay-color":"","overlay-opacity":"","overlay-gradient":""},"tablet":{"background-color":"","background-image":"","background-repeat":"repeat","background-position":"center center","background-size":"auto","background-attachment":"scroll","background-type":"","background-media":"","overlay-type":"","overlay-color":"","overlay-opacity":"","overlay-gradient":""},"mobile":{"background-color":"","background-image":"","background-repeat":"repeat","background-position":"center center","background-size":"auto","background-attachment":"scroll","background-type":"","background-media":"","overlay-type":"","overlay-color":"","overlay-opacity":"","overlay-gradient":""}},"ast-content-background-meta":{"desktop":{"background-color":"var(--ast-global-color-5)","background-image":"","background-repeat":"repeat","background-position":"center center","background-size":"auto","background-attachment":"scroll","background-type":"","background-media":"","overlay-type":"","overlay-color":"","overlay-opacity":"","overlay-gradient":""},"tablet":{"background-color":"var(--ast-global-color-5)","background-image":"","background-repeat":"repeat","background-position":"center center","background-size":"auto","background-attachment":"scroll","background-type":"","background-media":"","overlay-type":"","overlay-color":"","overlay-opacity":"","overlay-gradient":""},"mobile":{"background-color":"var(--ast-global-color-5)","background-image":"","background-repeat":"repeat","background-position":"center center","background-size":"auto","background-attachment":"scroll","background-type":"","background-media":"","overlay-type":"","overlay-color":"","overlay-opacity":"","overlay-gradient":""}},"_jetpack_newsletter_access":"","_jetpack_dont_email_post_to_subs":false,"_jetpack_newsletter_tier_id":0,"_jetpack_memberships_contains_paywalled_content":false,"_jetpack_memberships_contains_paid_content":false,"footnotes":""},"categories":[45],"tags":[142,40,479,184,343,434],"class_list":["post-14858","post","type-post","status-publish","format-standard","hentry","category-messestaende-mit-charakter","tag-messe-stuttgart","tag-messebau","tag-messebau-2026","tag-messelogistik","tag-top-messe","tag-top-messe-stuttgart"],"jetpack_sharing_enabled":true,"jetpack_featured_media_url":"","_links":{"self":[{"href":"https:\/\/kellerdesign.de\/index.php\/wp-json\/wp\/v2\/posts\/14858","targetHints":{"allow":["GET"]}}],"collection":[{"href":"https:\/\/kellerdesign.de\/index.php\/wp-json\/wp\/v2\/posts"}],"about":[{"href":"https:\/\/kellerdesign.de\/index.php\/wp-json\/wp\/v2\/types\/post"}],"author":[{"embeddable":true,"href":"https:\/\/kellerdesign.de\/index.php\/wp-json\/wp\/v2\/users\/1"}],"replies":[{"embeddable":true,"href":"https:\/\/kellerdesign.de\/index.php\/wp-json\/wp\/v2\/comments?post=14858"}],"version-history":[{"count":15,"href":"https:\/\/kellerdesign.de\/index.php\/wp-json\/wp\/v2\/posts\/14858\/revisions"}],"predecessor-version":[{"id":14876,"href":"https:\/\/kellerdesign.de\/index.php\/wp-json\/wp\/v2\/posts\/14858\/revisions\/14876"}],"wp:attachment":[{"href":"https:\/\/kellerdesign.de\/index.php\/wp-json\/wp\/v2\/media?parent=14858"}],"wp:term":[{"taxonomy":"category","embeddable":true,"href":"https:\/\/kellerdesign.de\/index.php\/wp-json\/wp\/v2\/categories?post=14858"},{"taxonomy":"post_tag","embeddable":true,"href":"https:\/\/kellerdesign.de\/index.php\/wp-json\/wp\/v2\/tags?post=14858"}],"curies":[{"name":"wp","href":"https:\/\/api.w.org\/{rel}","templated":true}]}}