{"id":3370,"date":"2021-11-16T15:21:39","date_gmt":"2021-11-16T14:21:39","guid":{"rendered":"http:\/\/kellerdesign.de\/?p=3370"},"modified":"2025-07-10T16:03:04","modified_gmt":"2025-07-10T14:03:04","slug":"fakuma-friedrichshafen-2021","status":"publish","type":"post","link":"https:\/\/kellerdesign.de\/index.php\/2021\/11\/16\/fakuma-friedrichshafen-2021\/","title":{"rendered":"FAKUMA Friedrichshafen 2021 \u2013 Zur\u00fcck auf der Messe"},"content":{"rendered":"\n<p class=\"has-text-color\" style=\"color:#555555\">Endlich wieder Messe! Nach der pandemiebedingten Pause freuen wir uns besonders \u00fcber die R\u00fcckkehr zu pers\u00f6nlichen Begegnungen und echten Live-Erlebnissen auf der FAKUMA Friedrichshafen 2021 \u2013 einer der wichtigsten Fachmessen f\u00fcr die Kunststoffverarbeitung. <br><br>Wir w\u00fcnschen unseren langj\u00e4hrigen Kunden <strong><a href=\"https:\/\/www.ionstatex.de\/\" target=\"_blank\" rel=\"noreferrer noopener\">Alpha IONSTATEX<\/a><\/strong>, <strong><a href=\"https:\/\/www.openmind-tech.com\/de.html\" target=\"_blank\" rel=\"noreferrer noopener\">OPEN MIND<\/a><\/strong> und <strong><a href=\"https:\/\/www.hill-gmbh.de\/\" target=\"_blank\" rel=\"noreferrer noopener\">HILL Oberfl\u00e4chen GmbH<\/a><\/strong> <br>eine erfolgreiche Messezeit, viele interessante Gespr\u00e4che \u2013 und vor allem: spannende Kontakte <br>und nachhaltige Eindr\u00fccke. <br><br>Wer hat es nicht vermisst, Produkte wieder live zu erleben, sie in die Hand zu nehmen \u2013 <br>und vor allem den direkten Austausch von Mensch zu Mensch? <br><br>Wir freuen uns mit allen Ausstellern \u00fcber die R\u00fcckkehr ins Messegesch\u00e4ft und w\u00fcnschen viel Erfolg <br>in Friedrichshafen.<br><\/p>\n\n\n\n<div style=\"height:25px\" aria-hidden=\"true\" class=\"wp-block-spacer\"><\/div>\n\n\n\n<div class=\"wp-block-columns is-layout-flex wp-container-core-columns-is-layout-28f84493 wp-block-columns-is-layout-flex\">\n<div class=\"wp-block-column is-layout-flow wp-block-column-is-layout-flow\">\n<figure class=\"wp-block-image aligncenter size-full is-resized has-custom-border is-style-default\"><a href=\"https:\/\/kellerdesign.de\/wp-content\/uploads\/2021\/11\/Keller-Design-Messen-Events-Standbau-Messestand-Fakuma.jpg\" target=\"_blank\" rel=\"MESSEST\u00c4NDE, mit Leidenschaft gebaut noopener\"><img loading=\"lazy\" decoding=\"async\" width=\"700\" height=\"617\" src=\"https:\/\/kellerdesign.de\/wp-content\/uploads\/2021\/11\/Keller-Design-Messen-Events-Standbau-Messestand-Fakuma.jpg\" alt=\"Keller-Design-Messen-Events-Messegrafik-Standbau\" class=\"wp-image-3382\" style=\"border-radius:15px;width:220px\" srcset=\"https:\/\/kellerdesign.de\/wp-content\/uploads\/2021\/11\/Keller-Design-Messen-Events-Standbau-Messestand-Fakuma.jpg 700w, https:\/\/kellerdesign.de\/wp-content\/uploads\/2021\/11\/Keller-Design-Messen-Events-Standbau-Messestand-Fakuma-300x264.jpg 300w\" sizes=\"auto, (max-width: 700px) 100vw, 700px\" \/><\/a><figcaption class=\"wp-element-caption\"><sup><mark style=\"background-color:rgba(0, 0, 0, 0);color:#555555\" class=\"has-inline-color\">Alpha IONSTATEX, 21m\u00b2<\/mark><\/sup><\/figcaption><\/figure>\n<\/div>\n\n\n\n<div class=\"wp-block-column is-layout-flow wp-block-column-is-layout-flow\">\n<figure class=\"wp-block-image aligncenter size-full is-resized has-custom-border is-style-default\"><a href=\"https:\/\/kellerdesign.de\/wp-content\/uploads\/2021\/11\/Keller-Design-Messen-Events-Messestaende-FAKUMA.jpg\" target=\"_blank\" rel=\"MESSEST\u00c4NDE, mit Leidenschaft gebaut noopener\"><img loading=\"lazy\" decoding=\"async\" width=\"700\" height=\"617\" src=\"https:\/\/kellerdesign.de\/wp-content\/uploads\/2021\/11\/Keller-Design-Messen-Events-Messestaende-FAKUMA.jpg\" alt=\"Messestand-Messebau-Keller-Design-Messen-Events\" class=\"wp-image-3374\" style=\"border-radius:15px;width:220px\" srcset=\"https:\/\/kellerdesign.de\/wp-content\/uploads\/2021\/11\/Keller-Design-Messen-Events-Messestaende-FAKUMA.jpg 700w, https:\/\/kellerdesign.de\/wp-content\/uploads\/2021\/11\/Keller-Design-Messen-Events-Messestaende-FAKUMA-300x264.jpg 300w\" sizes=\"auto, (max-width: 700px) 100vw, 700px\" \/><\/a><figcaption class=\"wp-element-caption\"><sup>Open Mind, 16m\u00b2<\/sup><\/figcaption><\/figure>\n<\/div>\n\n\n\n<div class=\"wp-block-column is-layout-flow wp-block-column-is-layout-flow\">\n<figure class=\"wp-block-image aligncenter size-full is-resized has-custom-border is-style-default\"><a href=\"https:\/\/kellerdesign.de\/wp-content\/uploads\/2021\/11\/Keller-Design-Messen-Events-FAKUMA-Messestand-HILL.jpg\" target=\"_blank\" rel=\"FAKUMA 2021 noopener\"><img loading=\"lazy\" decoding=\"async\" width=\"700\" height=\"617\" src=\"https:\/\/kellerdesign.de\/wp-content\/uploads\/2021\/11\/Keller-Design-Messen-Events-FAKUMA-Messestand-HILL.jpg\" alt=\"fakuma-friedrichshafen-2021-messebau-standbau-kellerdesign\" class=\"wp-image-4199\" style=\"border-radius:15px;width:220px\" srcset=\"https:\/\/kellerdesign.de\/wp-content\/uploads\/2021\/11\/Keller-Design-Messen-Events-FAKUMA-Messestand-HILL.jpg 700w, https:\/\/kellerdesign.de\/wp-content\/uploads\/2021\/11\/Keller-Design-Messen-Events-FAKUMA-Messestand-HILL-300x264.jpg 300w\" sizes=\"auto, (max-width: 700px) 100vw, 700px\" \/><\/a><figcaption class=\"wp-element-caption\"><sup><mark style=\"background-color:rgba(0, 0, 0, 0);color:#555555\" class=\"has-inline-color\">HILL, 36m\u00b2<\/mark><\/sup><\/figcaption><\/figure>\n<\/div>\n<\/div>\n\n\n\n<div style=\"height:100px\" aria-hidden=\"true\" class=\"wp-block-spacer\"><\/div>\n\n\n\n<h6 class=\"wp-block-heading\"><em><a href=\"https:\/\/www.fakuma-messe.de\/\" target=\"_blank\" rel=\"noreferrer noopener\">fakuma friedrichshafen 2021<\/a><\/em><\/h6>\n","protected":false},"excerpt":{"rendered":"<p>Endlich wieder Messe! Nach der pandemiebedingten Pause freuen wir uns besonders \u00fcber die R\u00fcckkehr zu pers\u00f6nlichen Begegnungen und echten Live-Erlebnissen auf der FAKUMA Friedrichshafen 2021 \u2013 einer der wichtigsten Fachmessen f\u00fcr die Kunststoffverarbeitung. Wir w\u00fcnschen unseren langj\u00e4hrigen Kunden Alpha IONSTATEX, OPEN MIND und HILL Oberfl\u00e4chen GmbH eine erfolgreiche Messezeit, viele interessante Gespr\u00e4che \u2013 und vor [&hellip;]<\/p>\n","protected":false},"author":1,"featured_media":0,"comment_status":"closed","ping_status":"open","sticky":false,"template":"","format":"standard","meta":{"_coblocks_attr":"","_coblocks_dimensions":"","_coblocks_responsive_height":"","_coblocks_accordion_ie_support":"","site-sidebar-layout":"default","site-content-layout":"","ast-site-content-layout":"default","site-content-style":"default","site-sidebar-style":"default","ast-global-header-display":"","ast-banner-title-visibility":"","ast-main-header-display":"","ast-hfb-above-header-display":"","ast-hfb-below-header-display":"","ast-hfb-mobile-header-display":"","site-post-title":"","ast-breadcrumbs-content":"","ast-featured-img":"","footer-sml-layout":"","ast-disable-related-posts":"","theme-transparent-header-meta":"","adv-header-id-meta":"","stick-header-meta":"","header-above-stick-meta":"","header-main-stick-meta":"","header-below-stick-meta":"","astra-migrate-meta-layouts":"set","ast-page-background-enabled":"default","ast-page-background-meta":{"desktop":{"background-color":"","background-image":"","background-repeat":"repeat","background-position":"center center","background-size":"auto","background-attachment":"scroll","background-type":"","background-media":"","overlay-type":"","overlay-color":"","overlay-opacity":"","overlay-gradient":""},"tablet":{"background-color":"","background-image":"","background-repeat":"repeat","background-position":"center center","background-size":"auto","background-attachment":"scroll","background-type":"","background-media":"","overlay-type":"","overlay-color":"","overlay-opacity":"","overlay-gradient":""},"mobile":{"background-color":"","background-image":"","background-repeat":"repeat","background-position":"center center","background-size":"auto","background-attachment":"scroll","background-type":"","background-media":"","overlay-type":"","overlay-color":"","overlay-opacity":"","overlay-gradient":""}},"ast-content-background-meta":{"desktop":{"background-color":"var(--ast-global-color-5)","background-image":"","background-repeat":"repeat","background-position":"center center","background-size":"auto","background-attachment":"scroll","background-type":"","background-media":"","overlay-type":"","overlay-color":"","overlay-opacity":"","overlay-gradient":""},"tablet":{"background-color":"var(--ast-global-color-5)","background-image":"","background-repeat":"repeat","background-position":"center center","background-size":"auto","background-attachment":"scroll","background-type":"","background-media":"","overlay-type":"","overlay-color":"","overlay-opacity":"","overlay-gradient":""},"mobile":{"background-color":"var(--ast-global-color-5)","background-image":"","background-repeat":"repeat","background-position":"center center","background-size":"auto","background-attachment":"scroll","background-type":"","background-media":"","overlay-type":"","overlay-color":"","overlay-opacity":"","overlay-gradient":""}},"_jetpack_memberships_contains_paid_content":false,"footnotes":""},"categories":[45],"tags":[50],"class_list":["post-3370","post","type-post","status-publish","format-standard","hentry","category-messestaende-mit-charakter","tag-messestaende"],"jetpack_featured_media_url":"","jetpack_sharing_enabled":true,"_links":{"self":[{"href":"https:\/\/kellerdesign.de\/index.php\/wp-json\/wp\/v2\/posts\/3370","targetHints":{"allow":["GET"]}}],"collection":[{"href":"https:\/\/kellerdesign.de\/index.php\/wp-json\/wp\/v2\/posts"}],"about":[{"href":"https:\/\/kellerdesign.de\/index.php\/wp-json\/wp\/v2\/types\/post"}],"author":[{"embeddable":true,"href":"https:\/\/kellerdesign.de\/index.php\/wp-json\/wp\/v2\/users\/1"}],"replies":[{"embeddable":true,"href":"https:\/\/kellerdesign.de\/index.php\/wp-json\/wp\/v2\/comments?post=3370"}],"version-history":[{"count":25,"href":"https:\/\/kellerdesign.de\/index.php\/wp-json\/wp\/v2\/posts\/3370\/revisions"}],"predecessor-version":[{"id":12592,"href":"https:\/\/kellerdesign.de\/index.php\/wp-json\/wp\/v2\/posts\/3370\/revisions\/12592"}],"wp:attachment":[{"href":"https:\/\/kellerdesign.de\/index.php\/wp-json\/wp\/v2\/media?parent=3370"}],"wp:term":[{"taxonomy":"category","embeddable":true,"href":"https:\/\/kellerdesign.de\/index.php\/wp-json\/wp\/v2\/categories?post=3370"},{"taxonomy":"post_tag","embeddable":true,"href":"https:\/\/kellerdesign.de\/index.php\/wp-json\/wp\/v2\/tags?post=3370"}],"curies":[{"name":"wp","href":"https:\/\/api.w.org\/{rel}","templated":true}]}}