{"id":5325,"date":"2022-06-01T16:40:04","date_gmt":"2022-06-01T14:40:04","guid":{"rendered":"https:\/\/kellerdesign.de\/?p=5325"},"modified":"2025-07-15T14:41:02","modified_gmt":"2025-07-15T12:41:02","slug":"iffa-frankfurt-2022","status":"publish","type":"post","link":"https:\/\/kellerdesign.de\/index.php\/2022\/06\/01\/iffa-frankfurt-2022\/","title":{"rendered":"IFFA Frankfurt 2022 &#8211; JWE auf der IFFA in Frankfurt \u2013 273 m\u00b2 geballter Messestand"},"content":{"rendered":"\n<p><strong>Konzept &amp; Design: <\/strong><br>Hasenmaile Unternehmenspr\u00e4sentation <br><strong>Ausf\u00fchrung: <\/strong><br>Keller Design \u2013 Messen &amp; Events \u2013 GmbH<br><br>IFFA Frankfurt 2022 &#8211; 14. &#8211; 19. Mai<\/p>\n\n\n\n<p class=\"has-text-color\" style=\"color:#555555\">Die globale Fleisch- und Proteinwirtschaft nutzte jede Minute der <a href=\"https:\/\/iffa.messefrankfurt.com\/frankfurt\/en.html\" target=\"_blank\" rel=\"noreferrer noopener\"><strong>IFFA Frankfurt 2022<\/strong><\/a>: <br>zum intensiven netzwerken, um Innovationen zu sehen und um ihre Gesch\u00e4fte voranzubringen. <br>Nachhaltige Produktion, automatisierte Prozesse und Digitalisierung in allen Bereichen der Verarbeitung, Verpackung und des Verkaufs pr\u00e4gten das Angebot an den St\u00e4nden. Das starke Interesse am Thema der alternativen Proteine zeigte das gro\u00dfe Zukunfts- und Wachstumspotenzial dieses Marktes. <br>Insgesamt trafen sich rund 50.000 Besucher aus 129 L\u00e4ndern zur internationalen Leitmesse <br>IFFA \u2013 Technology for Meat and Alternative Proteins in Frankfurt am Main. <br><br>Die Emotionen und die Freude \u00fcber das pers\u00f6nliche Wiedersehen zur IFFA waren gro\u00df. <br>Auch Wolfgang Marzin, Vorsitzender der Gesch\u00e4ftsf\u00fchrung der Messe Frankfurt, ist begeistert: <br><br>\u201eEs war eine Freude durch die Hallen zu laufen und die Branchenteilnehmerinnen und -teilnehmer wiederzutreffen: Eine fast euphorische Stimmung hat die IFFA gepr\u00e4gt. Es war deutlich zu sp\u00fcren, <br>wie erleichtert alle waren, sich endlich pers\u00f6nlich treffen zu k\u00f6nnen, Neuheiten zu diskutieren und <br>Gesch\u00e4fte zu machen. <br><br>Wir freuen uns daher sehr, dass wir f\u00fcr die Firma <a href=\"https:\/\/jwebanss.de\/\" target=\"_blank\" rel=\"noreferrer noopener\"><strong>JWE-BANNS GmbH<\/strong><\/a> erstmals einen Messestand auf solch <br>einer innovativen Messe aufbauen durften, \u2026 und dann gleich so gewaltig! <br><br>Insgesamt 273 m\u00b2 Handlungsfl\u00e4che auf dem JWE-BANNS-Messestand beeindruckten die Besucher der IFFA. <br>Die Fernwirkung der 3m hohen Digitaldruck-Banner war \u00fcberragend. Die Banner fassten rundumlaufend die Maschinen und den Loungebereich optisch ein und wirkten durch die gro\u00dfz\u00fcgige Innenbeleuchtung fast hinterleuchtet. Das Mobiliar, die LED-Standkante, die Lampen und der Teppichboden waren in den Farben wei\u00df, blau und gelb optimal aufs Logo abgestimmt. <br><br>Wir sind gl\u00fccklich, dass wir einen so stimmigen Messestand aufbauen durften und bedanken uns f\u00fcr den Auftrag und die tolle Zusammenarbeit mit der Firma <a href=\"https:\/\/www.hasenmaile.de\/\" target=\"_blank\" rel=\"noreferrer noopener\"><strong>Hasenmaile Unternehmenspr\u00e4sentation<\/strong><\/a>, die uns auch seit vielen Jahren treu bleibt. <br><br><br>Sie planen einen Messeauftritt?<br>Messebau mit Keller Design bedeutet Full-Service, pers\u00f6nliche Betreuung und ein echtes Rundum-sorglos-Paket. <a href=\"https:\/\/kellerdesign.de\/index.php\/kontakt-kellerdesign\/\" target=\"_blank\" rel=\"noreferrer noopener\"><img loading=\"lazy\" decoding=\"async\" width=\"12\" height=\"12\" class=\"wp-image-11501\" style=\"width: 12px;\" src=\"https:\/\/kellerdesign.de\/wp-content\/uploads\/2025\/02\/link-symbol.png\" alt=\"verlinkung-keller-design\" srcset=\"https:\/\/kellerdesign.de\/wp-content\/uploads\/2025\/02\/link-symbol.png 300w, https:\/\/kellerdesign.de\/wp-content\/uploads\/2025\/02\/link-symbol-150x150.png 150w\" sizes=\"auto, (max-width: 12px) 100vw, 12px\" \/><\/a><\/p>\n\n\n\n<div style=\"height:25px\" aria-hidden=\"true\" class=\"wp-block-spacer\"><\/div>\n\n\n\n<div class=\"wp-block-columns is-layout-flex wp-container-core-columns-is-layout-28f84493 wp-block-columns-is-layout-flex\">\n<div class=\"wp-block-column is-layout-flow wp-block-column-is-layout-flow\">\n<figure class=\"wp-block-image size-full has-custom-border\"><a href=\"https:\/\/kellerdesign.de\/wp-content\/uploads\/2022\/06\/Keller-Design-Messen-Events-Standbau-Frankfurt-01.jpg\" target=\"_blank\" rel=\"KellerDesign-Messebau-Frankfurt noopener\"><img loading=\"lazy\" decoding=\"async\" width=\"450\" height=\"450\" src=\"https:\/\/kellerdesign.de\/wp-content\/uploads\/2022\/06\/Keller-Design-Messen-Events-Standbau-Frankfurt-01.jpg\" alt=\"IFFA-Frankfurt-2022-Keller-Design-Ideenschmiede\" class=\"wp-image-5315\" style=\"border-radius:15px\" srcset=\"https:\/\/kellerdesign.de\/wp-content\/uploads\/2022\/06\/Keller-Design-Messen-Events-Standbau-Frankfurt-01.jpg 450w, https:\/\/kellerdesign.de\/wp-content\/uploads\/2022\/06\/Keller-Design-Messen-Events-Standbau-Frankfurt-01-300x300.jpg 300w, https:\/\/kellerdesign.de\/wp-content\/uploads\/2022\/06\/Keller-Design-Messen-Events-Standbau-Frankfurt-01-150x150.jpg 150w\" sizes=\"auto, (max-width: 450px) 100vw, 450px\" \/><\/a><\/figure>\n<\/div>\n\n\n\n<div class=\"wp-block-column is-layout-flow wp-block-column-is-layout-flow\">\n<figure class=\"wp-block-image size-full has-custom-border\"><a href=\"https:\/\/kellerdesign.de\/wp-content\/uploads\/2022\/06\/Keller-Design-Messen-Events-Messebau-Frankfurt-02.jpg\" target=\"_blank\" rel=\"Standbau-Keller-Design-Frankfurt noopener\"><img loading=\"lazy\" decoding=\"async\" width=\"450\" height=\"450\" src=\"https:\/\/kellerdesign.de\/wp-content\/uploads\/2022\/06\/Keller-Design-Messen-Events-Messebau-Frankfurt-02.jpg\" alt=\"IFFA-Frankfurt-2022Standbau-KellerDesign-Ideenschmiede\" class=\"wp-image-5314\" style=\"border-radius:15px\" srcset=\"https:\/\/kellerdesign.de\/wp-content\/uploads\/2022\/06\/Keller-Design-Messen-Events-Messebau-Frankfurt-02.jpg 450w, https:\/\/kellerdesign.de\/wp-content\/uploads\/2022\/06\/Keller-Design-Messen-Events-Messebau-Frankfurt-02-300x300.jpg 300w, https:\/\/kellerdesign.de\/wp-content\/uploads\/2022\/06\/Keller-Design-Messen-Events-Messebau-Frankfurt-02-150x150.jpg 150w\" sizes=\"auto, (max-width: 450px) 100vw, 450px\" \/><\/a><\/figure>\n<\/div>\n\n\n\n<div class=\"wp-block-column is-layout-flow wp-block-column-is-layout-flow\">\n<figure class=\"wp-block-image size-full has-custom-border\"><a href=\"https:\/\/kellerdesign.de\/wp-content\/uploads\/2022\/06\/Keller-Design-Messen-Events-Messe-Frankfurt-03.jpg\" target=\"_blank\" rel=\"Keller-Design-Messe-Frankfurt noopener\"><img loading=\"lazy\" decoding=\"async\" width=\"450\" height=\"450\" src=\"https:\/\/kellerdesign.de\/wp-content\/uploads\/2022\/06\/Keller-Design-Messen-Events-Messe-Frankfurt-03.jpg\" alt=\"IFFA-Frankfurt-2022-Messebau-KellerDesign\" class=\"wp-image-5313\" style=\"border-radius:15px\" srcset=\"https:\/\/kellerdesign.de\/wp-content\/uploads\/2022\/06\/Keller-Design-Messen-Events-Messe-Frankfurt-03.jpg 450w, https:\/\/kellerdesign.de\/wp-content\/uploads\/2022\/06\/Keller-Design-Messen-Events-Messe-Frankfurt-03-300x300.jpg 300w, https:\/\/kellerdesign.de\/wp-content\/uploads\/2022\/06\/Keller-Design-Messen-Events-Messe-Frankfurt-03-150x150.jpg 150w\" sizes=\"auto, (max-width: 450px) 100vw, 450px\" \/><\/a><\/figure>\n<\/div>\n<\/div>\n\n\n\n<div style=\"height:5px\" aria-hidden=\"true\" class=\"wp-block-spacer\"><\/div>\n\n\n\n<p class=\"has-text-align-center\"><sup><strong>Konzept &amp; Design: <\/strong>Hasenmaile Unternehmenspr\u00e4sentation  |  <strong>Ausf\u00fchrung: <\/strong>Keller Design \u2013 Messen &amp; Events \u2013 GmbH<\/sup><\/p>\n\n\n\n<div style=\"height:100px\" aria-hidden=\"true\" class=\"wp-block-spacer\"><\/div>\n\n\n\n<h6 class=\"wp-block-heading\"><em><a href=\"https:\/\/www.facebook.com\/KellerDesign\/posts\/1024660958208537\" target=\"_blank\" rel=\"noreferrer noopener\">IFFA frankfurt 2022<\/a><\/em><\/h6>\n","protected":false},"excerpt":{"rendered":"<p>Konzept &amp; Design: Hasenmaile Unternehmenspr\u00e4sentation Ausf\u00fchrung: Keller Design \u2013 Messen &amp; Events \u2013 GmbH IFFA Frankfurt 2022 &#8211; 14. &#8211; 19. Mai Die globale Fleisch- und Proteinwirtschaft nutzte jede Minute der IFFA Frankfurt 2022: zum intensiven netzwerken, um Innovationen zu sehen und um ihre Gesch\u00e4fte voranzubringen. Nachhaltige Produktion, automatisierte Prozesse und Digitalisierung in allen Bereichen [&hellip;]<\/p>\n","protected":false},"author":1,"featured_media":0,"comment_status":"closed","ping_status":"open","sticky":false,"template":"","format":"standard","meta":{"_coblocks_attr":"","_coblocks_dimensions":"","_coblocks_responsive_height":"","_coblocks_accordion_ie_support":"","site-sidebar-layout":"default","site-content-layout":"","ast-site-content-layout":"default","site-content-style":"default","site-sidebar-style":"default","ast-global-header-display":"","ast-banner-title-visibility":"","ast-main-header-display":"","ast-hfb-above-header-display":"","ast-hfb-below-header-display":"","ast-hfb-mobile-header-display":"","site-post-title":"","ast-breadcrumbs-content":"","ast-featured-img":"","footer-sml-layout":"","ast-disable-related-posts":"","theme-transparent-header-meta":"","adv-header-id-meta":"","stick-header-meta":"","header-above-stick-meta":"","header-main-stick-meta":"","header-below-stick-meta":"","astra-migrate-meta-layouts":"set","ast-page-background-enabled":"default","ast-page-background-meta":{"desktop":{"background-color":"","background-image":"","background-repeat":"repeat","background-position":"center center","background-size":"auto","background-attachment":"scroll","background-type":"","background-media":"","overlay-type":"","overlay-color":"","overlay-opacity":"","overlay-gradient":""},"tablet":{"background-color":"","background-image":"","background-repeat":"repeat","background-position":"center center","background-size":"auto","background-attachment":"scroll","background-type":"","background-media":"","overlay-type":"","overlay-color":"","overlay-opacity":"","overlay-gradient":""},"mobile":{"background-color":"","background-image":"","background-repeat":"repeat","background-position":"center center","background-size":"auto","background-attachment":"scroll","background-type":"","background-media":"","overlay-type":"","overlay-color":"","overlay-opacity":"","overlay-gradient":""}},"ast-content-background-meta":{"desktop":{"background-color":"var(--ast-global-color-5)","background-image":"","background-repeat":"repeat","background-position":"center center","background-size":"auto","background-attachment":"scroll","background-type":"","background-media":"","overlay-type":"","overlay-color":"","overlay-opacity":"","overlay-gradient":""},"tablet":{"background-color":"var(--ast-global-color-5)","background-image":"","background-repeat":"repeat","background-position":"center center","background-size":"auto","background-attachment":"scroll","background-type":"","background-media":"","overlay-type":"","overlay-color":"","overlay-opacity":"","overlay-gradient":""},"mobile":{"background-color":"var(--ast-global-color-5)","background-image":"","background-repeat":"repeat","background-position":"center center","background-size":"auto","background-attachment":"scroll","background-type":"","background-media":"","overlay-type":"","overlay-color":"","overlay-opacity":"","overlay-gradient":""}},"_jetpack_memberships_contains_paid_content":false,"footnotes":""},"categories":[45],"tags":[161,109,160,40,321,51,110,256],"class_list":["post-5325","post","type-post","status-publish","format-standard","hentry","category-messestaende-mit-charakter","tag-frankfurt","tag-ideenschmiede","tag-messe-frankfurt","tag-messebau","tag-messebau-frankfurt","tag-messestand","tag-nordschwarzwald","tag-riggbanner"],"jetpack_featured_media_url":"","jetpack_sharing_enabled":true,"_links":{"self":[{"href":"https:\/\/kellerdesign.de\/index.php\/wp-json\/wp\/v2\/posts\/5325","targetHints":{"allow":["GET"]}}],"collection":[{"href":"https:\/\/kellerdesign.de\/index.php\/wp-json\/wp\/v2\/posts"}],"about":[{"href":"https:\/\/kellerdesign.de\/index.php\/wp-json\/wp\/v2\/types\/post"}],"author":[{"embeddable":true,"href":"https:\/\/kellerdesign.de\/index.php\/wp-json\/wp\/v2\/users\/1"}],"replies":[{"embeddable":true,"href":"https:\/\/kellerdesign.de\/index.php\/wp-json\/wp\/v2\/comments?post=5325"}],"version-history":[{"count":35,"href":"https:\/\/kellerdesign.de\/index.php\/wp-json\/wp\/v2\/posts\/5325\/revisions"}],"predecessor-version":[{"id":12692,"href":"https:\/\/kellerdesign.de\/index.php\/wp-json\/wp\/v2\/posts\/5325\/revisions\/12692"}],"wp:attachment":[{"href":"https:\/\/kellerdesign.de\/index.php\/wp-json\/wp\/v2\/media?parent=5325"}],"wp:term":[{"taxonomy":"category","embeddable":true,"href":"https:\/\/kellerdesign.de\/index.php\/wp-json\/wp\/v2\/categories?post=5325"},{"taxonomy":"post_tag","embeddable":true,"href":"https:\/\/kellerdesign.de\/index.php\/wp-json\/wp\/v2\/tags?post=5325"}],"curies":[{"name":"wp","href":"https:\/\/api.w.org\/{rel}","templated":true}]}}