{"id":5490,"date":"2022-06-20T12:03:45","date_gmt":"2022-06-20T10:03:45","guid":{"rendered":"https:\/\/kellerdesign.de\/?p=5490"},"modified":"2025-07-17T12:52:28","modified_gmt":"2025-07-17T10:52:28","slug":"hochzeitsparty-mietmoebel","status":"publish","type":"post","link":"https:\/\/kellerdesign.de\/index.php\/2022\/06\/20\/hochzeitsparty-mietmoebel\/","title":{"rendered":"Hochzeitsparty &#8211; Mietm\u00f6bel von Keller Design"},"content":{"rendered":"\n<p class=\"has-text-color has-link-color wp-elements-e08e205e3a35e39eef54ca35e8295208\" style=\"color:#555555\">Am Pfingstwochenende durften wir eine stimmungsvolle Hochzeitsparty mit unserem Loungemobiliar, Stehtischen mit Hussen und Barhockern ausstatten. <br><br>Im Mittelpunkt stand nat\u00fcrlich das Tanzen \u2013 daf\u00fcr wurde eine gro\u00dfz\u00fcgige Tanzfl\u00e4che mit B\u00fchne <br>f\u00fcr Band und DJ geschaffen. Gem\u00fctliche M\u00f6bel sorgten f\u00fcr entspannte R\u00fcckzugsorte, <br>um m\u00fcde Tanzbeine auszuruhen. <br><br>F\u00fcr das passende Licht sorgte SchindlerWeddings <a href=\"https:\/\/www.facebook.com\/SchindlerWeddings\/?__cft__%5b0%5d=AZUoJlSVvqfXcUuV_X9Mebv8L6Y0u3O3X9NT-4_ZwW5Eg0xSkIlFsMHf8NTKpanPo0k4e5XITpar9TubAetSI3cGBGfelX_6i8Toeub-YoR2jw2bCKwF5t9dp4KaJwjVu20N8pkb2SwWbjwe4cB9EI2KF26BHpGloLcjo11QfCRBXoWZBhHK5KLCG-cf6dRoQm_91AWd7HHys7C5Ml5V8mkU1fWnNEd9z4RFAzaQHBMUpw&amp;__tn__=kK-R\" target=\"_blank\" rel=\"noreferrer noopener\"><img loading=\"lazy\" decoding=\"async\" width=\"12\" height=\"12\" class=\"wp-image-11501\" style=\"width: 12px;\" src=\"https:\/\/kellerdesign.de\/wp-content\/uploads\/2025\/02\/link-symbol.png\" alt=\"verlinkung-keller-design\" srcset=\"https:\/\/kellerdesign.de\/wp-content\/uploads\/2025\/02\/link-symbol.png 300w, https:\/\/kellerdesign.de\/wp-content\/uploads\/2025\/02\/link-symbol-150x150.png 150w\" sizes=\"auto, (max-width: 12px) 100vw, 12px\" \/><\/a> \u2013 DJSchindler, der den Abend musikalisch perfekt abrundete. <br><br>Vielen Dank f\u00fcr das tolle Event<br><em><mark style=\"background-color:rgba(0, 0, 0, 0);color:#000000\" class=\"has-inline-color\">Fotos: @julia.h_fotografie + privat.<\/mark><\/em> <br><br>Sie planen ein Fest?<br>Wir unterst\u00fctzen Sie gerne mit stilvollen Mietm\u00f6beln und passender Ausstattung \u2013 <br>damit der gro\u00dfe Tag rundum gelingt. <a href=\"https:\/\/kellerdesign.de\/index.php\/kontakt-kellerdesign\/\" target=\"_blank\" rel=\"noreferrer noopener\"><img loading=\"lazy\" decoding=\"async\" width=\"12\" height=\"12\" class=\"wp-image-11501\" style=\"width: 12px;\" src=\"https:\/\/kellerdesign.de\/wp-content\/uploads\/2025\/02\/link-symbol.png\" alt=\"verlinkung-keller-design\" srcset=\"https:\/\/kellerdesign.de\/wp-content\/uploads\/2025\/02\/link-symbol.png 300w, https:\/\/kellerdesign.de\/wp-content\/uploads\/2025\/02\/link-symbol-150x150.png 150w\" sizes=\"auto, (max-width: 12px) 100vw, 12px\" \/><\/a><\/p>\n\n\n\n<div style=\"height:25px\" aria-hidden=\"true\" class=\"wp-block-spacer\"><\/div>\n\n\n\n<figure class=\"wp-block-image size-full has-custom-border\"><a href=\"https:\/\/kellerdesign.de\/wp-content\/uploads\/2022\/06\/Keller-Design-Events-Hochzeitsparty.jpg\" target=\"_blank\" rel=\"mietm\u00f6bel &amp; ausstattung noopener\"><img loading=\"lazy\" decoding=\"async\" width=\"960\" height=\"250\" src=\"https:\/\/kellerdesign.de\/wp-content\/uploads\/2022\/06\/Keller-Design-Events-Hochzeitsparty.jpg\" alt=\"hochzeitsparty-mietmoebel-keller-party-stehtisch-barhocker-hussen\" class=\"wp-image-5489\" style=\"border-radius:10px\" srcset=\"https:\/\/kellerdesign.de\/wp-content\/uploads\/2022\/06\/Keller-Design-Events-Hochzeitsparty.jpg 960w, https:\/\/kellerdesign.de\/wp-content\/uploads\/2022\/06\/Keller-Design-Events-Hochzeitsparty-300x78.jpg 300w, https:\/\/kellerdesign.de\/wp-content\/uploads\/2022\/06\/Keller-Design-Events-Hochzeitsparty-768x200.jpg 768w\" sizes=\"auto, (max-width: 960px) 100vw, 960px\" \/><\/a><\/figure>\n\n\n\n<div style=\"height:100px\" aria-hidden=\"true\" class=\"wp-block-spacer\"><\/div>\n\n\n\n<h6 class=\"wp-block-heading\"><em><a href=\"https:\/\/www.facebook.com\/KellerDesign\/posts\/1040587089949257\" target=\"_blank\" rel=\"noreferrer noopener\">hochzeitsparty &#8211; mietm\u00f6bel von keller design<\/a><\/em><\/h6>\n","protected":false},"excerpt":{"rendered":"<p>Am Pfingstwochenende durften wir eine stimmungsvolle Hochzeitsparty mit unserem Loungemobiliar, Stehtischen mit Hussen und Barhockern ausstatten. Im Mittelpunkt stand nat\u00fcrlich das Tanzen \u2013 daf\u00fcr wurde eine gro\u00dfz\u00fcgige Tanzfl\u00e4che mit B\u00fchne f\u00fcr Band und DJ geschaffen. Gem\u00fctliche M\u00f6bel sorgten f\u00fcr entspannte R\u00fcckzugsorte, um m\u00fcde Tanzbeine auszuruhen. F\u00fcr das passende Licht sorgte SchindlerWeddings \u2013 DJSchindler, der den [&hellip;]<\/p>\n","protected":false},"author":1,"featured_media":0,"comment_status":"closed","ping_status":"open","sticky":false,"template":"","format":"standard","meta":{"_coblocks_attr":"","_coblocks_dimensions":"","_coblocks_responsive_height":"","_coblocks_accordion_ie_support":"","site-sidebar-layout":"default","site-content-layout":"","ast-site-content-layout":"default","site-content-style":"default","site-sidebar-style":"default","ast-global-header-display":"","ast-banner-title-visibility":"","ast-main-header-display":"","ast-hfb-above-header-display":"","ast-hfb-below-header-display":"","ast-hfb-mobile-header-display":"","site-post-title":"","ast-breadcrumbs-content":"","ast-featured-img":"","footer-sml-layout":"","ast-disable-related-posts":"","theme-transparent-header-meta":"","adv-header-id-meta":"","stick-header-meta":"","header-above-stick-meta":"","header-main-stick-meta":"","header-below-stick-meta":"","astra-migrate-meta-layouts":"set","ast-page-background-enabled":"default","ast-page-background-meta":{"desktop":{"background-color":"","background-image":"","background-repeat":"repeat","background-position":"center center","background-size":"auto","background-attachment":"scroll","background-type":"","background-media":"","overlay-type":"","overlay-color":"","overlay-opacity":"","overlay-gradient":""},"tablet":{"background-color":"","background-image":"","background-repeat":"repeat","background-position":"center center","background-size":"auto","background-attachment":"scroll","background-type":"","background-media":"","overlay-type":"","overlay-color":"","overlay-opacity":"","overlay-gradient":""},"mobile":{"background-color":"","background-image":"","background-repeat":"repeat","background-position":"center center","background-size":"auto","background-attachment":"scroll","background-type":"","background-media":"","overlay-type":"","overlay-color":"","overlay-opacity":"","overlay-gradient":""}},"ast-content-background-meta":{"desktop":{"background-color":"var(--ast-global-color-5)","background-image":"","background-repeat":"repeat","background-position":"center center","background-size":"auto","background-attachment":"scroll","background-type":"","background-media":"","overlay-type":"","overlay-color":"","overlay-opacity":"","overlay-gradient":""},"tablet":{"background-color":"var(--ast-global-color-5)","background-image":"","background-repeat":"repeat","background-position":"center center","background-size":"auto","background-attachment":"scroll","background-type":"","background-media":"","overlay-type":"","overlay-color":"","overlay-opacity":"","overlay-gradient":""},"mobile":{"background-color":"var(--ast-global-color-5)","background-image":"","background-repeat":"repeat","background-position":"center center","background-size":"auto","background-attachment":"scroll","background-type":"","background-media":"","overlay-type":"","overlay-color":"","overlay-opacity":"","overlay-gradient":""}},"_jetpack_memberships_contains_paid_content":false,"footnotes":""},"categories":[49],"tags":[23,31,155,24,167,32,65],"class_list":["post-5490","post","type-post","status-publish","format-standard","hentry","category-events-die-bleiben","tag-ausstattung","tag-barhocker","tag-eventausstattung","tag-feier","tag-mietmoebel","tag-party","tag-stehtische"],"jetpack_featured_media_url":"","jetpack_sharing_enabled":true,"_links":{"self":[{"href":"https:\/\/kellerdesign.de\/index.php\/wp-json\/wp\/v2\/posts\/5490","targetHints":{"allow":["GET"]}}],"collection":[{"href":"https:\/\/kellerdesign.de\/index.php\/wp-json\/wp\/v2\/posts"}],"about":[{"href":"https:\/\/kellerdesign.de\/index.php\/wp-json\/wp\/v2\/types\/post"}],"author":[{"embeddable":true,"href":"https:\/\/kellerdesign.de\/index.php\/wp-json\/wp\/v2\/users\/1"}],"replies":[{"embeddable":true,"href":"https:\/\/kellerdesign.de\/index.php\/wp-json\/wp\/v2\/comments?post=5490"}],"version-history":[{"count":12,"href":"https:\/\/kellerdesign.de\/index.php\/wp-json\/wp\/v2\/posts\/5490\/revisions"}],"predecessor-version":[{"id":12714,"href":"https:\/\/kellerdesign.de\/index.php\/wp-json\/wp\/v2\/posts\/5490\/revisions\/12714"}],"wp:attachment":[{"href":"https:\/\/kellerdesign.de\/index.php\/wp-json\/wp\/v2\/media?parent=5490"}],"wp:term":[{"taxonomy":"category","embeddable":true,"href":"https:\/\/kellerdesign.de\/index.php\/wp-json\/wp\/v2\/categories?post=5490"},{"taxonomy":"post_tag","embeddable":true,"href":"https:\/\/kellerdesign.de\/index.php\/wp-json\/wp\/v2\/tags?post=5490"}],"curies":[{"name":"wp","href":"https:\/\/api.w.org\/{rel}","templated":true}]}}