{"id":5894,"date":"2022-09-05T11:21:08","date_gmt":"2022-09-05T09:21:08","guid":{"rendered":"https:\/\/kellerdesign.de\/?p=5894"},"modified":"2025-08-12T15:59:48","modified_gmt":"2025-08-12T13:59:48","slug":"vermietung-und-logistik","status":"publish","type":"post","link":"https:\/\/kellerdesign.de\/index.php\/2022\/09\/05\/vermietung-und-logistik\/","title":{"rendered":"Vermietung und Logistik"},"content":{"rendered":"\n<p class=\"has-text-color\" style=\"color:#555555\">Vermietung &amp; Logistik: Keller Design hat die <a href=\"http:\/\/www.stutengarten.de\/\" target=\"_blank\" rel=\"noreferrer noopener\"><strong>Kinderspielstadt Stutengarten<\/strong><\/a> unterst\u00fctzt. <br>Ein tolles Ferienbetreuungsangebot durch das <a href=\"https:\/\/projektwerk-jugendhaus.de\/\" target=\"_blank\" rel=\"noreferrer noopener\"><strong>ProjektWERK<\/strong><\/a> (Stuttgarter Jugendhaus gGmbH) <br>im Reitstadion in Stuttgart Bad Cannstatt.<br><br>Wir lieferten daf\u00fcr <br>\u2022 Pagodenzelte, <br>\u2022 100 Biertischgarnituren, <br>\u2022 Absperrgitter <br>\u2022 Kunstrasen, <br>und unterst\u00fctzten beim Auf- u. Abbau und der Logistik mit unserem Sattelzug.<br><br><img loading=\"lazy\" decoding=\"async\" width=\"4\" height=\"4\" class=\"wp-image-12608\" style=\"width: 4px;\" src=\"https:\/\/kellerdesign.de\/wp-content\/uploads\/2025\/07\/aufzaehlung.jpg\" alt=\"keller-design-messen-events-nordschwarzwald\"> <img loading=\"lazy\" decoding=\"async\" width=\"4\" height=\"4\" class=\"wp-image-12608\" style=\"width: 4px;\" src=\"https:\/\/kellerdesign.de\/wp-content\/uploads\/2025\/07\/aufzaehlung.jpg\" alt=\"keller-design-messen-events-nordschwarzwald\"> <img loading=\"lazy\" decoding=\"async\" width=\"4\" height=\"4\" class=\"wp-image-12608\" style=\"width: 4px;\" src=\"https:\/\/kellerdesign.de\/wp-content\/uploads\/2025\/07\/aufzaehlung.jpg\" alt=\"keller-design-messen-events-nordschwarzwald\"> Falls auch Sie Unterst\u00fctzung f\u00fcr eine Outdoor-Veranstaltung ben\u00f6tigen, gen\u00fcgt eine kurze Anfrage. <br>Wir unterst\u00fctzen Sie gerne bei Ihrem Projekt <img loading=\"lazy\" decoding=\"async\" width=\"4\" height=\"4\" class=\"wp-image-12608\" style=\"width: 4px;\" src=\"https:\/\/kellerdesign.de\/wp-content\/uploads\/2025\/07\/aufzaehlung.jpg\" alt=\"keller-design-messen-events-nordschwarzwald\"> <img loading=\"lazy\" decoding=\"async\" width=\"4\" height=\"4\" class=\"wp-image-12608\" style=\"width: 4px;\" src=\"https:\/\/kellerdesign.de\/wp-content\/uploads\/2025\/07\/aufzaehlung.jpg\" alt=\"keller-design-messen-events-nordschwarzwald\"> <img loading=\"lazy\" decoding=\"async\" width=\"4\" height=\"4\" class=\"wp-image-12608\" style=\"width: 4px;\" src=\"https:\/\/kellerdesign.de\/wp-content\/uploads\/2025\/07\/aufzaehlung.jpg\" alt=\"keller-design-messen-events-nordschwarzwald\"><br><br><\/p>\n\n\n\n<figure class=\"wp-block-image size-full is-resized has-custom-border\"><a href=\"https:\/\/kellerdesign.de\/wp-content\/uploads\/2022\/09\/Keller-Design-Messen-Events-Mietmoebel-Zelt.jpg\" target=\"_blank\" rel=\"noreferrer noopener\"><img loading=\"lazy\" decoding=\"async\" width=\"960\" height=\"825\" src=\"https:\/\/kellerdesign.de\/wp-content\/uploads\/2022\/09\/Keller-Design-Messen-Events-Mietmoebel-Zelt.jpg\" alt=\"vermietung-und-logistik-keller-design\" class=\"wp-image-5893\" style=\"border-radius:12px;width:300px\" srcset=\"https:\/\/kellerdesign.de\/wp-content\/uploads\/2022\/09\/Keller-Design-Messen-Events-Mietmoebel-Zelt.jpg 960w, https:\/\/kellerdesign.de\/wp-content\/uploads\/2022\/09\/Keller-Design-Messen-Events-Mietmoebel-Zelt-300x258.jpg 300w, https:\/\/kellerdesign.de\/wp-content\/uploads\/2022\/09\/Keller-Design-Messen-Events-Mietmoebel-Zelt-768x660.jpg 768w\" sizes=\"auto, (max-width: 960px) 100vw, 960px\" \/><\/a><\/figure>\n\n\n\n<div style=\"height:50px\" aria-hidden=\"true\" class=\"wp-block-spacer\"><\/div>\n\n\n\n<h6 class=\"wp-block-heading\"><a href=\"https:\/\/www.facebook.com\/KellerDesign\/posts\/pfbid02QkatvMmqfExqGdwQLpAWqc7BPiwsJDJXs3XgF1jzsyTfZNmprjbZuVKh8mS9guYFl\" target=\"_blank\" rel=\"noreferrer noopener\"><em>Vermietung und Logistik<\/em><\/a><\/h6>\n","protected":false},"excerpt":{"rendered":"<p>Vermietung &amp; Logistik: Keller Design hat die Kinderspielstadt Stutengarten unterst\u00fctzt. Ein tolles Ferienbetreuungsangebot durch das ProjektWERK (Stuttgarter Jugendhaus gGmbH) im Reitstadion in Stuttgart Bad Cannstatt. Wir lieferten daf\u00fcr \u2022 Pagodenzelte, \u2022 100 Biertischgarnituren, \u2022 Absperrgitter \u2022 Kunstrasen, und unterst\u00fctzten beim Auf- u. Abbau und der Logistik mit unserem Sattelzug. Falls auch Sie Unterst\u00fctzung f\u00fcr eine [&hellip;]<\/p>\n","protected":false},"author":1,"featured_media":0,"comment_status":"closed","ping_status":"open","sticky":false,"template":"","format":"standard","meta":{"_coblocks_attr":"","_coblocks_dimensions":"","_coblocks_responsive_height":"","_coblocks_accordion_ie_support":"","site-sidebar-layout":"default","site-content-layout":"","ast-site-content-layout":"default","site-content-style":"default","site-sidebar-style":"default","ast-global-header-display":"","ast-banner-title-visibility":"","ast-main-header-display":"","ast-hfb-above-header-display":"","ast-hfb-below-header-display":"","ast-hfb-mobile-header-display":"","site-post-title":"","ast-breadcrumbs-content":"","ast-featured-img":"","footer-sml-layout":"","ast-disable-related-posts":"","theme-transparent-header-meta":"","adv-header-id-meta":"","stick-header-meta":"","header-above-stick-meta":"","header-main-stick-meta":"","header-below-stick-meta":"","astra-migrate-meta-layouts":"set","ast-page-background-enabled":"default","ast-page-background-meta":{"desktop":{"background-color":"","background-image":"","background-repeat":"repeat","background-position":"center center","background-size":"auto","background-attachment":"scroll","background-type":"","background-media":"","overlay-type":"","overlay-color":"","overlay-opacity":"","overlay-gradient":""},"tablet":{"background-color":"","background-image":"","background-repeat":"repeat","background-position":"center center","background-size":"auto","background-attachment":"scroll","background-type":"","background-media":"","overlay-type":"","overlay-color":"","overlay-opacity":"","overlay-gradient":""},"mobile":{"background-color":"","background-image":"","background-repeat":"repeat","background-position":"center center","background-size":"auto","background-attachment":"scroll","background-type":"","background-media":"","overlay-type":"","overlay-color":"","overlay-opacity":"","overlay-gradient":""}},"ast-content-background-meta":{"desktop":{"background-color":"var(--ast-global-color-5)","background-image":"","background-repeat":"repeat","background-position":"center center","background-size":"auto","background-attachment":"scroll","background-type":"","background-media":"","overlay-type":"","overlay-color":"","overlay-opacity":"","overlay-gradient":""},"tablet":{"background-color":"var(--ast-global-color-5)","background-image":"","background-repeat":"repeat","background-position":"center center","background-size":"auto","background-attachment":"scroll","background-type":"","background-media":"","overlay-type":"","overlay-color":"","overlay-opacity":"","overlay-gradient":""},"mobile":{"background-color":"var(--ast-global-color-5)","background-image":"","background-repeat":"repeat","background-position":"center center","background-size":"auto","background-attachment":"scroll","background-type":"","background-media":"","overlay-type":"","overlay-color":"","overlay-opacity":"","overlay-gradient":""}},"_jetpack_memberships_contains_paid_content":false,"footnotes":""},"categories":[49],"tags":[155,178,33,58,134,167,176,62,177,153,149],"class_list":["post-5894","post","type-post","status-publish","format-standard","hentry","category-events-die-bleiben","tag-eventausstattung","tag-eventlogistik","tag-events","tag-eventservice","tag-logistik","tag-mietmoebel","tag-outdoormoebel","tag-stuttgart","tag-veranstaltungsequipment","tag-veranstaltungsservice","tag-vermietung"],"jetpack_featured_media_url":"","jetpack_sharing_enabled":true,"_links":{"self":[{"href":"https:\/\/kellerdesign.de\/index.php\/wp-json\/wp\/v2\/posts\/5894","targetHints":{"allow":["GET"]}}],"collection":[{"href":"https:\/\/kellerdesign.de\/index.php\/wp-json\/wp\/v2\/posts"}],"about":[{"href":"https:\/\/kellerdesign.de\/index.php\/wp-json\/wp\/v2\/types\/post"}],"author":[{"embeddable":true,"href":"https:\/\/kellerdesign.de\/index.php\/wp-json\/wp\/v2\/users\/1"}],"replies":[{"embeddable":true,"href":"https:\/\/kellerdesign.de\/index.php\/wp-json\/wp\/v2\/comments?post=5894"}],"version-history":[{"count":9,"href":"https:\/\/kellerdesign.de\/index.php\/wp-json\/wp\/v2\/posts\/5894\/revisions"}],"predecessor-version":[{"id":13039,"href":"https:\/\/kellerdesign.de\/index.php\/wp-json\/wp\/v2\/posts\/5894\/revisions\/13039"}],"wp:attachment":[{"href":"https:\/\/kellerdesign.de\/index.php\/wp-json\/wp\/v2\/media?parent=5894"}],"wp:term":[{"taxonomy":"category","embeddable":true,"href":"https:\/\/kellerdesign.de\/index.php\/wp-json\/wp\/v2\/categories?post=5894"},{"taxonomy":"post_tag","embeddable":true,"href":"https:\/\/kellerdesign.de\/index.php\/wp-json\/wp\/v2\/tags?post=5894"}],"curies":[{"name":"wp","href":"https:\/\/api.w.org\/{rel}","templated":true}]}}