{"id":5949,"date":"2022-09-16T11:28:47","date_gmt":"2022-09-16T09:28:47","guid":{"rendered":"https:\/\/kellerdesign.de\/?p=5949"},"modified":"2025-07-17T14:27:04","modified_gmt":"2025-07-17T12:27:04","slug":"mietmoebel-mit-logistik","status":"publish","type":"post","link":"https:\/\/kellerdesign.de\/index.php\/2022\/09\/16\/mietmoebel-mit-logistik\/","title":{"rendered":"Mietm\u00f6bel mit Logistik"},"content":{"rendered":"\n<p class=\"has-text-color\" style=\"color:#555555\">Mietm\u00f6bel und Logistik &#8211; alles aus einer Hand. <br><br>Keller Design unterst\u00fctzt den <strong><a href=\"https:\/\/www.thieme.de\/de\/thieme-gruppe\/georg-thieme-verlag-1160.htm\" target=\"_blank\" rel=\"noreferrer noopener\">Georg Thieme Verlag KG in Stuttgart<\/a><\/strong>. <br><br>F\u00fcr eine Mitarbeiterveranstaltung im <strong><a href=\"https:\/\/www.theaterhaus.com\/theaterhaus\/\" target=\"_blank\" rel=\"noreferrer noopener\">Theaterhaus Stuttgart<\/a><\/strong> \u00fcbernahmen wir die Logistik von diversen Mietm\u00f6beln. <br><br>Anlieferung, Abholung und Bereitstellung: <br><br>\u2022 Theken-Gitterboxen<br>\u2022 Gitterboxen<br>\u2022 LED-Beleuchtung<br>\u2022 H\u00e4ngeleuchten im Industriedesign<br>\u2022 Barhocker <br><br>Falls auch Sie Unterst\u00fctzung f\u00fcr eine Veranstaltung ben\u00f6tigen, wir unterst\u00fctzen Sie gerne bei Ihrem Projekt. <br>Eine kurze Anfrage gen\u00fcgt.<br><\/p>\n\n\n\n<div class=\"wp-block-columns is-layout-flex wp-container-core-columns-is-layout-28f84493 wp-block-columns-is-layout-flex\">\n<div class=\"wp-block-column is-layout-flow wp-block-column-is-layout-flow\">\n<figure class=\"wp-block-image size-full has-custom-border\"><a href=\"https:\/\/kellerdesign.de\/wp-content\/uploads\/2022\/09\/Keller-Design-Messen-EVENTS-Mietmoebel-Theaterhaus-Stuttgart.jpg\" target=\"_blank\" rel=\"noreferrer noopener\"><img loading=\"lazy\" decoding=\"async\" width=\"600\" height=\"450\" src=\"https:\/\/kellerdesign.de\/wp-content\/uploads\/2022\/09\/Keller-Design-Messen-EVENTS-Mietmoebel-Theaterhaus-Stuttgart.jpg\" alt=\"mietm\u00f6bel-mit-logistik-stuttgart-events\" class=\"wp-image-5941\" style=\"border-radius:15px\" srcset=\"https:\/\/kellerdesign.de\/wp-content\/uploads\/2022\/09\/Keller-Design-Messen-EVENTS-Mietmoebel-Theaterhaus-Stuttgart.jpg 600w, https:\/\/kellerdesign.de\/wp-content\/uploads\/2022\/09\/Keller-Design-Messen-EVENTS-Mietmoebel-Theaterhaus-Stuttgart-300x225.jpg 300w\" sizes=\"auto, (max-width: 600px) 100vw, 600px\" \/><\/a><\/figure>\n<\/div>\n\n\n\n<div class=\"wp-block-column is-layout-flow wp-block-column-is-layout-flow\">\n<figure class=\"wp-block-image size-full has-custom-border\"><a href=\"https:\/\/kellerdesign.de\/wp-content\/uploads\/2022\/09\/Keller-Design-Messen-EVENTS-Mietmoebel-Logistik-Stuttgart.jpg\" target=\"_blank\" rel=\"noreferrer noopener\"><img loading=\"lazy\" decoding=\"async\" width=\"600\" height=\"450\" src=\"https:\/\/kellerdesign.de\/wp-content\/uploads\/2022\/09\/Keller-Design-Messen-EVENTS-Mietmoebel-Logistik-Stuttgart.jpg\" alt=\"mietm\u00f6bel-mit-logistik-stuttgart-keller-design\" class=\"wp-image-5940\" style=\"border-radius:15px\" srcset=\"https:\/\/kellerdesign.de\/wp-content\/uploads\/2022\/09\/Keller-Design-Messen-EVENTS-Mietmoebel-Logistik-Stuttgart.jpg 600w, https:\/\/kellerdesign.de\/wp-content\/uploads\/2022\/09\/Keller-Design-Messen-EVENTS-Mietmoebel-Logistik-Stuttgart-300x225.jpg 300w\" sizes=\"auto, (max-width: 600px) 100vw, 600px\" \/><\/a><\/figure>\n<\/div>\n\n\n\n<div class=\"wp-block-column is-layout-flow wp-block-column-is-layout-flow\">\n<figure class=\"wp-block-image size-full has-custom-border\"><a href=\"https:\/\/kellerdesign.de\/wp-content\/uploads\/2022\/09\/Keller-Design-Messen-EVENTS-Mietmoebel-Eventservice-Theaterhaus.jpg\" target=\"_blank\" rel=\"noreferrer noopener\"><img loading=\"lazy\" decoding=\"async\" width=\"600\" height=\"450\" src=\"https:\/\/kellerdesign.de\/wp-content\/uploads\/2022\/09\/Keller-Design-Messen-EVENTS-Mietmoebel-Eventservice-Theaterhaus.jpg\" alt=\"mietm\u00f6bel-mit-logistik-stuttgart-theaterhaus\" class=\"wp-image-5939\" style=\"border-radius:15px\" srcset=\"https:\/\/kellerdesign.de\/wp-content\/uploads\/2022\/09\/Keller-Design-Messen-EVENTS-Mietmoebel-Eventservice-Theaterhaus.jpg 600w, https:\/\/kellerdesign.de\/wp-content\/uploads\/2022\/09\/Keller-Design-Messen-EVENTS-Mietmoebel-Eventservice-Theaterhaus-300x225.jpg 300w\" sizes=\"auto, (max-width: 600px) 100vw, 600px\" \/><\/a><\/figure>\n<\/div>\n<\/div>\n\n\n\n<div style=\"height:50px\" aria-hidden=\"true\" class=\"wp-block-spacer\"><\/div>\n\n\n\n<h6 class=\"wp-block-heading\"><em><a href=\"https:\/\/kellerdesign.de\/index.php\/events\/\" target=\"_blank\" rel=\"noreferrer noopener\">mietm\u00f6bel mit logistik<\/a><\/em><\/h6>\n","protected":false},"excerpt":{"rendered":"<p>Mietm\u00f6bel und Logistik &#8211; alles aus einer Hand. Keller Design unterst\u00fctzt den Georg Thieme Verlag KG in Stuttgart. F\u00fcr eine Mitarbeiterveranstaltung im Theaterhaus Stuttgart \u00fcbernahmen wir die Logistik von diversen Mietm\u00f6beln. Anlieferung, Abholung und Bereitstellung: \u2022 Theken-Gitterboxen\u2022 Gitterboxen\u2022 LED-Beleuchtung\u2022 H\u00e4ngeleuchten im Industriedesign\u2022 Barhocker Falls auch Sie Unterst\u00fctzung f\u00fcr eine Veranstaltung ben\u00f6tigen, wir unterst\u00fctzen Sie gerne [&hellip;]<\/p>\n","protected":false},"author":1,"featured_media":0,"comment_status":"closed","ping_status":"open","sticky":false,"template":"","format":"standard","meta":{"_coblocks_attr":"","_coblocks_dimensions":"","_coblocks_responsive_height":"","_coblocks_accordion_ie_support":"","site-sidebar-layout":"default","site-content-layout":"","ast-site-content-layout":"default","site-content-style":"default","site-sidebar-style":"default","ast-global-header-display":"","ast-banner-title-visibility":"","ast-main-header-display":"","ast-hfb-above-header-display":"","ast-hfb-below-header-display":"","ast-hfb-mobile-header-display":"","site-post-title":"","ast-breadcrumbs-content":"","ast-featured-img":"","footer-sml-layout":"","ast-disable-related-posts":"","theme-transparent-header-meta":"","adv-header-id-meta":"","stick-header-meta":"","header-above-stick-meta":"","header-main-stick-meta":"","header-below-stick-meta":"","astra-migrate-meta-layouts":"set","ast-page-background-enabled":"default","ast-page-background-meta":{"desktop":{"background-color":"","background-image":"","background-repeat":"repeat","background-position":"center center","background-size":"auto","background-attachment":"scroll","background-type":"","background-media":"","overlay-type":"","overlay-color":"","overlay-opacity":"","overlay-gradient":""},"tablet":{"background-color":"","background-image":"","background-repeat":"repeat","background-position":"center center","background-size":"auto","background-attachment":"scroll","background-type":"","background-media":"","overlay-type":"","overlay-color":"","overlay-opacity":"","overlay-gradient":""},"mobile":{"background-color":"","background-image":"","background-repeat":"repeat","background-position":"center center","background-size":"auto","background-attachment":"scroll","background-type":"","background-media":"","overlay-type":"","overlay-color":"","overlay-opacity":"","overlay-gradient":""}},"ast-content-background-meta":{"desktop":{"background-color":"var(--ast-global-color-5)","background-image":"","background-repeat":"repeat","background-position":"center center","background-size":"auto","background-attachment":"scroll","background-type":"","background-media":"","overlay-type":"","overlay-color":"","overlay-opacity":"","overlay-gradient":""},"tablet":{"background-color":"var(--ast-global-color-5)","background-image":"","background-repeat":"repeat","background-position":"center center","background-size":"auto","background-attachment":"scroll","background-type":"","background-media":"","overlay-type":"","overlay-color":"","overlay-opacity":"","overlay-gradient":""},"mobile":{"background-color":"var(--ast-global-color-5)","background-image":"","background-repeat":"repeat","background-position":"center center","background-size":"auto","background-attachment":"scroll","background-type":"","background-media":"","overlay-type":"","overlay-color":"","overlay-opacity":"","overlay-gradient":""}},"_jetpack_memberships_contains_paid_content":false,"footnotes":""},"categories":[49],"tags":[23,155,178,33,58,134,167,181,60,177,153,149],"class_list":["post-5949","post","type-post","status-publish","format-standard","hentry","category-events-die-bleiben","tag-ausstattung","tag-eventausstattung","tag-eventlogistik","tag-events","tag-eventservice","tag-logistik","tag-mietmoebel","tag-mietmobiliar","tag-veranstaltung","tag-veranstaltungsequipment","tag-veranstaltungsservice","tag-vermietung"],"jetpack_featured_media_url":"","jetpack_sharing_enabled":true,"_links":{"self":[{"href":"https:\/\/kellerdesign.de\/index.php\/wp-json\/wp\/v2\/posts\/5949","targetHints":{"allow":["GET"]}}],"collection":[{"href":"https:\/\/kellerdesign.de\/index.php\/wp-json\/wp\/v2\/posts"}],"about":[{"href":"https:\/\/kellerdesign.de\/index.php\/wp-json\/wp\/v2\/types\/post"}],"author":[{"embeddable":true,"href":"https:\/\/kellerdesign.de\/index.php\/wp-json\/wp\/v2\/users\/1"}],"replies":[{"embeddable":true,"href":"https:\/\/kellerdesign.de\/index.php\/wp-json\/wp\/v2\/comments?post=5949"}],"version-history":[{"count":9,"href":"https:\/\/kellerdesign.de\/index.php\/wp-json\/wp\/v2\/posts\/5949\/revisions"}],"predecessor-version":[{"id":12724,"href":"https:\/\/kellerdesign.de\/index.php\/wp-json\/wp\/v2\/posts\/5949\/revisions\/12724"}],"wp:attachment":[{"href":"https:\/\/kellerdesign.de\/index.php\/wp-json\/wp\/v2\/media?parent=5949"}],"wp:term":[{"taxonomy":"category","embeddable":true,"href":"https:\/\/kellerdesign.de\/index.php\/wp-json\/wp\/v2\/categories?post=5949"},{"taxonomy":"post_tag","embeddable":true,"href":"https:\/\/kellerdesign.de\/index.php\/wp-json\/wp\/v2\/tags?post=5949"}],"curies":[{"name":"wp","href":"https:\/\/api.w.org\/{rel}","templated":true}]}}