{"id":5980,"date":"2022-09-20T10:45:59","date_gmt":"2022-09-20T08:45:59","guid":{"rendered":"https:\/\/kellerdesign.de\/?p=5980"},"modified":"2022-11-04T08:36:54","modified_gmt":"2022-11-04T07:36:54","slug":"amb-2022-stuttgart","status":"publish","type":"post","link":"https:\/\/kellerdesign.de\/index.php\/2022\/09\/20\/amb-2022-stuttgart\/","title":{"rendered":"AMB 2022 Stuttgart"},"content":{"rendered":"\n<p class=\"has-text-color\" style=\"color:#555555\">AMB 2022 Stuttgart vom 13.-17.09.2022 <br><br>Der Treffpunkt der Branche im Herzen Europas <br><br>Seit 1982 pr\u00e4sentiert die AMB Stuttgart alle zwei Jahre die Highlights der internationalen Metallbearbeitungsindustrie. Dann stehen Produkte, Technologien, Innovationen, Dienstleistungen <br>und Konzepte im Fokus f\u00fcr Menschen, die mit Leidenschaft und Herzblut f\u00fcr die Metallbearbeitung brennen. Damit ist die AMB Marktplatz, Fortbildungsangebot und Netzwerkplattform zugleich. <br>Ob Besucher\/Besucherinnen oder Aussteller\/Austellerinnen &#8211; <br>die AMB ist \u00fcber die Jahre hinweg zu einem der wichtigsten Termine im Branchenkalender geworden. <br><br>Wir freuen uns, dass wir gleich f\u00fcnf Kunden auf der <strong><a href=\"https:\/\/www.messe-stuttgart.de\/amb\/\" target=\"_blank\" rel=\"noreferrer noopener\">AMB Stuttgart<\/a><\/strong> bedienen durften. <br>In 11 Tagen baute unser Montageteam insgesamt 538 m\u00b2 Messestand auf.  <br><br>Unser gr\u00f6\u00dfter Messestand war mit 242m\u00b2 ein Gemeinschaftsstand der Firma <strong><a href=\"https:\/\/hf-fischer.de\/\" target=\"_blank\" rel=\"noreferrer noopener\">FISCHER Pr\u00e4zisionswerkzeug-Maschinen GmbH &amp; Co. KG.<\/a><\/strong> Neun Firmen teilten sich die Fl\u00e4che, den Besuchern stand ein 42 m\u00b2 gro\u00dfer <br>K\u00fcchen- und Barbereich zur Verf\u00fcgung. <br><br>Auch die Firma <strong><a href=\"https:\/\/www.benzinger.de\/de\/\" target=\"_blank\" rel=\"noreferrer noopener\">Carl Benzinger GmbH<\/a><\/strong> belegte auf der AMB 128 m\u00b2 Fl\u00e4che. R\u00fcckw\u00e4nde, Kabine und Besprechungsraum waren ringsum mit vollfl\u00e4chig bedruckten, in den Firmenfarben gehaltenen Bannern bespannt. <br><br>Ein weiterer, treuer Kunde 2022 ist die <strong><a href=\"https:\/\/saacke-pforzheim.de\/\" target=\"_blank\" rel=\"noreferrer noopener\">Gebr. Saacke GmbH &amp; Co. KG<\/a><\/strong> aus Pforzheim. Ihr 117 m\u00b2 gro\u00dfer Messestand \u00fcberzeugt durch gro\u00dfe Wandbanner, eine verglaste Besprechungskabine mit sch\u00f6ner Holz-R\u00fcckwand und drei abgeh\u00e4ngten Logokuben, die das Firmenlogo von Weitem erkennen lie\u00dfen. <br><br>Die Firma <strong><a href=\"https:\/\/www.hampp-tools.de\/\" target=\"_blank\" rel=\"noreferrer noopener\">Hampp-Tools GmbH &amp; Co.KG<\/a><\/strong>, die uns ebenfalls seit vielen Jahren die Treue h\u00e4lt, war mit<br>30 m\u00b2 auf der AMB Stuttgart vertreten. <br><br>Unser f\u00fcnfter Kunde mit 21m\u00b2 Messestand ist die <strong><a href=\"https:\/\/steady-rest.com\/\" target=\"_blank\" rel=\"noreferrer noopener\">H. Richter Vorrichtungsbau GmbH<\/a><\/strong>.&nbsp;<br><br>Wir sind dankbar, dass alles gut geklappt hat, und wir so ein tolles Team haben.<br>Und wir hoffen nat\u00fcrlich, auch dieses Jahr unsere AMB-Kunden wieder zufriedengestellt zu haben.<\/p>\n\n\n\n<div class=\"wp-block-columns is-layout-flex wp-container-core-columns-is-layout-28f84493 wp-block-columns-is-layout-flex\">\n<div class=\"wp-block-column is-layout-flow wp-block-column-is-layout-flow\">\n<figure class=\"wp-block-image size-full has-custom-border\"><a href=\"https:\/\/kellerdesign.de\/wp-content\/uploads\/2022\/09\/Keller-Design-Messen-Events-Fischer-AMB-Stuttgart.jpg\" target=\"_blank\" rel=\"noreferrer noopener\"><img loading=\"lazy\" decoding=\"async\" width=\"500\" height=\"350\" src=\"https:\/\/kellerdesign.de\/wp-content\/uploads\/2022\/09\/Keller-Design-Messen-Events-Fischer-AMB-Stuttgart.jpg\" alt=\"AMB-2022-stuttgart-messebau-bannergrafik-bannerdruck\" class=\"wp-image-5974\" style=\"border-radius:15px\" srcset=\"https:\/\/kellerdesign.de\/wp-content\/uploads\/2022\/09\/Keller-Design-Messen-Events-Fischer-AMB-Stuttgart.jpg 500w, https:\/\/kellerdesign.de\/wp-content\/uploads\/2022\/09\/Keller-Design-Messen-Events-Fischer-AMB-Stuttgart-300x210.jpg 300w\" sizes=\"auto, (max-width: 500px) 100vw, 500px\" \/><\/a><\/figure>\n<\/div>\n\n\n\n<div class=\"wp-block-column is-layout-flow wp-block-column-is-layout-flow\">\n<figure class=\"wp-block-image size-full has-custom-border\"><a href=\"https:\/\/kellerdesign.de\/wp-content\/uploads\/2022\/09\/Keller-Design-Messen-Events-Fischer-Standbau-Stuttgart.jpg\" target=\"_blank\" rel=\"noreferrer noopener\"><img loading=\"lazy\" decoding=\"async\" width=\"500\" height=\"350\" src=\"https:\/\/kellerdesign.de\/wp-content\/uploads\/2022\/09\/Keller-Design-Messen-Events-Fischer-Standbau-Stuttgart.jpg\" alt=\"AMB-2022-stuttgart-bannerdruck-messegrafik-kellerdesign\" class=\"wp-image-5976\" style=\"border-radius:15px\" srcset=\"https:\/\/kellerdesign.de\/wp-content\/uploads\/2022\/09\/Keller-Design-Messen-Events-Fischer-Standbau-Stuttgart.jpg 500w, https:\/\/kellerdesign.de\/wp-content\/uploads\/2022\/09\/Keller-Design-Messen-Events-Fischer-Standbau-Stuttgart-300x210.jpg 300w\" sizes=\"auto, (max-width: 500px) 100vw, 500px\" \/><\/a><\/figure>\n<\/div>\n\n\n\n<div class=\"wp-block-column is-layout-flow wp-block-column-is-layout-flow\">\n<figure class=\"wp-block-image size-full has-custom-border\"><a href=\"https:\/\/kellerdesign.de\/wp-content\/uploads\/2022\/09\/Keller-Design-Messen-Events-Fischer-Messebau-Stuttgart.jpg\" target=\"_blank\" rel=\"noreferrer noopener\"><img loading=\"lazy\" decoding=\"async\" width=\"500\" height=\"350\" src=\"https:\/\/kellerdesign.de\/wp-content\/uploads\/2022\/09\/Keller-Design-Messen-Events-Fischer-Messebau-Stuttgart.jpg\" alt=\"AMB-2022-stuttgart-vitrinenbeschriftung-mietm\u00f6bel\" class=\"wp-image-5975\" style=\"border-radius:15px\" srcset=\"https:\/\/kellerdesign.de\/wp-content\/uploads\/2022\/09\/Keller-Design-Messen-Events-Fischer-Messebau-Stuttgart.jpg 500w, https:\/\/kellerdesign.de\/wp-content\/uploads\/2022\/09\/Keller-Design-Messen-Events-Fischer-Messebau-Stuttgart-300x210.jpg 300w\" sizes=\"auto, (max-width: 500px) 100vw, 500px\" \/><\/a><\/figure>\n<\/div>\n<\/div>\n\n\n\n<div style=\"height:10px\" aria-hidden=\"true\" class=\"wp-block-spacer\"><\/div>\n\n\n\n<p class=\"has-text-align-center\" style=\"font-size:16px\"><sup><mark style=\"background-color:rgba(0, 0, 0, 0)\" class=\"has-inline-color has-ast-global-color-1-color\"><strong>FISCHER Pr\u00e4zisionswerkzeug-Maschinen GmbH, 242m\u00b2<\/strong><\/mark><\/sup><\/p>\n\n\n\n<div class=\"wp-block-columns is-layout-flex wp-container-core-columns-is-layout-28f84493 wp-block-columns-is-layout-flex\">\n<div class=\"wp-block-column is-layout-flow wp-block-column-is-layout-flow\">\n<figure class=\"wp-block-image size-full has-custom-border\"><a href=\"https:\/\/kellerdesign.de\/wp-content\/uploads\/2022\/09\/Keller-Design-Messen-Events-Benzinger-AMB-Stuttgart.jpg\" target=\"_blank\" rel=\"noreferrer noopener\"><img loading=\"lazy\" decoding=\"async\" width=\"500\" height=\"350\" src=\"https:\/\/kellerdesign.de\/wp-content\/uploads\/2022\/09\/Keller-Design-Messen-Events-Benzinger-AMB-Stuttgart.jpg\" alt=\"AMB-2022-stuttgart-standbau-kellerdesign\" class=\"wp-image-5972\" style=\"border-radius:15px\" srcset=\"https:\/\/kellerdesign.de\/wp-content\/uploads\/2022\/09\/Keller-Design-Messen-Events-Benzinger-AMB-Stuttgart.jpg 500w, https:\/\/kellerdesign.de\/wp-content\/uploads\/2022\/09\/Keller-Design-Messen-Events-Benzinger-AMB-Stuttgart-300x210.jpg 300w\" sizes=\"auto, (max-width: 500px) 100vw, 500px\" \/><\/a><\/figure>\n<\/div>\n\n\n\n<div class=\"wp-block-column is-layout-flow wp-block-column-is-layout-flow\">\n<figure class=\"wp-block-image size-full has-custom-border\"><a href=\"https:\/\/kellerdesign.de\/wp-content\/uploads\/2022\/09\/Keller-Design-Messen-Events-Benzinger_Standbau-Stuttgart-1.jpg\" target=\"_blank\" rel=\"noreferrer noopener\"><img loading=\"lazy\" decoding=\"async\" width=\"500\" height=\"350\" src=\"https:\/\/kellerdesign.de\/wp-content\/uploads\/2022\/09\/Keller-Design-Messen-Events-Benzinger_Standbau-Stuttgart-1.jpg\" alt=\"\" class=\"wp-image-6032\" style=\"border-radius:15px\" srcset=\"https:\/\/kellerdesign.de\/wp-content\/uploads\/2022\/09\/Keller-Design-Messen-Events-Benzinger_Standbau-Stuttgart-1.jpg 500w, https:\/\/kellerdesign.de\/wp-content\/uploads\/2022\/09\/Keller-Design-Messen-Events-Benzinger_Standbau-Stuttgart-1-300x210.jpg 300w\" sizes=\"auto, (max-width: 500px) 100vw, 500px\" \/><\/a><\/figure>\n<\/div>\n\n\n\n<div class=\"wp-block-column is-layout-flow wp-block-column-is-layout-flow\">\n<figure class=\"wp-block-image size-full has-custom-border\"><a href=\"https:\/\/kellerdesign.de\/wp-content\/uploads\/2022\/09\/Keller-Design-Messen-Events-Benzinger-Messe-Stuttgart.jpg\" target=\"_blank\" rel=\"noreferrer noopener\"><img loading=\"lazy\" decoding=\"async\" width=\"500\" height=\"350\" src=\"https:\/\/kellerdesign.de\/wp-content\/uploads\/2022\/09\/Keller-Design-Messen-Events-Benzinger-Messe-Stuttgart.jpg\" alt=\"AMB-2022-stuttgart-messebau-standbau-kellerdesign\" class=\"wp-image-5973\" style=\"border-radius:15px\" srcset=\"https:\/\/kellerdesign.de\/wp-content\/uploads\/2022\/09\/Keller-Design-Messen-Events-Benzinger-Messe-Stuttgart.jpg 500w, https:\/\/kellerdesign.de\/wp-content\/uploads\/2022\/09\/Keller-Design-Messen-Events-Benzinger-Messe-Stuttgart-300x210.jpg 300w\" sizes=\"auto, (max-width: 500px) 100vw, 500px\" \/><\/a><\/figure>\n<\/div>\n<\/div>\n\n\n\n<div style=\"height:10px\" aria-hidden=\"true\" class=\"wp-block-spacer\"><\/div>\n\n\n\n<p class=\"has-text-align-center\" style=\"font-size:16px\"><sup><strong>Carl Benzinger GmbH, 128m\u00b2<\/strong><\/sup><\/p>\n\n\n\n<div class=\"wp-block-columns is-layout-flex wp-container-core-columns-is-layout-28f84493 wp-block-columns-is-layout-flex\">\n<div class=\"wp-block-column is-layout-flow wp-block-column-is-layout-flow\">\n<figure class=\"wp-block-image size-full has-custom-border\"><a href=\"https:\/\/kellerdesign.de\/wp-content\/uploads\/2022\/09\/Keller-Design-Messen-Events-SAACKE_AMB-Stuttgart-Standbau.jpg\" target=\"_blank\" rel=\"noreferrer noopener\"><img loading=\"lazy\" decoding=\"async\" width=\"500\" height=\"350\" src=\"https:\/\/kellerdesign.de\/wp-content\/uploads\/2022\/09\/Keller-Design-Messen-Events-SAACKE_AMB-Stuttgart-Standbau.jpg\" alt=\"AMB-2022-stuttgart-bannerdruck-messegrafik-standbau\" class=\"wp-image-5977\" style=\"border-radius:15px\" srcset=\"https:\/\/kellerdesign.de\/wp-content\/uploads\/2022\/09\/Keller-Design-Messen-Events-SAACKE_AMB-Stuttgart-Standbau.jpg 500w, https:\/\/kellerdesign.de\/wp-content\/uploads\/2022\/09\/Keller-Design-Messen-Events-SAACKE_AMB-Stuttgart-Standbau-300x210.jpg 300w\" sizes=\"auto, (max-width: 500px) 100vw, 500px\" \/><\/a><\/figure>\n<\/div>\n\n\n\n<div class=\"wp-block-column is-layout-flow wp-block-column-is-layout-flow\">\n<figure class=\"wp-block-image size-full has-custom-border\"><a href=\"https:\/\/kellerdesign.de\/wp-content\/uploads\/2022\/09\/Keller-Design-Messen-Events-SAACKE-Messebau-Stuttgart.jpg\" target=\"_blank\" rel=\"noreferrer noopener\"><img loading=\"lazy\" decoding=\"async\" width=\"500\" height=\"350\" src=\"https:\/\/kellerdesign.de\/wp-content\/uploads\/2022\/09\/Keller-Design-Messen-Events-SAACKE-Messebau-Stuttgart.jpg\" alt=\"AMB-2022-stuttgart-standbau-messeplanung-kellerdesign\" class=\"wp-image-5979\" style=\"border-radius:15px\" srcset=\"https:\/\/kellerdesign.de\/wp-content\/uploads\/2022\/09\/Keller-Design-Messen-Events-SAACKE-Messebau-Stuttgart.jpg 500w, https:\/\/kellerdesign.de\/wp-content\/uploads\/2022\/09\/Keller-Design-Messen-Events-SAACKE-Messebau-Stuttgart-300x210.jpg 300w\" sizes=\"auto, (max-width: 500px) 100vw, 500px\" \/><\/a><\/figure>\n<\/div>\n\n\n\n<div class=\"wp-block-column is-layout-flow wp-block-column-is-layout-flow\">\n<figure class=\"wp-block-image size-full has-custom-border\"><a href=\"https:\/\/kellerdesign.de\/wp-content\/uploads\/2022\/09\/Keller-Design-Messen-Events-SAACKE_Messe-Stuttgart.jpg\" target=\"_blank\" rel=\"noreferrer noopener\"><img loading=\"lazy\" decoding=\"async\" width=\"500\" height=\"350\" src=\"https:\/\/kellerdesign.de\/wp-content\/uploads\/2022\/09\/Keller-Design-Messen-Events-SAACKE_Messe-Stuttgart.jpg\" alt=\"AMB-2022-stuttgart-standausstattung-messebau-kellerdesign\" class=\"wp-image-5978\" style=\"border-radius:15px\" srcset=\"https:\/\/kellerdesign.de\/wp-content\/uploads\/2022\/09\/Keller-Design-Messen-Events-SAACKE_Messe-Stuttgart.jpg 500w, https:\/\/kellerdesign.de\/wp-content\/uploads\/2022\/09\/Keller-Design-Messen-Events-SAACKE_Messe-Stuttgart-300x210.jpg 300w\" sizes=\"auto, (max-width: 500px) 100vw, 500px\" \/><\/a><\/figure>\n<\/div>\n<\/div>\n\n\n\n<div style=\"height:10px\" aria-hidden=\"true\" class=\"wp-block-spacer\"><\/div>\n\n\n\n<p class=\"has-text-align-center\" style=\"font-size:16px\"><sup><strong>Gebr. Saacke GmbH &amp; Co. KG, 117m\u00b2<\/strong><\/sup><\/p>\n\n\n\n<div class=\"wp-block-columns is-layout-flex wp-container-core-columns-is-layout-28f84493 wp-block-columns-is-layout-flex\">\n<div class=\"wp-block-column is-layout-flow wp-block-column-is-layout-flow\">\n<figure class=\"wp-block-image size-full is-resized has-custom-border\"><a href=\"https:\/\/kellerdesign.de\/wp-content\/uploads\/2022\/09\/Keller-Design-Messen-Events-AMB-Stuttgart-HAMPP-1.jpg\" target=\"_blank\" rel=\"noreferrer noopener\"><img loading=\"lazy\" decoding=\"async\" src=\"https:\/\/kellerdesign.de\/wp-content\/uploads\/2022\/09\/Keller-Design-Messen-Events-AMB-Stuttgart-HAMPP-1.jpg\" alt=\"AMB-2022-stuttgart-w\u00fcrfelbanner-standbau\" class=\"wp-image-6029\" style=\"border-radius:15px\" width=\"196\" height=\"200\"\/><\/a><\/figure>\n<\/div>\n\n\n\n<div class=\"wp-block-column is-layout-flow wp-block-column-is-layout-flow\">\n<figure class=\"wp-block-image size-full is-resized has-custom-border\"><a href=\"https:\/\/kellerdesign.de\/wp-content\/uploads\/2022\/09\/Keller-Design-Messen-Events-Stuttgart-Banner-HAMPP.jpg\" target=\"_blank\" rel=\"noreferrer noopener\"><img loading=\"lazy\" decoding=\"async\" src=\"https:\/\/kellerdesign.de\/wp-content\/uploads\/2022\/09\/Keller-Design-Messen-Events-Stuttgart-Banner-HAMPP.jpg\" alt=\"grafik-banner-messe-stuttgart-kellerdesign\" class=\"wp-image-6050\" style=\"border-radius:15px\" width=\"196\" height=\"200\"\/><\/a><\/figure>\n<\/div>\n\n\n\n<div class=\"wp-block-column is-vertically-aligned-bottom is-layout-flow wp-block-column-is-layout-flow\">\n<p style=\"font-size:16px\"><sup><strong>Hampp Tools GmbH, 30m\u00b2<\/strong><\/sup><\/p>\n<\/div>\n<\/div>\n\n\n\n<div style=\"height:55px\" aria-hidden=\"true\" class=\"wp-block-spacer\"><\/div>\n\n\n\n<h6 class=\"wp-block-heading\"><em><a href=\"https:\/\/www.facebook.com\/KellerDesign\/posts\/pfbid0sLeAHxKkTiW2jJPeTWwBUqdEfQYtb7JPrThao7VWScEy7EBt4FYMMjCeGuhE5Tn3l\" target=\"_blank\" rel=\"noreferrer noopener\">AMB 2022 Stuttgart<\/a><\/em><\/h6>\n","protected":false},"excerpt":{"rendered":"<p>AMB 2022 Stuttgart vom 13.-17.09.2022 Der Treffpunkt der Branche im Herzen Europas Seit 1982 pr\u00e4sentiert die AMB Stuttgart alle zwei Jahre die Highlights der internationalen Metallbearbeitungsindustrie. Dann stehen Produkte, Technologien, Innovationen, Dienstleistungen und Konzepte im Fokus f\u00fcr Menschen, die mit Leidenschaft und Herzblut f\u00fcr die Metallbearbeitung brennen. Damit ist die AMB Marktplatz, Fortbildungsangebot und Netzwerkplattform [&hellip;]<\/p>\n","protected":false},"author":1,"featured_media":0,"comment_status":"closed","ping_status":"open","sticky":false,"template":"","format":"standard","meta":{"_coblocks_attr":"","_coblocks_dimensions":"","_coblocks_responsive_height":"","_coblocks_accordion_ie_support":"","site-sidebar-layout":"default","site-content-layout":"","ast-site-content-layout":"default","site-content-style":"default","site-sidebar-style":"default","ast-global-header-display":"","ast-banner-title-visibility":"","ast-main-header-display":"","ast-hfb-above-header-display":"","ast-hfb-below-header-display":"","ast-hfb-mobile-header-display":"","site-post-title":"","ast-breadcrumbs-content":"","ast-featured-img":"","footer-sml-layout":"","ast-disable-related-posts":"","theme-transparent-header-meta":"","adv-header-id-meta":"","stick-header-meta":"","header-above-stick-meta":"","header-main-stick-meta":"","header-below-stick-meta":"","astra-migrate-meta-layouts":"default","ast-page-background-enabled":"default","ast-page-background-meta":{"desktop":{"background-color":"","background-image":"","background-repeat":"repeat","background-position":"center center","background-size":"auto","background-attachment":"scroll","background-type":"","background-media":"","overlay-type":"","overlay-color":"","overlay-opacity":"","overlay-gradient":""},"tablet":{"background-color":"","background-image":"","background-repeat":"repeat","background-position":"center center","background-size":"auto","background-attachment":"scroll","background-type":"","background-media":"","overlay-type":"","overlay-color":"","overlay-opacity":"","overlay-gradient":""},"mobile":{"background-color":"","background-image":"","background-repeat":"repeat","background-position":"center center","background-size":"auto","background-attachment":"scroll","background-type":"","background-media":"","overlay-type":"","overlay-color":"","overlay-opacity":"","overlay-gradient":""}},"ast-content-background-meta":{"desktop":{"background-color":"var(--ast-global-color-5)","background-image":"","background-repeat":"repeat","background-position":"center center","background-size":"auto","background-attachment":"scroll","background-type":"","background-media":"","overlay-type":"","overlay-color":"","overlay-opacity":"","overlay-gradient":""},"tablet":{"background-color":"var(--ast-global-color-5)","background-image":"","background-repeat":"repeat","background-position":"center center","background-size":"auto","background-attachment":"scroll","background-type":"","background-media":"","overlay-type":"","overlay-color":"","overlay-opacity":"","overlay-gradient":""},"mobile":{"background-color":"var(--ast-global-color-5)","background-image":"","background-repeat":"repeat","background-position":"center center","background-size":"auto","background-attachment":"scroll","background-type":"","background-media":"","overlay-type":"","overlay-color":"","overlay-opacity":"","overlay-gradient":""}},"_jetpack_memberships_contains_paid_content":false,"footnotes":""},"categories":[45],"tags":[142,101,182,47,40,61,159,51,46,62],"class_list":["post-5980","post","type-post","status-publish","format-standard","hentry","category-messestaende-mit-charakter","tag-messe-stuttgart","tag-messeaufbau","tag-messeausstattung","tag-messebanner","tag-messebau","tag-messebeschriftung","tag-messegrafik","tag-messestand","tag-standbau","tag-stuttgart"],"jetpack_featured_media_url":"","jetpack_sharing_enabled":true,"_links":{"self":[{"href":"https:\/\/kellerdesign.de\/index.php\/wp-json\/wp\/v2\/posts\/5980","targetHints":{"allow":["GET"]}}],"collection":[{"href":"https:\/\/kellerdesign.de\/index.php\/wp-json\/wp\/v2\/posts"}],"about":[{"href":"https:\/\/kellerdesign.de\/index.php\/wp-json\/wp\/v2\/types\/post"}],"author":[{"embeddable":true,"href":"https:\/\/kellerdesign.de\/index.php\/wp-json\/wp\/v2\/users\/1"}],"replies":[{"embeddable":true,"href":"https:\/\/kellerdesign.de\/index.php\/wp-json\/wp\/v2\/comments?post=5980"}],"version-history":[{"count":71,"href":"https:\/\/kellerdesign.de\/index.php\/wp-json\/wp\/v2\/posts\/5980\/revisions"}],"predecessor-version":[{"id":6241,"href":"https:\/\/kellerdesign.de\/index.php\/wp-json\/wp\/v2\/posts\/5980\/revisions\/6241"}],"wp:attachment":[{"href":"https:\/\/kellerdesign.de\/index.php\/wp-json\/wp\/v2\/media?parent=5980"}],"wp:term":[{"taxonomy":"category","embeddable":true,"href":"https:\/\/kellerdesign.de\/index.php\/wp-json\/wp\/v2\/categories?post=5980"},{"taxonomy":"post_tag","embeddable":true,"href":"https:\/\/kellerdesign.de\/index.php\/wp-json\/wp\/v2\/tags?post=5980"}],"curies":[{"name":"wp","href":"https:\/\/api.w.org\/{rel}","templated":true}]}}