{"id":6060,"date":"2022-09-23T10:37:37","date_gmt":"2022-09-23T08:37:37","guid":{"rendered":"https:\/\/kellerdesign.de\/?p=6060"},"modified":"2025-07-17T12:40:39","modified_gmt":"2025-07-17T10:40:39","slug":"centerbetriebsversammlung","status":"publish","type":"post","link":"https:\/\/kellerdesign.de\/index.php\/2022\/09\/23\/centerbetriebsversammlung\/","title":{"rendered":"Centerbetriebsversammlung in Sindelfingen"},"content":{"rendered":"\n<p class=\"has-text-color\" style=\"color:#555555\">F\u00fcr die diesj\u00e4hrige Centerbetriebsversammlung in verschiedenen Geb\u00e4uden des Mercedes-Benz-Werkes Sindelfingen haben wir f\u00fcr \u00fcber 7300 Sitzpl\u00e4tze in Form von Biertischgarnituren und Reihenbestuhlung gesorgt. <br>Auch alle n\u00f6tigen Beschilderungen und Leitsysteme wurden von uns produziert und platziert. <br>F\u00fcr den Cateringbereich haben wir alle n\u00f6tigen Mietm\u00f6bel zur Verf\u00fcgung gestellt.\u00a0 <br>Der Aufbau und die Logistik von so viel Material war eine Herausforderung, die aber dank unseres Teams super geklappt hat. Wir bedanken uns f\u00fcr den Auftrag. <br><br>Sie planen auch noch eine Betriebsfeier und ben\u00f6tigen die passende <a href=\"https:\/\/kellerdesign.mietmoebelkatalog.de\/\" target=\"_blank\" rel=\"noreferrer noopener\"><strong>Ausstattung<\/strong><\/a>? <br>Dann sind wir Ihre Ansprechpartner.<\/p>\n\n\n\n<div class=\"wp-block-columns is-layout-flex wp-container-core-columns-is-layout-28f84493 wp-block-columns-is-layout-flex\">\n<div class=\"wp-block-column is-layout-flow wp-block-column-is-layout-flow\">\n<figure class=\"wp-block-image size-full has-custom-border\"><a href=\"https:\/\/kellerdesign.de\/wp-content\/uploads\/2022\/09\/Keller-Design-Messen-Events-Centerbetriebsversammlung-Sifi.jpg\" target=\"_blank\" rel=\"noreferrer noopener\"><img loading=\"lazy\" decoding=\"async\" width=\"700\" height=\"315\" src=\"https:\/\/kellerdesign.de\/wp-content\/uploads\/2022\/09\/Keller-Design-Messen-Events-Centerbetriebsversammlung-Sifi.jpg\" alt=\"centerbetriebsversammlung-kellerdesign-montage\" class=\"wp-image-6059\" style=\"border-radius:15px\" srcset=\"https:\/\/kellerdesign.de\/wp-content\/uploads\/2022\/09\/Keller-Design-Messen-Events-Centerbetriebsversammlung-Sifi.jpg 700w, https:\/\/kellerdesign.de\/wp-content\/uploads\/2022\/09\/Keller-Design-Messen-Events-Centerbetriebsversammlung-Sifi-300x135.jpg 300w\" sizes=\"auto, (max-width: 700px) 100vw, 700px\" \/><\/a><\/figure>\n<\/div>\n\n\n\n<div class=\"wp-block-column is-layout-flow wp-block-column-is-layout-flow\">\n<figure class=\"wp-block-image size-full has-custom-border\"><a href=\"https:\/\/kellerdesign.de\/wp-content\/uploads\/2022\/09\/Keller-Design-Messen-Events-CBV-Mietmoebel-Kundencenter-Sifi.jpg\" target=\"_blank\" rel=\"noreferrer noopener\"><img loading=\"lazy\" decoding=\"async\" width=\"701\" height=\"316\" src=\"https:\/\/kellerdesign.de\/wp-content\/uploads\/2022\/09\/Keller-Design-Messen-Events-CBV-Mietmoebel-Kundencenter-Sifi.jpg\" alt=\"centerbetriebsversammlung-montage-logistik\" class=\"wp-image-6058\" style=\"border-radius:15px\" srcset=\"https:\/\/kellerdesign.de\/wp-content\/uploads\/2022\/09\/Keller-Design-Messen-Events-CBV-Mietmoebel-Kundencenter-Sifi.jpg 701w, https:\/\/kellerdesign.de\/wp-content\/uploads\/2022\/09\/Keller-Design-Messen-Events-CBV-Mietmoebel-Kundencenter-Sifi-300x135.jpg 300w\" sizes=\"auto, (max-width: 701px) 100vw, 701px\" \/><\/a><\/figure>\n<\/div>\n<\/div>\n\n\n\n<div style=\"height:50px\" aria-hidden=\"true\" class=\"wp-block-spacer\"><\/div>\n\n\n\n<h6 class=\"wp-block-heading\"><a href=\"https:\/\/kellerdesign.de\/index.php\/events\/biertischgarnituren-bestuhlungen\/\" target=\"_blank\" rel=\"noreferrer noopener\"><em>Centerbetriebsversammlung<\/em><\/a><\/h6>\n","protected":false},"excerpt":{"rendered":"<p>F\u00fcr die diesj\u00e4hrige Centerbetriebsversammlung in verschiedenen Geb\u00e4uden des Mercedes-Benz-Werkes Sindelfingen haben wir f\u00fcr \u00fcber 7300 Sitzpl\u00e4tze in Form von Biertischgarnituren und Reihenbestuhlung gesorgt. Auch alle n\u00f6tigen Beschilderungen und Leitsysteme wurden von uns produziert und platziert. F\u00fcr den Cateringbereich haben wir alle n\u00f6tigen Mietm\u00f6bel zur Verf\u00fcgung gestellt.\u00a0 Der Aufbau und die Logistik von so viel Material [&hellip;]<\/p>\n","protected":false},"author":1,"featured_media":0,"comment_status":"closed","ping_status":"open","sticky":false,"template":"","format":"standard","meta":{"_coblocks_attr":"","_coblocks_dimensions":"","_coblocks_responsive_height":"","_coblocks_accordion_ie_support":"","site-sidebar-layout":"default","site-content-layout":"","ast-site-content-layout":"default","site-content-style":"default","site-sidebar-style":"default","ast-global-header-display":"","ast-banner-title-visibility":"","ast-main-header-display":"","ast-hfb-above-header-display":"","ast-hfb-below-header-display":"","ast-hfb-mobile-header-display":"","site-post-title":"","ast-breadcrumbs-content":"","ast-featured-img":"","footer-sml-layout":"","ast-disable-related-posts":"","theme-transparent-header-meta":"","adv-header-id-meta":"","stick-header-meta":"","header-above-stick-meta":"","header-main-stick-meta":"","header-below-stick-meta":"","astra-migrate-meta-layouts":"set","ast-page-background-enabled":"default","ast-page-background-meta":{"desktop":{"background-color":"","background-image":"","background-repeat":"repeat","background-position":"center center","background-size":"auto","background-attachment":"scroll","background-type":"","background-media":"","overlay-type":"","overlay-color":"","overlay-opacity":"","overlay-gradient":""},"tablet":{"background-color":"","background-image":"","background-repeat":"repeat","background-position":"center center","background-size":"auto","background-attachment":"scroll","background-type":"","background-media":"","overlay-type":"","overlay-color":"","overlay-opacity":"","overlay-gradient":""},"mobile":{"background-color":"","background-image":"","background-repeat":"repeat","background-position":"center center","background-size":"auto","background-attachment":"scroll","background-type":"","background-media":"","overlay-type":"","overlay-color":"","overlay-opacity":"","overlay-gradient":""}},"ast-content-background-meta":{"desktop":{"background-color":"var(--ast-global-color-5)","background-image":"","background-repeat":"repeat","background-position":"center center","background-size":"auto","background-attachment":"scroll","background-type":"","background-media":"","overlay-type":"","overlay-color":"","overlay-opacity":"","overlay-gradient":""},"tablet":{"background-color":"var(--ast-global-color-5)","background-image":"","background-repeat":"repeat","background-position":"center center","background-size":"auto","background-attachment":"scroll","background-type":"","background-media":"","overlay-type":"","overlay-color":"","overlay-opacity":"","overlay-gradient":""},"mobile":{"background-color":"var(--ast-global-color-5)","background-image":"","background-repeat":"repeat","background-position":"center center","background-size":"auto","background-attachment":"scroll","background-type":"","background-media":"","overlay-type":"","overlay-color":"","overlay-opacity":"","overlay-gradient":""}},"_jetpack_memberships_contains_paid_content":false,"footnotes":""},"categories":[49],"tags":[105,54,59,66,29,155,178,33,58,134,102,153],"class_list":["post-6060","post","type-post","status-publish","format-standard","hentry","category-events-die-bleiben","tag-beschilderung","tag-beschriftung","tag-bestuhlung","tag-bierbaenke","tag-biertischgarnituren","tag-eventausstattung","tag-eventlogistik","tag-events","tag-eventservice","tag-logistik","tag-montage","tag-veranstaltungsservice"],"jetpack_featured_media_url":"","jetpack_sharing_enabled":true,"_links":{"self":[{"href":"https:\/\/kellerdesign.de\/index.php\/wp-json\/wp\/v2\/posts\/6060","targetHints":{"allow":["GET"]}}],"collection":[{"href":"https:\/\/kellerdesign.de\/index.php\/wp-json\/wp\/v2\/posts"}],"about":[{"href":"https:\/\/kellerdesign.de\/index.php\/wp-json\/wp\/v2\/types\/post"}],"author":[{"embeddable":true,"href":"https:\/\/kellerdesign.de\/index.php\/wp-json\/wp\/v2\/users\/1"}],"replies":[{"embeddable":true,"href":"https:\/\/kellerdesign.de\/index.php\/wp-json\/wp\/v2\/comments?post=6060"}],"version-history":[{"count":14,"href":"https:\/\/kellerdesign.de\/index.php\/wp-json\/wp\/v2\/posts\/6060\/revisions"}],"predecessor-version":[{"id":12711,"href":"https:\/\/kellerdesign.de\/index.php\/wp-json\/wp\/v2\/posts\/6060\/revisions\/12711"}],"wp:attachment":[{"href":"https:\/\/kellerdesign.de\/index.php\/wp-json\/wp\/v2\/media?parent=6060"}],"wp:term":[{"taxonomy":"category","embeddable":true,"href":"https:\/\/kellerdesign.de\/index.php\/wp-json\/wp\/v2\/categories?post=6060"},{"taxonomy":"post_tag","embeddable":true,"href":"https:\/\/kellerdesign.de\/index.php\/wp-json\/wp\/v2\/tags?post=6060"}],"curies":[{"name":"wp","href":"https:\/\/api.w.org\/{rel}","templated":true}]}}