{"id":6697,"date":"2022-12-06T16:03:21","date_gmt":"2022-12-06T15:03:21","guid":{"rendered":"https:\/\/kellerdesign.de\/?p=6697"},"modified":"2022-12-08T14:13:32","modified_gmt":"2022-12-08T13:13:32","slug":"unsere-konstruktionsabteilung","status":"publish","type":"post","link":"https:\/\/kellerdesign.de\/index.php\/2022\/12\/06\/unsere-konstruktionsabteilung\/","title":{"rendered":"Unsere Konstruktionsabteilung"},"content":{"rendered":"\n<p>In unserer Konstruktionsabteilung bekommen Messest\u00e4nde und Veranstaltungen ihre erste Optik. <br>Erste Skizzen und Entw\u00fcrfe werden unter Ber\u00fccksichtigung der vorgegeben Stand- und <br>Eventfl\u00e4che ma\u00dfstabsgetreu im CAD-Programm visualisiert. <br><br>Die technische Umsetzung entsteht ebenfalls in der Konstruktionsabteilung, dort wird ein passendes Messestandsystem ausgew\u00e4hlt oder bei einer Veranstaltung das gew\u00fcnschte Mobiliar und\/oder sonstige Eventausstattungen platziert, so dass auch alle Vorgaben der Versammlungsst\u00e4ttenverordnung wie Abst\u00e4nde, Gangbreiten, etc. eingehalten werden. <br><br>Die Statik spielt gerade beim Messebau eine wichtige Rolle. Hierf\u00fcr haben wir ein erfahrenes Team, durch welches die Sicherheit der Messebesucher und Veranstaltungsteilnehmer immer gew\u00e4hrleistet werden kann. <br><br>Unsere Konstruktionsabteilung steht im st\u00e4ndigen Austausch mit unseren Monteuren, damit ein einwandfreier Aufbau erm\u00f6glicht werden kann. Letztlich laufen alle Prozesse durch die Konstruktionsabteilung \u2013 die Messe- bzw. Eventplanung, die Grafikabteilung, die Messemontage\/Eventmontage und unser Lager und die Logistik. <br><br>Die Nachbesprechung ist ein wichtiger Bestandteil der Abl\u00e4ufe. Es k\u00f6nnen m\u00f6gliche Anregungen, Verbesserungen und Vorschl\u00e4ge besprochen werden, um zuk\u00fcnftige Projekte optimal zu gestalten.<\/p>\n\n\n\n<div class=\"wp-block-columns is-layout-flex wp-container-core-columns-is-layout-28f84493 wp-block-columns-is-layout-flex\">\n<div class=\"wp-block-column is-layout-flow wp-block-column-is-layout-flow\">\n<figure class=\"wp-block-image size-full has-custom-border\"><a href=\"https:\/\/kellerdesign.de\/wp-content\/uploads\/2022\/12\/Keller-Design-Messen-Events-Konstruktion-Besprechnung.jpg\" target=\"_blank\" rel=\"noreferrer noopener\"><img loading=\"lazy\" decoding=\"async\" width=\"550\" height=\"413\" src=\"https:\/\/kellerdesign.de\/wp-content\/uploads\/2022\/12\/Keller-Design-Messen-Events-Konstruktion-Besprechnung.jpg\" alt=\"unsere-Konstruktionsabteilung-ideenschmiede-nordschwarzwald\" class=\"wp-image-6693\" style=\"border-radius:12px\" srcset=\"https:\/\/kellerdesign.de\/wp-content\/uploads\/2022\/12\/Keller-Design-Messen-Events-Konstruktion-Besprechnung.jpg 550w, https:\/\/kellerdesign.de\/wp-content\/uploads\/2022\/12\/Keller-Design-Messen-Events-Konstruktion-Besprechnung-300x225.jpg 300w\" sizes=\"auto, (max-width: 550px) 100vw, 550px\" \/><\/a><\/figure>\n<\/div>\n\n\n\n<div class=\"wp-block-column is-layout-flow wp-block-column-is-layout-flow\">\n<figure class=\"wp-block-image size-full has-custom-border\"><a href=\"https:\/\/kellerdesign.de\/wp-content\/uploads\/2022\/12\/Keller-Design-Messen-Events-Konstruktion-Detailansicht-Profil.jpg\" target=\"_blank\" rel=\"noreferrer noopener\"><img loading=\"lazy\" decoding=\"async\" width=\"550\" height=\"413\" src=\"https:\/\/kellerdesign.de\/wp-content\/uploads\/2022\/12\/Keller-Design-Messen-Events-Konstruktion-Detailansicht-Profil.jpg\" alt=\"\" class=\"wp-image-6695\" style=\"border-radius:12px\" srcset=\"https:\/\/kellerdesign.de\/wp-content\/uploads\/2022\/12\/Keller-Design-Messen-Events-Konstruktion-Detailansicht-Profil.jpg 550w, https:\/\/kellerdesign.de\/wp-content\/uploads\/2022\/12\/Keller-Design-Messen-Events-Konstruktion-Detailansicht-Profil-300x225.jpg 300w\" sizes=\"auto, (max-width: 550px) 100vw, 550px\" \/><\/a><\/figure>\n<\/div>\n\n\n\n<div class=\"wp-block-column is-layout-flow wp-block-column-is-layout-flow\">\n<figure class=\"wp-block-image size-full has-custom-border\"><a href=\"https:\/\/kellerdesign.de\/wp-content\/uploads\/2022\/12\/Keller-Design-Messen-Events-Konstruktion-CAD-Plan.jpg\" target=\"_blank\" rel=\"noreferrer noopener\"><img loading=\"lazy\" decoding=\"async\" width=\"550\" height=\"413\" src=\"https:\/\/kellerdesign.de\/wp-content\/uploads\/2022\/12\/Keller-Design-Messen-Events-Konstruktion-CAD-Plan.jpg\" alt=\"\" class=\"wp-image-6694\" style=\"border-radius:12px\" srcset=\"https:\/\/kellerdesign.de\/wp-content\/uploads\/2022\/12\/Keller-Design-Messen-Events-Konstruktion-CAD-Plan.jpg 550w, https:\/\/kellerdesign.de\/wp-content\/uploads\/2022\/12\/Keller-Design-Messen-Events-Konstruktion-CAD-Plan-300x225.jpg 300w\" sizes=\"auto, (max-width: 550px) 100vw, 550px\" \/><\/a><\/figure>\n<\/div>\n\n\n\n<div class=\"wp-block-column is-layout-flow wp-block-column-is-layout-flow\">\n<figure class=\"wp-block-image size-full has-custom-border\"><a href=\"https:\/\/kellerdesign.de\/wp-content\/uploads\/2022\/12\/Keller-Design-Messen-Events-Konstruktion-Detailbild.jpg\" target=\"_blank\" rel=\"noreferrer noopener\"><img loading=\"lazy\" decoding=\"async\" width=\"550\" height=\"413\" src=\"https:\/\/kellerdesign.de\/wp-content\/uploads\/2022\/12\/Keller-Design-Messen-Events-Konstruktion-Detailbild.jpg\" alt=\"\" class=\"wp-image-6696\" style=\"border-radius:12px\" srcset=\"https:\/\/kellerdesign.de\/wp-content\/uploads\/2022\/12\/Keller-Design-Messen-Events-Konstruktion-Detailbild.jpg 550w, https:\/\/kellerdesign.de\/wp-content\/uploads\/2022\/12\/Keller-Design-Messen-Events-Konstruktion-Detailbild-300x225.jpg 300w\" sizes=\"auto, (max-width: 550px) 100vw, 550px\" \/><\/a><\/figure>\n<\/div>\n<\/div>\n\n\n\n<div style=\"height:50px\" aria-hidden=\"true\" class=\"wp-block-spacer\"><\/div>\n\n\n\n<h6 class=\"wp-block-heading\"><a href=\"https:\/\/www.facebook.com\/KellerDesign\/posts\/pfbid02fM1qJVNP7RprEByq3xj4WArq2ntQXzgWaAX7orMdwbKUeLbSsTcPEiYGcvQov2oRl\" target=\"_blank\" rel=\"noreferrer noopener\"><em>Unsere Konstruktionsabteilung<\/em><\/a><\/h6>\n","protected":false},"excerpt":{"rendered":"<p>In unserer Konstruktionsabteilung bekommen Messest\u00e4nde und Veranstaltungen ihre erste Optik. Erste Skizzen und Entw\u00fcrfe werden unter Ber\u00fccksichtigung der vorgegeben Stand- und Eventfl\u00e4che ma\u00dfstabsgetreu im CAD-Programm visualisiert. Die technische Umsetzung entsteht ebenfalls in der Konstruktionsabteilung, dort wird ein passendes Messestandsystem ausgew\u00e4hlt oder bei einer Veranstaltung das gew\u00fcnschte Mobiliar und\/oder sonstige Eventausstattungen platziert, so dass auch alle [&hellip;]<\/p>\n","protected":false},"author":1,"featured_media":0,"comment_status":"closed","ping_status":"open","sticky":false,"template":"","format":"standard","meta":{"_coblocks_attr":"","_coblocks_dimensions":"","_coblocks_responsive_height":"","_coblocks_accordion_ie_support":"","site-sidebar-layout":"default","site-content-layout":"","ast-site-content-layout":"default","site-content-style":"default","site-sidebar-style":"default","ast-global-header-display":"","ast-banner-title-visibility":"","ast-main-header-display":"","ast-hfb-above-header-display":"","ast-hfb-below-header-display":"","ast-hfb-mobile-header-display":"","site-post-title":"","ast-breadcrumbs-content":"","ast-featured-img":"","footer-sml-layout":"","ast-disable-related-posts":"","theme-transparent-header-meta":"","adv-header-id-meta":"","stick-header-meta":"","header-above-stick-meta":"","header-main-stick-meta":"","header-below-stick-meta":"","astra-migrate-meta-layouts":"default","ast-page-background-enabled":"default","ast-page-background-meta":{"desktop":{"background-color":"","background-image":"","background-repeat":"repeat","background-position":"center center","background-size":"auto","background-attachment":"scroll","background-type":"","background-media":"","overlay-type":"","overlay-color":"","overlay-opacity":"","overlay-gradient":""},"tablet":{"background-color":"","background-image":"","background-repeat":"repeat","background-position":"center center","background-size":"auto","background-attachment":"scroll","background-type":"","background-media":"","overlay-type":"","overlay-color":"","overlay-opacity":"","overlay-gradient":""},"mobile":{"background-color":"","background-image":"","background-repeat":"repeat","background-position":"center center","background-size":"auto","background-attachment":"scroll","background-type":"","background-media":"","overlay-type":"","overlay-color":"","overlay-opacity":"","overlay-gradient":""}},"ast-content-background-meta":{"desktop":{"background-color":"var(--ast-global-color-5)","background-image":"","background-repeat":"repeat","background-position":"center center","background-size":"auto","background-attachment":"scroll","background-type":"","background-media":"","overlay-type":"","overlay-color":"","overlay-opacity":"","overlay-gradient":""},"tablet":{"background-color":"var(--ast-global-color-5)","background-image":"","background-repeat":"repeat","background-position":"center center","background-size":"auto","background-attachment":"scroll","background-type":"","background-media":"","overlay-type":"","overlay-color":"","overlay-opacity":"","overlay-gradient":""},"mobile":{"background-color":"var(--ast-global-color-5)","background-image":"","background-repeat":"repeat","background-position":"center center","background-size":"auto","background-attachment":"scroll","background-type":"","background-media":"","overlay-type":"","overlay-color":"","overlay-opacity":"","overlay-gradient":""}},"_jetpack_memberships_contains_paid_content":false,"footnotes":""},"categories":[87],"tags":[226,236,230,235,227,228,234,231,229],"class_list":["post-6697","post","type-post","status-publish","format-standard","hentry","category-ueber-keller-design","tag-cad","tag-detailzeichnung","tag-eventplan","tag-grundriss","tag-konstruktion","tag-konstruktionsabteilung","tag-ladeliste","tag-rendering","tag-standplaene"],"jetpack_featured_media_url":"","jetpack_sharing_enabled":true,"_links":{"self":[{"href":"https:\/\/kellerdesign.de\/index.php\/wp-json\/wp\/v2\/posts\/6697","targetHints":{"allow":["GET"]}}],"collection":[{"href":"https:\/\/kellerdesign.de\/index.php\/wp-json\/wp\/v2\/posts"}],"about":[{"href":"https:\/\/kellerdesign.de\/index.php\/wp-json\/wp\/v2\/types\/post"}],"author":[{"embeddable":true,"href":"https:\/\/kellerdesign.de\/index.php\/wp-json\/wp\/v2\/users\/1"}],"replies":[{"embeddable":true,"href":"https:\/\/kellerdesign.de\/index.php\/wp-json\/wp\/v2\/comments?post=6697"}],"version-history":[{"count":11,"href":"https:\/\/kellerdesign.de\/index.php\/wp-json\/wp\/v2\/posts\/6697\/revisions"}],"predecessor-version":[{"id":6797,"href":"https:\/\/kellerdesign.de\/index.php\/wp-json\/wp\/v2\/posts\/6697\/revisions\/6797"}],"wp:attachment":[{"href":"https:\/\/kellerdesign.de\/index.php\/wp-json\/wp\/v2\/media?parent=6697"}],"wp:term":[{"taxonomy":"category","embeddable":true,"href":"https:\/\/kellerdesign.de\/index.php\/wp-json\/wp\/v2\/categories?post=6697"},{"taxonomy":"post_tag","embeddable":true,"href":"https:\/\/kellerdesign.de\/index.php\/wp-json\/wp\/v2\/tags?post=6697"}],"curies":[{"name":"wp","href":"https:\/\/api.w.org\/{rel}","templated":true}]}}