{"id":7056,"date":"2023-03-15T15:50:49","date_gmt":"2023-03-15T14:50:49","guid":{"rendered":"https:\/\/kellerdesign.de\/?p=7056"},"modified":"2023-04-04T09:49:14","modified_gmt":"2023-04-04T07:49:14","slug":"leitmesse-internorga-messebau","status":"publish","type":"post","link":"https:\/\/kellerdesign.de\/index.php\/2023\/03\/15\/leitmesse-internorga-messebau\/","title":{"rendered":"Internationale Leitmesse Internorga Hamburg"},"content":{"rendered":"\n<p class=\"has-text-color\" style=\"color:#555555\"><strong>Projektierung:<\/strong> <br>DUKTUS\u00ae GmbH <br><strong>Ausf\u00fchrung:<\/strong> <br>Keller Design \u2013 Messen &amp; Events \u2013 GmbH<\/p>\n\n\n\n<p class=\"has-text-color\" style=\"color:#555555\">Die internationale Leitmesse Internorga kann man endlich wieder vom 10. -14. M\u00e4rz 2023 <br>in Hamburg mit allen Sinnen erleben. <br><br>Seit Jahrzenten gilt die Internorga als Leitmesse f\u00fcr den gesamten Au\u00dfer-Haus-Markt, als Wegbereiter und Quelle f\u00fcr Trends, innovative Konzepte, Produkte, Service und Dienstleistung. Auch in diesem Jahr haben wir zusammen mit unserem Partner &#8211; der <strong><a href=\"https:\/\/duktus.de\/\" target=\"_blank\" rel=\"noreferrer noopener\">Duktus GmbH<\/a> <\/strong>&#8211; zwei kleine, aber feine Messest\u00e4nde geplant und aufgebaut \u2013 <strong><a href=\"https:\/\/www.hotelnext.io\/de\/start\" target=\"_blank\" rel=\"noreferrer noopener\">HotelNext<\/a><\/strong> mit 49 m\u00b2 und <strong><a href=\"https:\/\/www.dirs21.de\/\" target=\"_blank\" rel=\"noreferrer noopener\">DIRS21<\/a> <\/strong>mit 42 m\u00b2. <br><br>Vielen Dank f\u00fcr die gute Zusammenarbeit und das Vertrauen.<\/p>\n\n\n\n<div style=\"height:20px\" aria-hidden=\"true\" class=\"wp-block-spacer\"><\/div>\n\n\n\n<div class=\"wp-block-columns is-layout-flex wp-container-core-columns-is-layout-28f84493 wp-block-columns-is-layout-flex\">\n<div class=\"wp-block-column is-layout-flow wp-block-column-is-layout-flow\">\n<figure class=\"wp-block-image alignleft size-large is-resized has-custom-border\"><a href=\"https:\/\/kellerdesign.de\/wp-content\/uploads\/2023\/03\/Keller-Design-Messen-Events-Messebau-Hamburg-DIRS.jpg\" target=\"_blank\" rel=\"noreferrer noopener\"><img decoding=\"async\" src=\"https:\/\/kellerdesign.de\/wp-content\/uploads\/2023\/03\/Keller-Design-Messen-Events-Messebau-Hamburg-DIRS-820x1024.jpg\" alt=\"internationale-leitmesse-internorga-hamburg\" class=\"wp-image-7105\" style=\"border-radius:15px\" width=\"250\" srcset=\"https:\/\/kellerdesign.de\/wp-content\/uploads\/2023\/03\/Keller-Design-Messen-Events-Messebau-Hamburg-DIRS-820x1024.jpg 820w, https:\/\/kellerdesign.de\/wp-content\/uploads\/2023\/03\/Keller-Design-Messen-Events-Messebau-Hamburg-DIRS-240x300.jpg 240w, https:\/\/kellerdesign.de\/wp-content\/uploads\/2023\/03\/Keller-Design-Messen-Events-Messebau-Hamburg-DIRS-768x959.jpg 768w, https:\/\/kellerdesign.de\/wp-content\/uploads\/2023\/03\/Keller-Design-Messen-Events-Messebau-Hamburg-DIRS-1231x1536.jpg 1231w, https:\/\/kellerdesign.de\/wp-content\/uploads\/2023\/03\/Keller-Design-Messen-Events-Messebau-Hamburg-DIRS.jpg 1459w\" sizes=\"(max-width: 820px) 100vw, 820px\" \/><\/a><\/figure>\n<\/div>\n\n\n\n<div class=\"wp-block-column is-layout-flow wp-block-column-is-layout-flow\">\n<figure class=\"wp-block-image alignleft size-large is-resized has-custom-border\"><a href=\"https:\/\/kellerdesign.de\/wp-content\/uploads\/2023\/03\/Keller-Design-Messen-Events-Messebau-Hamburg-DIRS-Internorga.jpg\" target=\"_blank\" rel=\"noreferrer noopener\"><img decoding=\"async\" src=\"https:\/\/kellerdesign.de\/wp-content\/uploads\/2023\/03\/Keller-Design-Messen-Events-Messebau-Hamburg-DIRS-Internorga-820x1024.jpg\" alt=\"internationale-leitmesse-internorga-hamburg\" class=\"wp-image-7106\" style=\"border-radius:15px\" width=\"250\" srcset=\"https:\/\/kellerdesign.de\/wp-content\/uploads\/2023\/03\/Keller-Design-Messen-Events-Messebau-Hamburg-DIRS-Internorga-820x1024.jpg 820w, https:\/\/kellerdesign.de\/wp-content\/uploads\/2023\/03\/Keller-Design-Messen-Events-Messebau-Hamburg-DIRS-Internorga-240x300.jpg 240w, https:\/\/kellerdesign.de\/wp-content\/uploads\/2023\/03\/Keller-Design-Messen-Events-Messebau-Hamburg-DIRS-Internorga-768x959.jpg 768w, https:\/\/kellerdesign.de\/wp-content\/uploads\/2023\/03\/Keller-Design-Messen-Events-Messebau-Hamburg-DIRS-Internorga-1231x1536.jpg 1231w, https:\/\/kellerdesign.de\/wp-content\/uploads\/2023\/03\/Keller-Design-Messen-Events-Messebau-Hamburg-DIRS-Internorga.jpg 1459w\" sizes=\"(max-width: 820px) 100vw, 820px\" \/><\/a><\/figure>\n<\/div>\n<\/div>\n\n\n\n<div style=\"height:10px\" aria-hidden=\"true\" class=\"wp-block-spacer\"><\/div>\n\n\n\n<p class=\"has-text-align-left\"><sup>DIRS21, 42m\u00b2<\/sup><\/p>\n\n\n\n<div style=\"height:30px\" aria-hidden=\"true\" class=\"wp-block-spacer\"><\/div>\n\n\n\n<div class=\"wp-block-columns is-layout-flex wp-container-core-columns-is-layout-28f84493 wp-block-columns-is-layout-flex\">\n<div class=\"wp-block-column is-layout-flow wp-block-column-is-layout-flow\">\n<figure class=\"wp-block-image alignleft size-large is-resized has-custom-border\"><a href=\"https:\/\/kellerdesign.de\/wp-content\/uploads\/2023\/03\/Keller-Design-Messen-Events-Standbau-Internorga-Hamburg-HotelNext.jpg\" target=\"_blank\" rel=\"noreferrer noopener\"><img decoding=\"async\" src=\"https:\/\/kellerdesign.de\/wp-content\/uploads\/2023\/03\/Keller-Design-Messen-Events-Standbau-Internorga-Hamburg-HotelNext-1024x805.jpg\" alt=\"leitmesse-internorga-hamburg-standbau\" class=\"wp-image-7115\" style=\"border-radius:15px\" width=\"280\" srcset=\"https:\/\/kellerdesign.de\/wp-content\/uploads\/2023\/03\/Keller-Design-Messen-Events-Standbau-Internorga-Hamburg-HotelNext-1024x805.jpg 1024w, https:\/\/kellerdesign.de\/wp-content\/uploads\/2023\/03\/Keller-Design-Messen-Events-Standbau-Internorga-Hamburg-HotelNext-300x236.jpg 300w, https:\/\/kellerdesign.de\/wp-content\/uploads\/2023\/03\/Keller-Design-Messen-Events-Standbau-Internorga-Hamburg-HotelNext-768x604.jpg 768w, https:\/\/kellerdesign.de\/wp-content\/uploads\/2023\/03\/Keller-Design-Messen-Events-Standbau-Internorga-Hamburg-HotelNext-1536x1208.jpg 1536w, https:\/\/kellerdesign.de\/wp-content\/uploads\/2023\/03\/Keller-Design-Messen-Events-Standbau-Internorga-Hamburg-HotelNext.jpg 1634w\" sizes=\"(max-width: 1024px) 100vw, 1024px\" \/><\/a><\/figure>\n<\/div>\n\n\n\n<div class=\"wp-block-column is-layout-flow wp-block-column-is-layout-flow\">\n<figure class=\"wp-block-image alignleft size-large is-resized has-custom-border\"><a href=\"https:\/\/kellerdesign.de\/wp-content\/uploads\/2023\/03\/Keller-Design-Messen-Events-Standbau-Internorga-Hamburg.jpg\" target=\"_blank\" rel=\"noreferrer noopener\"><img decoding=\"async\" src=\"https:\/\/kellerdesign.de\/wp-content\/uploads\/2023\/03\/Keller-Design-Messen-Events-Standbau-Internorga-Hamburg-1024x804.jpg\" alt=\"internationale-leitmesse-internorga-hamburg\" class=\"wp-image-7114\" style=\"border-radius:15px\" width=\"280\" srcset=\"https:\/\/kellerdesign.de\/wp-content\/uploads\/2023\/03\/Keller-Design-Messen-Events-Standbau-Internorga-Hamburg-1024x804.jpg 1024w, https:\/\/kellerdesign.de\/wp-content\/uploads\/2023\/03\/Keller-Design-Messen-Events-Standbau-Internorga-Hamburg-300x236.jpg 300w, https:\/\/kellerdesign.de\/wp-content\/uploads\/2023\/03\/Keller-Design-Messen-Events-Standbau-Internorga-Hamburg-768x603.jpg 768w, https:\/\/kellerdesign.de\/wp-content\/uploads\/2023\/03\/Keller-Design-Messen-Events-Standbau-Internorga-Hamburg-1536x1206.jpg 1536w, https:\/\/kellerdesign.de\/wp-content\/uploads\/2023\/03\/Keller-Design-Messen-Events-Standbau-Internorga-Hamburg.jpg 1635w\" sizes=\"(max-width: 1024px) 100vw, 1024px\" \/><\/a><\/figure>\n<\/div>\n<\/div>\n\n\n\n<div style=\"height:10px\" aria-hidden=\"true\" class=\"wp-block-spacer\"><\/div>\n\n\n\n<p class=\"has-text-align-left\"><sup>HotelNext, 49m\u00b2<\/sup><\/p>\n\n\n\n<div style=\"height:50px\" aria-hidden=\"true\" class=\"wp-block-spacer\"><\/div>\n\n\n\n<h6 class=\"wp-block-heading\"><em><a href=\"https:\/\/www.internorga.com\/\" target=\"_blank\" rel=\"noreferrer noopener\">Internationale Leitmesse Internorga Hamburg<\/a><\/em><\/h6>\n","protected":false},"excerpt":{"rendered":"<p>Projektierung: DUKTUS\u00ae GmbH Ausf\u00fchrung: Keller Design \u2013 Messen &amp; Events \u2013 GmbH Die internationale Leitmesse Internorga kann man endlich wieder vom 10. -14. M\u00e4rz 2023 in Hamburg mit allen Sinnen erleben. Seit Jahrzenten gilt die Internorga als Leitmesse f\u00fcr den gesamten Au\u00dfer-Haus-Markt, als Wegbereiter und Quelle f\u00fcr Trends, innovative Konzepte, Produkte, Service und Dienstleistung. Auch [&hellip;]<\/p>\n","protected":false},"author":1,"featured_media":0,"comment_status":"closed","ping_status":"open","sticky":false,"template":"","format":"standard","meta":{"_coblocks_attr":"","_coblocks_dimensions":"","_coblocks_responsive_height":"","_coblocks_accordion_ie_support":"","site-sidebar-layout":"default","site-content-layout":"","ast-site-content-layout":"default","site-content-style":"default","site-sidebar-style":"default","ast-global-header-display":"","ast-banner-title-visibility":"","ast-main-header-display":"","ast-hfb-above-header-display":"","ast-hfb-below-header-display":"","ast-hfb-mobile-header-display":"","site-post-title":"","ast-breadcrumbs-content":"","ast-featured-img":"","footer-sml-layout":"","ast-disable-related-posts":"","theme-transparent-header-meta":"","adv-header-id-meta":"","stick-header-meta":"","header-above-stick-meta":"","header-main-stick-meta":"","header-below-stick-meta":"","astra-migrate-meta-layouts":"default","ast-page-background-enabled":"default","ast-page-background-meta":{"desktop":{"background-color":"","background-image":"","background-repeat":"repeat","background-position":"center center","background-size":"auto","background-attachment":"scroll","background-type":"","background-media":"","overlay-type":"","overlay-color":"","overlay-opacity":"","overlay-gradient":""},"tablet":{"background-color":"","background-image":"","background-repeat":"repeat","background-position":"center center","background-size":"auto","background-attachment":"scroll","background-type":"","background-media":"","overlay-type":"","overlay-color":"","overlay-opacity":"","overlay-gradient":""},"mobile":{"background-color":"","background-image":"","background-repeat":"repeat","background-position":"center center","background-size":"auto","background-attachment":"scroll","background-type":"","background-media":"","overlay-type":"","overlay-color":"","overlay-opacity":"","overlay-gradient":""}},"ast-content-background-meta":{"desktop":{"background-color":"var(--ast-global-color-5)","background-image":"","background-repeat":"repeat","background-position":"center center","background-size":"auto","background-attachment":"scroll","background-type":"","background-media":"","overlay-type":"","overlay-color":"","overlay-opacity":"","overlay-gradient":""},"tablet":{"background-color":"var(--ast-global-color-5)","background-image":"","background-repeat":"repeat","background-position":"center center","background-size":"auto","background-attachment":"scroll","background-type":"","background-media":"","overlay-type":"","overlay-color":"","overlay-opacity":"","overlay-gradient":""},"mobile":{"background-color":"var(--ast-global-color-5)","background-image":"","background-repeat":"repeat","background-position":"center center","background-size":"auto","background-attachment":"scroll","background-type":"","background-media":"","overlay-type":"","overlay-color":"","overlay-opacity":"","overlay-gradient":""}},"_jetpack_memberships_contains_paid_content":false,"footnotes":""},"categories":[45],"tags":[73,144,40,61,159,51,46,183],"class_list":["post-7056","post","type-post","status-publish","format-standard","hentry","category-messestaende-mit-charakter","tag-messe","tag-messe-hamburg","tag-messebau","tag-messebeschriftung","tag-messegrafik","tag-messestand","tag-standbau","tag-standbau-hamburg"],"jetpack_featured_media_url":"","jetpack_sharing_enabled":true,"_links":{"self":[{"href":"https:\/\/kellerdesign.de\/index.php\/wp-json\/wp\/v2\/posts\/7056","targetHints":{"allow":["GET"]}}],"collection":[{"href":"https:\/\/kellerdesign.de\/index.php\/wp-json\/wp\/v2\/posts"}],"about":[{"href":"https:\/\/kellerdesign.de\/index.php\/wp-json\/wp\/v2\/types\/post"}],"author":[{"embeddable":true,"href":"https:\/\/kellerdesign.de\/index.php\/wp-json\/wp\/v2\/users\/1"}],"replies":[{"embeddable":true,"href":"https:\/\/kellerdesign.de\/index.php\/wp-json\/wp\/v2\/comments?post=7056"}],"version-history":[{"count":22,"href":"https:\/\/kellerdesign.de\/index.php\/wp-json\/wp\/v2\/posts\/7056\/revisions"}],"predecessor-version":[{"id":7171,"href":"https:\/\/kellerdesign.de\/index.php\/wp-json\/wp\/v2\/posts\/7056\/revisions\/7171"}],"wp:attachment":[{"href":"https:\/\/kellerdesign.de\/index.php\/wp-json\/wp\/v2\/media?parent=7056"}],"wp:term":[{"taxonomy":"category","embeddable":true,"href":"https:\/\/kellerdesign.de\/index.php\/wp-json\/wp\/v2\/categories?post=7056"},{"taxonomy":"post_tag","embeddable":true,"href":"https:\/\/kellerdesign.de\/index.php\/wp-json\/wp\/v2\/tags?post=7056"}],"curies":[{"name":"wp","href":"https:\/\/api.w.org\/{rel}","templated":true}]}}