{"id":7075,"date":"2023-03-20T11:00:00","date_gmt":"2023-03-20T10:00:00","guid":{"rendered":"https:\/\/kellerdesign.de\/?p=7075"},"modified":"2023-04-04T09:45:26","modified_gmt":"2023-04-04T07:45:26","slug":"ids-2023-in-koeln","status":"publish","type":"post","link":"https:\/\/kellerdesign.de\/index.php\/2023\/03\/20\/ids-2023-in-koeln\/","title":{"rendered":"IDS 2023 IN K\u00d6LN"},"content":{"rendered":"\n<p class=\"has-text-color\" style=\"color:#555555\">IDS 2023 vom 14.-18.03.2023 in K\u00f6ln<\/p>\n\n\n\n<p class=\"has-text-color\" style=\"color:#555555\">Die IDS in K\u00f6ln ist die Weltleitmesse f\u00fcr die Dental-Branche, die Messe ist Plattform f\u00fcr Innovationen<br>und Trends mit Fachbesuchern aus 160 L\u00e4ndern und Ausstellern aus 65 L\u00e4ndern. <br><br>Wir bauten dieses Jahr gleich zwei Messest\u00e4nde f\u00fcr die IDS in K\u00f6ln:<br>Einen f\u00fcr unseren langj\u00e4hrigen und treuen Kunden <a href=\"https:\/\/bellotti.de\/\" target=\"_blank\" rel=\"noreferrer noopener\"><strong>BELLOTTI<\/strong><\/a> aus Birkenfeld und <br>einen als ein &nbsp;weiteres Gemeinschaftsprojekt mit unserem Partner <a href=\"https:\/\/www.regelmann.de\/\" target=\"_blank\" rel=\"noreferrer noopener\"><strong>Regelmann<\/strong><\/a> aus Pforzheim.<br>F\u00fcr die Firma <a href=\"https:\/\/www.klingel-group.com\/\" target=\"_blank\" rel=\"noreferrer noopener\"><strong>Klingel medical meta<\/strong>l<\/a> GmbH aus Pforzheim durften wir bereits \u00f6fters t\u00e4tig werden, <br>bisher allerdings noch nie auf der IDS in K\u00f6ln. <br>Wir freuen uns \u00fcber einen weiteren Standort, den wir f\u00fcr die Firma Klingel betreuen und begleiten d\u00fcrfen. <br><br>Vielen Dank f\u00fcr die immer gute und erfolgreiche Zusammenarbeit.<\/p>\n\n\n\n<div style=\"height:50px\" aria-hidden=\"true\" class=\"wp-block-spacer\"><\/div>\n\n\n\n<div class=\"wp-block-columns is-layout-flex wp-container-core-columns-is-layout-28f84493 wp-block-columns-is-layout-flex\">\n<div class=\"wp-block-column is-layout-flow wp-block-column-is-layout-flow\">\n<figure class=\"wp-block-image size-large has-custom-border\"><a href=\"https:\/\/kellerdesign.de\/wp-content\/uploads\/2023\/03\/Keller-Design-Messen-Events-Messebau-Koeln.jpg\" target=\"_blank\" rel=\"noreferrer noopener\"><img loading=\"lazy\" decoding=\"async\" width=\"1024\" height=\"818\" src=\"https:\/\/kellerdesign.de\/wp-content\/uploads\/2023\/03\/Keller-Design-Messen-Events-Messebau-Koeln-1024x818.jpg\" alt=\"IDS-2023-koeln-standbau-keller-design\" class=\"wp-image-7111\" style=\"border-radius:12px\" srcset=\"https:\/\/kellerdesign.de\/wp-content\/uploads\/2023\/03\/Keller-Design-Messen-Events-Messebau-Koeln-1024x818.jpg 1024w, https:\/\/kellerdesign.de\/wp-content\/uploads\/2023\/03\/Keller-Design-Messen-Events-Messebau-Koeln-300x240.jpg 300w, https:\/\/kellerdesign.de\/wp-content\/uploads\/2023\/03\/Keller-Design-Messen-Events-Messebau-Koeln-768x614.jpg 768w, https:\/\/kellerdesign.de\/wp-content\/uploads\/2023\/03\/Keller-Design-Messen-Events-Messebau-Koeln-1536x1227.jpg 1536w, https:\/\/kellerdesign.de\/wp-content\/uploads\/2023\/03\/Keller-Design-Messen-Events-Messebau-Koeln.jpg 1826w\" sizes=\"auto, (max-width: 1024px) 100vw, 1024px\" \/><\/a><\/figure>\n<\/div>\n\n\n\n<div class=\"wp-block-column is-layout-flow wp-block-column-is-layout-flow\">\n<figure class=\"wp-block-image size-large is-resized has-custom-border\"><a href=\"https:\/\/kellerdesign.de\/wp-content\/uploads\/2023\/03\/Keller-Design-Messen-Events-Standbau-Koeln-Banner.jpg\" target=\"_blank\" rel=\"noreferrer noopener\"><img decoding=\"async\" src=\"https:\/\/kellerdesign.de\/wp-content\/uploads\/2023\/03\/Keller-Design-Messen-Events-Standbau-Koeln-Banner-1024x1009.jpg\" alt=\"ids-2023-koeln-standbau-keller-design\" class=\"wp-image-7112\" style=\"border-radius:12px\" width=\"195\" srcset=\"https:\/\/kellerdesign.de\/wp-content\/uploads\/2023\/03\/Keller-Design-Messen-Events-Standbau-Koeln-Banner-1024x1009.jpg 1024w, https:\/\/kellerdesign.de\/wp-content\/uploads\/2023\/03\/Keller-Design-Messen-Events-Standbau-Koeln-Banner-300x296.jpg 300w, https:\/\/kellerdesign.de\/wp-content\/uploads\/2023\/03\/Keller-Design-Messen-Events-Standbau-Koeln-Banner-768x757.jpg 768w, https:\/\/kellerdesign.de\/wp-content\/uploads\/2023\/03\/Keller-Design-Messen-Events-Standbau-Koeln-Banner.jpg 1480w\" sizes=\"(max-width: 1024px) 100vw, 1024px\" \/><\/a><\/figure>\n<\/div>\n\n\n\n<div class=\"wp-block-column is-layout-flow wp-block-column-is-layout-flow\"><\/div>\n<\/div>\n\n\n\n<p><sup>Bellotti GmbH &amp; Co. KG, 25m\u00b2<\/sup><\/p>\n\n\n\n<div style=\"height:30px\" aria-hidden=\"true\" class=\"wp-block-spacer\"><\/div>\n\n\n\n<div class=\"wp-block-columns is-layout-flex wp-container-core-columns-is-layout-28f84493 wp-block-columns-is-layout-flex\">\n<div class=\"wp-block-column is-layout-flow wp-block-column-is-layout-flow\">\n<figure class=\"wp-block-image size-full has-custom-border is-style-default\"><a href=\"https:\/\/kellerdesign.de\/wp-content\/uploads\/2023\/03\/Keller-Design-Messen-Events-Messebau-Messe-Koeln-IDS-Dental.jpg\" target=\"_blank\" rel=\"noreferrer noopener\"><img loading=\"lazy\" decoding=\"async\" width=\"500\" height=\"350\" src=\"https:\/\/kellerdesign.de\/wp-content\/uploads\/2023\/03\/Keller-Design-Messen-Events-Messebau-Messe-Koeln-IDS-Dental.jpg\" alt=\"IDS-Koeln-Motivbanner-Bruecke-Vitrinen\" class=\"wp-image-7145\" style=\"border-radius:12px\" srcset=\"https:\/\/kellerdesign.de\/wp-content\/uploads\/2023\/03\/Keller-Design-Messen-Events-Messebau-Messe-Koeln-IDS-Dental.jpg 500w, https:\/\/kellerdesign.de\/wp-content\/uploads\/2023\/03\/Keller-Design-Messen-Events-Messebau-Messe-Koeln-IDS-Dental-300x210.jpg 300w\" sizes=\"auto, (max-width: 500px) 100vw, 500px\" \/><\/a><\/figure>\n<\/div>\n\n\n\n<div class=\"wp-block-column is-layout-flow wp-block-column-is-layout-flow\">\n<figure class=\"wp-block-image size-full has-custom-border\"><a href=\"https:\/\/kellerdesign.de\/wp-content\/uploads\/2023\/03\/Keller-Design-Messen-Events-Messebau-Koeln-IDS-Dental-Motivbanner.jpg\" target=\"_blank\" rel=\"noreferrer noopener\"><img loading=\"lazy\" decoding=\"async\" width=\"500\" height=\"350\" src=\"https:\/\/kellerdesign.de\/wp-content\/uploads\/2023\/03\/Keller-Design-Messen-Events-Messebau-Koeln-IDS-Dental-Motivbanner.jpg\" alt=\"IDS-2023-Standbau-Koeln-Motivbanner\" class=\"wp-image-7144\" style=\"border-radius:12px\" srcset=\"https:\/\/kellerdesign.de\/wp-content\/uploads\/2023\/03\/Keller-Design-Messen-Events-Messebau-Koeln-IDS-Dental-Motivbanner.jpg 500w, https:\/\/kellerdesign.de\/wp-content\/uploads\/2023\/03\/Keller-Design-Messen-Events-Messebau-Koeln-IDS-Dental-Motivbanner-300x210.jpg 300w\" sizes=\"auto, (max-width: 500px) 100vw, 500px\" \/><\/a><\/figure>\n<\/div>\n\n\n\n<div class=\"wp-block-column is-layout-flow wp-block-column-is-layout-flow\"><\/div>\n<\/div>\n\n\n\n<div style=\"height:25px\" aria-hidden=\"true\" class=\"wp-block-spacer\"><\/div>\n\n\n\n<div class=\"wp-block-columns is-layout-flex wp-container-core-columns-is-layout-28f84493 wp-block-columns-is-layout-flex\">\n<div class=\"wp-block-column is-layout-flow wp-block-column-is-layout-flow\">\n<figure class=\"wp-block-image size-full has-custom-border\"><a href=\"https:\/\/kellerdesign.de\/wp-content\/uploads\/2023\/03\/Keller-Design-Messen-Events-Standbau-Koeln-IDS-Dental.jpg\" target=\"_blank\" rel=\"noreferrer noopener\"><img loading=\"lazy\" decoding=\"async\" width=\"500\" height=\"350\" src=\"https:\/\/kellerdesign.de\/wp-content\/uploads\/2023\/03\/Keller-Design-Messen-Events-Standbau-Koeln-IDS-Dental.jpg\" alt=\"IDS-Koeln-Motivbanner-Vitrinen\" class=\"wp-image-7146\" style=\"border-radius:12px\" srcset=\"https:\/\/kellerdesign.de\/wp-content\/uploads\/2023\/03\/Keller-Design-Messen-Events-Standbau-Koeln-IDS-Dental.jpg 500w, https:\/\/kellerdesign.de\/wp-content\/uploads\/2023\/03\/Keller-Design-Messen-Events-Standbau-Koeln-IDS-Dental-300x210.jpg 300w\" sizes=\"auto, (max-width: 500px) 100vw, 500px\" \/><\/a><\/figure>\n<\/div>\n\n\n\n<div class=\"wp-block-column is-layout-flow wp-block-column-is-layout-flow\">\n<figure class=\"wp-block-image size-full has-custom-border\"><a href=\"https:\/\/kellerdesign.de\/wp-content\/uploads\/2023\/03\/Keller-Design-Messen-Events-Messebau-Koeln-IDS-Dental-Bruecke.jpg\" target=\"_blank\" rel=\"noreferrer noopener\"><img loading=\"lazy\" decoding=\"async\" width=\"500\" height=\"350\" src=\"https:\/\/kellerdesign.de\/wp-content\/uploads\/2023\/03\/Keller-Design-Messen-Events-Messebau-Koeln-IDS-Dental-Bruecke.jpg\" alt=\"IDS-2023-in-Koeln-Messebau-Keller-Design\" class=\"wp-image-7143\" style=\"border-radius:12px\" srcset=\"https:\/\/kellerdesign.de\/wp-content\/uploads\/2023\/03\/Keller-Design-Messen-Events-Messebau-Koeln-IDS-Dental-Bruecke.jpg 500w, https:\/\/kellerdesign.de\/wp-content\/uploads\/2023\/03\/Keller-Design-Messen-Events-Messebau-Koeln-IDS-Dental-Bruecke-300x210.jpg 300w\" sizes=\"auto, (max-width: 500px) 100vw, 500px\" \/><\/a><\/figure>\n<\/div>\n\n\n\n<div class=\"wp-block-column is-layout-flow wp-block-column-is-layout-flow\"><\/div>\n<\/div>\n\n\n\n<div style=\"height:8px\" aria-hidden=\"true\" class=\"wp-block-spacer\"><\/div>\n\n\n\n<p class=\"has-text-align-left\"><sup>KLINGEL medical metal GmbH, 70m\u00b2<\/sup><\/p>\n\n\n\n<div style=\"height:25px\" aria-hidden=\"true\" class=\"wp-block-spacer\"><\/div>\n\n\n\n<p class=\"has-text-color\" style=\"color:#555555\"><strong>Kooperation:<\/strong> <br>Werbeagentur Regelmann GmbH &amp; Co. KG<br><strong>Projektierung:<\/strong> <br>Regelmann und Keller Design<br><strong>Ausf\u00fchrung:<\/strong> <br>Keller Design \u2013 Messen &amp; Events \u2013 GmbH<\/p>\n\n\n\n<div style=\"height:60px\" aria-hidden=\"true\" class=\"wp-block-spacer\"><\/div>\n\n\n\n<h6 class=\"wp-block-heading\"><em><a href=\"https:\/\/www.ids-cologne.de\/\" target=\"_blank\" rel=\"noreferrer noopener\">IDS 2023 in K\u00f6ln<\/a><\/em><\/h6>\n","protected":false},"excerpt":{"rendered":"<p>IDS 2023 vom 14.-18.03.2023 in K\u00f6ln Die IDS in K\u00f6ln ist die Weltleitmesse f\u00fcr die Dental-Branche, die Messe ist Plattform f\u00fcr Innovationenund Trends mit Fachbesuchern aus 160 L\u00e4ndern und Ausstellern aus 65 L\u00e4ndern. Wir bauten dieses Jahr gleich zwei Messest\u00e4nde f\u00fcr die IDS in K\u00f6ln:Einen f\u00fcr unseren langj\u00e4hrigen und treuen Kunden BELLOTTI aus Birkenfeld und [&hellip;]<\/p>\n","protected":false},"author":1,"featured_media":0,"comment_status":"closed","ping_status":"open","sticky":false,"template":"","format":"standard","meta":{"_coblocks_attr":"","_coblocks_dimensions":"","_coblocks_responsive_height":"","_coblocks_accordion_ie_support":"","site-sidebar-layout":"default","site-content-layout":"","ast-site-content-layout":"default","site-content-style":"default","site-sidebar-style":"default","ast-global-header-display":"","ast-banner-title-visibility":"","ast-main-header-display":"","ast-hfb-above-header-display":"","ast-hfb-below-header-display":"","ast-hfb-mobile-header-display":"","site-post-title":"","ast-breadcrumbs-content":"","ast-featured-img":"","footer-sml-layout":"","ast-disable-related-posts":"","theme-transparent-header-meta":"","adv-header-id-meta":"","stick-header-meta":"","header-above-stick-meta":"","header-main-stick-meta":"","header-below-stick-meta":"","astra-migrate-meta-layouts":"default","ast-page-background-enabled":"default","ast-page-background-meta":{"desktop":{"background-color":"","background-image":"","background-repeat":"repeat","background-position":"center center","background-size":"auto","background-attachment":"scroll","background-type":"","background-media":"","overlay-type":"","overlay-color":"","overlay-opacity":"","overlay-gradient":""},"tablet":{"background-color":"","background-image":"","background-repeat":"repeat","background-position":"center center","background-size":"auto","background-attachment":"scroll","background-type":"","background-media":"","overlay-type":"","overlay-color":"","overlay-opacity":"","overlay-gradient":""},"mobile":{"background-color":"","background-image":"","background-repeat":"repeat","background-position":"center center","background-size":"auto","background-attachment":"scroll","background-type":"","background-media":"","overlay-type":"","overlay-color":"","overlay-opacity":"","overlay-gradient":""}},"ast-content-background-meta":{"desktop":{"background-color":"var(--ast-global-color-5)","background-image":"","background-repeat":"repeat","background-position":"center center","background-size":"auto","background-attachment":"scroll","background-type":"","background-media":"","overlay-type":"","overlay-color":"","overlay-opacity":"","overlay-gradient":""},"tablet":{"background-color":"var(--ast-global-color-5)","background-image":"","background-repeat":"repeat","background-position":"center center","background-size":"auto","background-attachment":"scroll","background-type":"","background-media":"","overlay-type":"","overlay-color":"","overlay-opacity":"","overlay-gradient":""},"mobile":{"background-color":"var(--ast-global-color-5)","background-image":"","background-repeat":"repeat","background-position":"center center","background-size":"auto","background-attachment":"scroll","background-type":"","background-media":"","overlay-type":"","overlay-color":"","overlay-opacity":"","overlay-gradient":""}},"_jetpack_memberships_contains_paid_content":false,"footnotes":""},"categories":[45],"tags":[54,73,248,47,40,61,51,46],"class_list":["post-7075","post","type-post","status-publish","format-standard","hentry","category-messestaende-mit-charakter","tag-beschriftung","tag-messe","tag-messe-koeln","tag-messebanner","tag-messebau","tag-messebeschriftung","tag-messestand","tag-standbau"],"jetpack_featured_media_url":"","jetpack_sharing_enabled":true,"_links":{"self":[{"href":"https:\/\/kellerdesign.de\/index.php\/wp-json\/wp\/v2\/posts\/7075","targetHints":{"allow":["GET"]}}],"collection":[{"href":"https:\/\/kellerdesign.de\/index.php\/wp-json\/wp\/v2\/posts"}],"about":[{"href":"https:\/\/kellerdesign.de\/index.php\/wp-json\/wp\/v2\/types\/post"}],"author":[{"embeddable":true,"href":"https:\/\/kellerdesign.de\/index.php\/wp-json\/wp\/v2\/users\/1"}],"replies":[{"embeddable":true,"href":"https:\/\/kellerdesign.de\/index.php\/wp-json\/wp\/v2\/comments?post=7075"}],"version-history":[{"count":34,"href":"https:\/\/kellerdesign.de\/index.php\/wp-json\/wp\/v2\/posts\/7075\/revisions"}],"predecessor-version":[{"id":7169,"href":"https:\/\/kellerdesign.de\/index.php\/wp-json\/wp\/v2\/posts\/7075\/revisions\/7169"}],"wp:attachment":[{"href":"https:\/\/kellerdesign.de\/index.php\/wp-json\/wp\/v2\/media?parent=7075"}],"wp:term":[{"taxonomy":"category","embeddable":true,"href":"https:\/\/kellerdesign.de\/index.php\/wp-json\/wp\/v2\/categories?post=7075"},{"taxonomy":"post_tag","embeddable":true,"href":"https:\/\/kellerdesign.de\/index.php\/wp-json\/wp\/v2\/tags?post=7075"}],"curies":[{"name":"wp","href":"https:\/\/api.w.org\/{rel}","templated":true}]}}