{"id":7174,"date":"2023-04-04T12:23:28","date_gmt":"2023-04-04T10:23:28","guid":{"rendered":"https:\/\/kellerdesign.de\/?p=7174"},"modified":"2025-07-17T16:02:03","modified_gmt":"2025-07-17T14:02:03","slug":"tissue-world-2023-messebau","status":"publish","type":"post","link":"https:\/\/kellerdesign.de\/index.php\/2023\/04\/04\/tissue-world-2023-messebau\/","title":{"rendered":"Tissue World 2023 in D\u00fcsseldorf"},"content":{"rendered":"\n<p class=\"has-text-color\" style=\"color:#555555\">Tissue World 2023 Messebau in D\u00fcsseldorf<br><br>Die Messe Tissue World in D\u00fcsseldorf ist die weltgr\u00f6\u00dfte internationale Fachmesse und Konferenz f\u00fcr die Herstellung von Papiert\u00fcchern. Zahlreiche Aussteller pr\u00e4sentieren sich auf der Tissue World in D\u00fcsseldorf <br>und stellen die neusten Produkte und Dienstleistungen vor. <br><br>Wir sind gleich von zwei Ausstellern mit dem Standbau beauftragt worden, von der Firma <a href=\"https:\/\/cellwood.se\/contact\/\" target=\"_blank\" rel=\"noreferrer noopener\"><strong>Cellwood GmbH<\/strong><\/a> mit einer Standfl\u00e4che von 36 m\u00b2 und erstmals von der Firma <a href=\"https:\/\/www.gardnerdenver.com\/de-de\/runtech\" target=\"_blank\" rel=\"noreferrer noopener\"><strong>Runtech Systems Oy<\/strong><\/a> aus Finnland mit insgesamt 54 m\u00b2.<br><br>Runtech ist ein globaler Anbieter von technischen Systemen f\u00fcr die Zellstoff- und Papierindustrie. Runtech kooperiert mit Kunden, um Betriebsbedingungen besser zu verstehen und zu steuern, und somit Effizienz <br>und Kostenwirksamkeit zu maximieren. Zu den patentierten L\u00f6sungen von Runtech geh\u00f6ren die Optimierung von Vakuumsystemen und W\u00e4rmer\u00fcckgewinnung, die Runnability-Optimierung mit Bahnstabilisatoren, <br>die Entw\u00e4sserung und Beschaberungsoptimierung der Press- und Formerpartien, die Sauberkeit der Former- <br>und Trocknerpartie sowie die seillose Bahnauff\u00fchrung.<br><br>Wir freuen uns \u00fcber diesen neuen Kunden und bedanken uns f\u00fcr das entgegengebrachte Vertrauen. <br><br><br>Keller Design \u2013 Ihr Partner f\u00fcr kreative Messest\u00e4nde in D\u00fcsseldorf und deutschlandweit. <a href=\"https:\/\/kellerdesign.de\/index.php\/kontakt-kellerdesign\/\" target=\"_blank\" rel=\"noreferrer noopener\"><img loading=\"lazy\" decoding=\"async\" width=\"12\" height=\"12\" class=\"wp-image-11501\" style=\"width: 12px;\" src=\"https:\/\/kellerdesign.de\/wp-content\/uploads\/2025\/02\/link-symbol.png\" alt=\"verlinkung-keller-design\" srcset=\"https:\/\/kellerdesign.de\/wp-content\/uploads\/2025\/02\/link-symbol.png 300w, https:\/\/kellerdesign.de\/wp-content\/uploads\/2025\/02\/link-symbol-150x150.png 150w\" sizes=\"auto, (max-width: 12px) 100vw, 12px\" \/><\/a><\/p>\n\n\n\n<div style=\"height:25px\" aria-hidden=\"true\" class=\"wp-block-spacer\"><\/div>\n\n\n\n<figure class=\"wp-block-image size-full is-resized has-custom-border\"><a href=\"https:\/\/kellerdesign.de\/wp-content\/uploads\/2025\/07\/tissue-world-2023-messebau-keller-design.jpg\" target=\"_blank\" rel=\" noreferrer noopener\"><img loading=\"lazy\" decoding=\"async\" width=\"300\" height=\"400\" src=\"https:\/\/kellerdesign.de\/wp-content\/uploads\/2025\/07\/tissue-world-2023-messebau-keller-design.jpg\" alt=\"tissue-world-2023-messelogistik\" class=\"wp-image-12748\" style=\"border-radius:12px;width:200px\" srcset=\"https:\/\/kellerdesign.de\/wp-content\/uploads\/2025\/07\/tissue-world-2023-messebau-keller-design.jpg 300w, https:\/\/kellerdesign.de\/wp-content\/uploads\/2025\/07\/tissue-world-2023-messebau-keller-design-225x300.jpg 225w\" sizes=\"auto, (max-width: 300px) 100vw, 300px\" \/><\/a><\/figure>\n\n\n\n<div style=\"height:100px\" aria-hidden=\"true\" class=\"wp-block-spacer\"><\/div>\n\n\n\n<h6 class=\"wp-block-heading\"><em><a href=\"https:\/\/www.tissueworld.com\/dusseldorf\/en\/home.html\" target=\"_blank\" rel=\"noreferrer noopener\">Tissue World 2023<\/a><\/em><\/h6>\n","protected":false},"excerpt":{"rendered":"<p>Tissue World 2023 Messebau in D\u00fcsseldorf Die Messe Tissue World in D\u00fcsseldorf ist die weltgr\u00f6\u00dfte internationale Fachmesse und Konferenz f\u00fcr die Herstellung von Papiert\u00fcchern. Zahlreiche Aussteller pr\u00e4sentieren sich auf der Tissue World in D\u00fcsseldorf und stellen die neusten Produkte und Dienstleistungen vor. Wir sind gleich von zwei Ausstellern mit dem Standbau beauftragt worden, von der [&hellip;]<\/p>\n","protected":false},"author":1,"featured_media":0,"comment_status":"closed","ping_status":"open","sticky":false,"template":"","format":"standard","meta":{"_coblocks_attr":"","_coblocks_dimensions":"","_coblocks_responsive_height":"","_coblocks_accordion_ie_support":"","site-sidebar-layout":"default","site-content-layout":"","ast-site-content-layout":"default","site-content-style":"default","site-sidebar-style":"default","ast-global-header-display":"","ast-banner-title-visibility":"","ast-main-header-display":"","ast-hfb-above-header-display":"","ast-hfb-below-header-display":"","ast-hfb-mobile-header-display":"","site-post-title":"","ast-breadcrumbs-content":"","ast-featured-img":"","footer-sml-layout":"","ast-disable-related-posts":"","theme-transparent-header-meta":"","adv-header-id-meta":"","stick-header-meta":"","header-above-stick-meta":"","header-main-stick-meta":"","header-below-stick-meta":"","astra-migrate-meta-layouts":"set","ast-page-background-enabled":"default","ast-page-background-meta":{"desktop":{"background-color":"","background-image":"","background-repeat":"repeat","background-position":"center center","background-size":"auto","background-attachment":"scroll","background-type":"","background-media":"","overlay-type":"","overlay-color":"","overlay-opacity":"","overlay-gradient":""},"tablet":{"background-color":"","background-image":"","background-repeat":"repeat","background-position":"center center","background-size":"auto","background-attachment":"scroll","background-type":"","background-media":"","overlay-type":"","overlay-color":"","overlay-opacity":"","overlay-gradient":""},"mobile":{"background-color":"","background-image":"","background-repeat":"repeat","background-position":"center center","background-size":"auto","background-attachment":"scroll","background-type":"","background-media":"","overlay-type":"","overlay-color":"","overlay-opacity":"","overlay-gradient":""}},"ast-content-background-meta":{"desktop":{"background-color":"var(--ast-global-color-5)","background-image":"","background-repeat":"repeat","background-position":"center center","background-size":"auto","background-attachment":"scroll","background-type":"","background-media":"","overlay-type":"","overlay-color":"","overlay-opacity":"","overlay-gradient":""},"tablet":{"background-color":"var(--ast-global-color-5)","background-image":"","background-repeat":"repeat","background-position":"center center","background-size":"auto","background-attachment":"scroll","background-type":"","background-media":"","overlay-type":"","overlay-color":"","overlay-opacity":"","overlay-gradient":""},"mobile":{"background-color":"var(--ast-global-color-5)","background-image":"","background-repeat":"repeat","background-position":"center center","background-size":"auto","background-attachment":"scroll","background-type":"","background-media":"","overlay-type":"","overlay-color":"","overlay-opacity":"","overlay-gradient":""}},"_jetpack_memberships_contains_paid_content":false,"footnotes":""},"categories":[45],"tags":[275,182,47,40,390,184,51],"class_list":["post-7174","post","type-post","status-publish","format-standard","hentry","category-messestaende-mit-charakter","tag-messe-duesseldorf","tag-messeausstattung","tag-messebanner","tag-messebau","tag-messebau-duesseldorf","tag-messelogistik","tag-messestand"],"jetpack_featured_media_url":"","jetpack_sharing_enabled":true,"_links":{"self":[{"href":"https:\/\/kellerdesign.de\/index.php\/wp-json\/wp\/v2\/posts\/7174","targetHints":{"allow":["GET"]}}],"collection":[{"href":"https:\/\/kellerdesign.de\/index.php\/wp-json\/wp\/v2\/posts"}],"about":[{"href":"https:\/\/kellerdesign.de\/index.php\/wp-json\/wp\/v2\/types\/post"}],"author":[{"embeddable":true,"href":"https:\/\/kellerdesign.de\/index.php\/wp-json\/wp\/v2\/users\/1"}],"replies":[{"embeddable":true,"href":"https:\/\/kellerdesign.de\/index.php\/wp-json\/wp\/v2\/comments?post=7174"}],"version-history":[{"count":12,"href":"https:\/\/kellerdesign.de\/index.php\/wp-json\/wp\/v2\/posts\/7174\/revisions"}],"predecessor-version":[{"id":12754,"href":"https:\/\/kellerdesign.de\/index.php\/wp-json\/wp\/v2\/posts\/7174\/revisions\/12754"}],"wp:attachment":[{"href":"https:\/\/kellerdesign.de\/index.php\/wp-json\/wp\/v2\/media?parent=7174"}],"wp:term":[{"taxonomy":"category","embeddable":true,"href":"https:\/\/kellerdesign.de\/index.php\/wp-json\/wp\/v2\/categories?post=7174"},{"taxonomy":"post_tag","embeddable":true,"href":"https:\/\/kellerdesign.de\/index.php\/wp-json\/wp\/v2\/tags?post=7174"}],"curies":[{"name":"wp","href":"https:\/\/api.w.org\/{rel}","templated":true}]}}