{"id":7210,"date":"2023-04-18T15:33:24","date_gmt":"2023-04-18T13:33:24","guid":{"rendered":"https:\/\/kellerdesign.de\/?p=7210"},"modified":"2025-08-12T15:47:19","modified_gmt":"2025-08-12T13:47:19","slug":"fibo-2023-sportmesse-koeln","status":"publish","type":"post","link":"https:\/\/kellerdesign.de\/index.php\/2023\/04\/18\/fibo-2023-sportmesse-koeln\/","title":{"rendered":"FIBO 2023 K\u00f6ln"},"content":{"rendered":"\n<p class=\"has-text-color\" style=\"color:#555555\">FIBO 2023 in K\u00f6ln vom 13.-16. April <br><br>Die FIBO in K\u00f6ln ist die gr\u00f6\u00dfte Fitnessmesse der Welt. Auf der Messe wird eine Mischung aus trendiger Sportbekleidung, Nahrungserg\u00e4nzungsmitteln und spannenden Kampfsporttechniken pr\u00e4sentiert. <br><br>Wir sind von unserem langj\u00e4hrigen Kunden <strong><a href=\"https:\/\/www.mecotec.net\/de\/\" target=\"_blank\" rel=\"noreferrer noopener\">MECOTEC GmbH<\/a><\/strong> mit dem Standbau auf der <strong><a href=\"https:\/\/www.fibo.com\/de-de.html\" target=\"_blank\" rel=\"noreferrer noopener\">FIBO<\/a><\/strong> beauftragt worden. Auf 40 m\u00b2 Standfl\u00e4che pr\u00e4sentiert die MECOTEC GmbH ihre innovative K\u00e4ltetechnik. Die MECOTEC GmbH hat sich seit ihrer Gr\u00fcndung im Jahr 2006 von einem Pionier auf dem Gebiet der Kryotechnologie zu einem weltweit f\u00fchrenden Unternehmen entwickelt, das High-Tech-K\u00fchll\u00f6sungen im pharmazeutischen und industriellen Sektor sowie hochmoderne Produkte wie\u00a0elektrische K\u00e4ltekammern\u00a0f\u00fcr Fitness, Wellness und Sport anbietet. <br>Neue, vollfl\u00e4chig bedruckte Banner verleihen dem Stand einen frischen Look. Die in der Logofarbe Blau gehaltene Kabine, die blau leuchtende Standkante und die blau hinterleuchtete Theke runden das Erscheinungsbild ab. <br><br>Vielen Dank f\u00fcr die erneute Beauftragung und das Vertrauen in unsere Arbeit <img loading=\"lazy\" decoding=\"async\" width=\"5\" height=\"5\" class=\"wp-image-12608\" style=\"width: 5px;\" src=\"https:\/\/kellerdesign.de\/wp-content\/uploads\/2025\/07\/aufzaehlung.jpg\" alt=\"keller-design-messen-events-nordschwarzwald\"><\/p>\n\n\n\n<div style=\"height:25px\" aria-hidden=\"true\" class=\"wp-block-spacer\"><\/div>\n\n\n\n<figure class=\"wp-block-image size-full has-custom-border\"><a href=\"https:\/\/kellerdesign.de\/wp-content\/uploads\/2023\/04\/Keller-Design-Messen-Events-Standbau-Fibo.jpg\" target=\"_blank\" rel=\"noreferrer noopener\"><img loading=\"lazy\" decoding=\"async\" width=\"400\" height=\"360\" src=\"https:\/\/kellerdesign.de\/wp-content\/uploads\/2023\/04\/Keller-Design-Messen-Events-Standbau-Fibo.jpg\" alt=\"fibo-2023-koeln-messebau-ideenschmiede\" class=\"wp-image-7215\" style=\"border-radius:15px\" srcset=\"https:\/\/kellerdesign.de\/wp-content\/uploads\/2023\/04\/Keller-Design-Messen-Events-Standbau-Fibo.jpg 400w, https:\/\/kellerdesign.de\/wp-content\/uploads\/2023\/04\/Keller-Design-Messen-Events-Standbau-Fibo-300x270.jpg 300w\" sizes=\"auto, (max-width: 400px) 100vw, 400px\" \/><\/a><\/figure>\n\n\n\n<div style=\"height:5px\" aria-hidden=\"true\" class=\"wp-block-spacer\"><\/div>\n\n\n\n<p class=\"has-text-align-left\"><sup>MECOTEC GmbH, 40 m\u00b2<\/sup><\/p>\n\n\n\n<div style=\"height:100px\" aria-hidden=\"true\" class=\"wp-block-spacer\"><\/div>\n\n\n\n<h6 class=\"wp-block-heading\"><em><a href=\"https:\/\/www.fibo.com\/de-de.html\" target=\"_blank\" rel=\"noopener\">FIBO 2023 K\u00f6ln<\/a><\/em><\/h6>\n","protected":false},"excerpt":{"rendered":"<p>FIBO 2023 in K\u00f6ln vom 13.-16. April Die FIBO in K\u00f6ln ist die gr\u00f6\u00dfte Fitnessmesse der Welt. Auf der Messe wird eine Mischung aus trendiger Sportbekleidung, Nahrungserg\u00e4nzungsmitteln und spannenden Kampfsporttechniken pr\u00e4sentiert. Wir sind von unserem langj\u00e4hrigen Kunden MECOTEC GmbH mit dem Standbau auf der FIBO beauftragt worden. Auf 40 m\u00b2 Standfl\u00e4che pr\u00e4sentiert die MECOTEC GmbH [&hellip;]<\/p>\n","protected":false},"author":1,"featured_media":0,"comment_status":"closed","ping_status":"open","sticky":false,"template":"","format":"standard","meta":{"_coblocks_attr":"","_coblocks_dimensions":"","_coblocks_responsive_height":"","_coblocks_accordion_ie_support":"","site-sidebar-layout":"default","site-content-layout":"","ast-site-content-layout":"default","site-content-style":"default","site-sidebar-style":"default","ast-global-header-display":"","ast-banner-title-visibility":"","ast-main-header-display":"","ast-hfb-above-header-display":"","ast-hfb-below-header-display":"","ast-hfb-mobile-header-display":"","site-post-title":"","ast-breadcrumbs-content":"","ast-featured-img":"","footer-sml-layout":"","ast-disable-related-posts":"","theme-transparent-header-meta":"","adv-header-id-meta":"","stick-header-meta":"","header-above-stick-meta":"","header-main-stick-meta":"","header-below-stick-meta":"","astra-migrate-meta-layouts":"set","ast-page-background-enabled":"default","ast-page-background-meta":{"desktop":{"background-color":"","background-image":"","background-repeat":"repeat","background-position":"center center","background-size":"auto","background-attachment":"scroll","background-type":"","background-media":"","overlay-type":"","overlay-color":"","overlay-opacity":"","overlay-gradient":""},"tablet":{"background-color":"","background-image":"","background-repeat":"repeat","background-position":"center center","background-size":"auto","background-attachment":"scroll","background-type":"","background-media":"","overlay-type":"","overlay-color":"","overlay-opacity":"","overlay-gradient":""},"mobile":{"background-color":"","background-image":"","background-repeat":"repeat","background-position":"center center","background-size":"auto","background-attachment":"scroll","background-type":"","background-media":"","overlay-type":"","overlay-color":"","overlay-opacity":"","overlay-gradient":""}},"ast-content-background-meta":{"desktop":{"background-color":"var(--ast-global-color-5)","background-image":"","background-repeat":"repeat","background-position":"center center","background-size":"auto","background-attachment":"scroll","background-type":"","background-media":"","overlay-type":"","overlay-color":"","overlay-opacity":"","overlay-gradient":""},"tablet":{"background-color":"var(--ast-global-color-5)","background-image":"","background-repeat":"repeat","background-position":"center center","background-size":"auto","background-attachment":"scroll","background-type":"","background-media":"","overlay-type":"","overlay-color":"","overlay-opacity":"","overlay-gradient":""},"mobile":{"background-color":"var(--ast-global-color-5)","background-image":"","background-repeat":"repeat","background-position":"center center","background-size":"auto","background-attachment":"scroll","background-type":"","background-media":"","overlay-type":"","overlay-color":"","overlay-opacity":"","overlay-gradient":""}},"_jetpack_memberships_contains_paid_content":false,"footnotes":""},"categories":[45],"tags":[104,139,248,47,40,254,61,159,140,46],"class_list":["post-7210","post","type-post","status-publish","format-standard","hentry","category-messestaende-mit-charakter","tag-banner","tag-bannerdruck","tag-messe-koeln","tag-messebanner","tag-messebau","tag-messebau-koeln","tag-messebeschriftung","tag-messegrafik","tag-motivbanner","tag-standbau"],"jetpack_featured_media_url":"","jetpack_sharing_enabled":true,"_links":{"self":[{"href":"https:\/\/kellerdesign.de\/index.php\/wp-json\/wp\/v2\/posts\/7210","targetHints":{"allow":["GET"]}}],"collection":[{"href":"https:\/\/kellerdesign.de\/index.php\/wp-json\/wp\/v2\/posts"}],"about":[{"href":"https:\/\/kellerdesign.de\/index.php\/wp-json\/wp\/v2\/types\/post"}],"author":[{"embeddable":true,"href":"https:\/\/kellerdesign.de\/index.php\/wp-json\/wp\/v2\/users\/1"}],"replies":[{"embeddable":true,"href":"https:\/\/kellerdesign.de\/index.php\/wp-json\/wp\/v2\/comments?post=7210"}],"version-history":[{"count":13,"href":"https:\/\/kellerdesign.de\/index.php\/wp-json\/wp\/v2\/posts\/7210\/revisions"}],"predecessor-version":[{"id":13032,"href":"https:\/\/kellerdesign.de\/index.php\/wp-json\/wp\/v2\/posts\/7210\/revisions\/13032"}],"wp:attachment":[{"href":"https:\/\/kellerdesign.de\/index.php\/wp-json\/wp\/v2\/media?parent=7210"}],"wp:term":[{"taxonomy":"category","embeddable":true,"href":"https:\/\/kellerdesign.de\/index.php\/wp-json\/wp\/v2\/categories?post=7210"},{"taxonomy":"post_tag","embeddable":true,"href":"https:\/\/kellerdesign.de\/index.php\/wp-json\/wp\/v2\/tags?post=7210"}],"curies":[{"name":"wp","href":"https:\/\/api.w.org\/{rel}","templated":true}]}}