{"id":7513,"date":"2023-05-12T10:42:04","date_gmt":"2023-05-12T08:42:04","guid":{"rendered":"https:\/\/kellerdesign.de\/?p=7513"},"modified":"2025-07-18T13:58:04","modified_gmt":"2025-07-18T11:58:04","slug":"control-2023-stuttgart","status":"publish","type":"post","link":"https:\/\/kellerdesign.de\/index.php\/2023\/05\/12\/control-2023-stuttgart\/","title":{"rendered":"Control 2023 Stuttgart"},"content":{"rendered":"\n<p class=\"has-text-color\" style=\"color:#555555\">Control 2023 Stuttgart vom 09.-12. Mai <br><br>Vom 09. bis 12. Mai werden auf der Control 2023, die internationale Fachmesse f\u00fcr Qualit\u00e4tssicherung, in Stuttgart auf dem Messegel\u00e4nde die Neuheiten aus der Visiontechnologie, der Bildverarbeitung, der Sensorik sowie der Mess- und Pr\u00fcftechnik pr\u00e4sentiert. <br><br>F\u00fcr unseren treuen Kunden <strong><a href=\"https:\/\/www.maerklen-shop.de\/shop.php?SessID=779c5b8c3ebfc8b780993a1ad99e7e68\" target=\"_blank\" rel=\"noreferrer noopener\">M\u00e4rklen GmbH &amp; Co. KG<\/a><\/strong> haben wir auf insgesamt 88 m\u00b2 Standfl\u00e4che eine gro\u00dfz\u00fcgige Pr\u00e4sentationsfl\u00e4che geschaffen, gen\u00fcgend Platz f\u00fcr die gro\u00dfen Maschinen.<br>Ein 5 m hoher Turm, in dessen Innerem sich die Standkabine befand, sorgte mit seinen ringsum mit Logo-Bannern bespannten Wandfl\u00e4chen f\u00fcr eine prima Sichtbarkeit aus der Ferne. <br><br>Auch f\u00fcr <strong><a href=\"https:\/\/deva.co.uk\/\" target=\"_blank\" rel=\"noreferrer noopener\">Deva Electronic Controls Ltd.<\/a><\/strong> durften wir erneut den Messeauftritt in Stuttgart planen und ausf\u00fchren. Die in blau und wei\u00df gehaltenen Wandbanner und der blaue Teppichboden mit wei\u00dfem Mobiliar sorgten f\u00fcr ein harmonisches Gesamtbild. <br><br>Vielen Dank an beide Kunden f\u00fcr Ihre Treue. <br><br>Wir sind Ihr Messebauer f\u00fcr Stuttgart \u2013 Erfahrung trifft auf Standortvorteil. <a href=\"https:\/\/kellerdesign.de\/index.php\/kontakt-kellerdesign\/\" target=\"_blank\" rel=\"noreferrer noopener\"><img loading=\"lazy\" decoding=\"async\" width=\"12\" height=\"12\" class=\"wp-image-11501\" style=\"width: 12px;\" src=\"https:\/\/kellerdesign.de\/wp-content\/uploads\/2025\/02\/link-symbol.png\" alt=\"verlinkung-keller-design\" srcset=\"https:\/\/kellerdesign.de\/wp-content\/uploads\/2025\/02\/link-symbol.png 300w, https:\/\/kellerdesign.de\/wp-content\/uploads\/2025\/02\/link-symbol-150x150.png 150w\" sizes=\"auto, (max-width: 12px) 100vw, 12px\" \/><\/a><\/p>\n\n\n\n<div style=\"height:25px\" aria-hidden=\"true\" class=\"wp-block-spacer\"><\/div>\n\n\n\n<figure class=\"wp-block-image size-full is-resized has-custom-border\"><img loading=\"lazy\" decoding=\"async\" width=\"500\" height=\"350\" src=\"https:\/\/kellerdesign.de\/wp-content\/uploads\/2025\/07\/die-top-messen-in-stuttgart-messebau-1.jpg\" alt=\"control-2023-stuttgart-messebau-stuttgart\" class=\"wp-image-12765\" style=\"border-radius:12px;width:345px;height:auto\" srcset=\"https:\/\/kellerdesign.de\/wp-content\/uploads\/2025\/07\/die-top-messen-in-stuttgart-messebau-1.jpg 500w, https:\/\/kellerdesign.de\/wp-content\/uploads\/2025\/07\/die-top-messen-in-stuttgart-messebau-1-300x210.jpg 300w\" sizes=\"auto, (max-width: 500px) 100vw, 500px\" \/><\/figure>\n\n\n\n<div style=\"height:100px\" aria-hidden=\"true\" class=\"wp-block-spacer\"><\/div>\n\n\n\n<h6 class=\"wp-block-heading\"><em><a href=\"https:\/\/www.control-messe.de\/\" target=\"_blank\" rel=\"noreferrer noopener\">Control 2023 Stuttgart<\/a><\/em><\/h6>\n","protected":false},"excerpt":{"rendered":"<p>Control 2023 Stuttgart vom 09.-12. Mai Vom 09. bis 12. Mai werden auf der Control 2023, die internationale Fachmesse f\u00fcr Qualit\u00e4tssicherung, in Stuttgart auf dem Messegel\u00e4nde die Neuheiten aus der Visiontechnologie, der Bildverarbeitung, der Sensorik sowie der Mess- und Pr\u00fcftechnik pr\u00e4sentiert. F\u00fcr unseren treuen Kunden M\u00e4rklen GmbH &amp; Co. KG haben wir auf insgesamt 88 [&hellip;]<\/p>\n","protected":false},"author":1,"featured_media":0,"comment_status":"closed","ping_status":"open","sticky":false,"template":"","format":"standard","meta":{"_coblocks_attr":"","_coblocks_dimensions":"","_coblocks_responsive_height":"","_coblocks_accordion_ie_support":"","site-sidebar-layout":"default","site-content-layout":"","ast-site-content-layout":"default","site-content-style":"default","site-sidebar-style":"default","ast-global-header-display":"","ast-banner-title-visibility":"","ast-main-header-display":"","ast-hfb-above-header-display":"","ast-hfb-below-header-display":"","ast-hfb-mobile-header-display":"","site-post-title":"","ast-breadcrumbs-content":"","ast-featured-img":"","footer-sml-layout":"","ast-disable-related-posts":"","theme-transparent-header-meta":"","adv-header-id-meta":"","stick-header-meta":"","header-above-stick-meta":"","header-main-stick-meta":"","header-below-stick-meta":"","astra-migrate-meta-layouts":"set","ast-page-background-enabled":"default","ast-page-background-meta":{"desktop":{"background-color":"","background-image":"","background-repeat":"repeat","background-position":"center center","background-size":"auto","background-attachment":"scroll","background-type":"","background-media":"","overlay-type":"","overlay-color":"","overlay-opacity":"","overlay-gradient":""},"tablet":{"background-color":"","background-image":"","background-repeat":"repeat","background-position":"center center","background-size":"auto","background-attachment":"scroll","background-type":"","background-media":"","overlay-type":"","overlay-color":"","overlay-opacity":"","overlay-gradient":""},"mobile":{"background-color":"","background-image":"","background-repeat":"repeat","background-position":"center center","background-size":"auto","background-attachment":"scroll","background-type":"","background-media":"","overlay-type":"","overlay-color":"","overlay-opacity":"","overlay-gradient":""}},"ast-content-background-meta":{"desktop":{"background-color":"var(--ast-global-color-5)","background-image":"","background-repeat":"repeat","background-position":"center center","background-size":"auto","background-attachment":"scroll","background-type":"","background-media":"","overlay-type":"","overlay-color":"","overlay-opacity":"","overlay-gradient":""},"tablet":{"background-color":"var(--ast-global-color-5)","background-image":"","background-repeat":"repeat","background-position":"center center","background-size":"auto","background-attachment":"scroll","background-type":"","background-media":"","overlay-type":"","overlay-color":"","overlay-opacity":"","overlay-gradient":""},"mobile":{"background-color":"var(--ast-global-color-5)","background-image":"","background-repeat":"repeat","background-position":"center center","background-size":"auto","background-attachment":"scroll","background-type":"","background-media":"","overlay-type":"","overlay-color":"","overlay-opacity":"","overlay-gradient":""}},"_jetpack_memberships_contains_paid_content":false,"footnotes":""},"categories":[45],"tags":[23,54,73,47,40,61,159,51,46],"class_list":["post-7513","post","type-post","status-publish","format-standard","hentry","category-messestaende-mit-charakter","tag-ausstattung","tag-beschriftung","tag-messe","tag-messebanner","tag-messebau","tag-messebeschriftung","tag-messegrafik","tag-messestand","tag-standbau"],"jetpack_featured_media_url":"","jetpack_sharing_enabled":true,"_links":{"self":[{"href":"https:\/\/kellerdesign.de\/index.php\/wp-json\/wp\/v2\/posts\/7513","targetHints":{"allow":["GET"]}}],"collection":[{"href":"https:\/\/kellerdesign.de\/index.php\/wp-json\/wp\/v2\/posts"}],"about":[{"href":"https:\/\/kellerdesign.de\/index.php\/wp-json\/wp\/v2\/types\/post"}],"author":[{"embeddable":true,"href":"https:\/\/kellerdesign.de\/index.php\/wp-json\/wp\/v2\/users\/1"}],"replies":[{"embeddable":true,"href":"https:\/\/kellerdesign.de\/index.php\/wp-json\/wp\/v2\/comments?post=7513"}],"version-history":[{"count":4,"href":"https:\/\/kellerdesign.de\/index.php\/wp-json\/wp\/v2\/posts\/7513\/revisions"}],"predecessor-version":[{"id":12766,"href":"https:\/\/kellerdesign.de\/index.php\/wp-json\/wp\/v2\/posts\/7513\/revisions\/12766"}],"wp:attachment":[{"href":"https:\/\/kellerdesign.de\/index.php\/wp-json\/wp\/v2\/media?parent=7513"}],"wp:term":[{"taxonomy":"category","embeddable":true,"href":"https:\/\/kellerdesign.de\/index.php\/wp-json\/wp\/v2\/categories?post=7513"},{"taxonomy":"post_tag","embeddable":true,"href":"https:\/\/kellerdesign.de\/index.php\/wp-json\/wp\/v2\/tags?post=7513"}],"curies":[{"name":"wp","href":"https:\/\/api.w.org\/{rel}","templated":true}]}}