{"id":7520,"date":"2023-05-23T14:39:35","date_gmt":"2023-05-23T12:39:35","guid":{"rendered":"https:\/\/kellerdesign.de\/?p=7520"},"modified":"2025-07-25T12:55:46","modified_gmt":"2025-07-25T10:55:46","slug":"smart-automation-2023","status":"publish","type":"post","link":"https:\/\/kellerdesign.de\/index.php\/2023\/05\/23\/smart-automation-2023\/","title":{"rendered":"SMART AUTOMATION 2023"},"content":{"rendered":"\n<p class=\"has-text-color\" style=\"color:#555555\"><strong>Kooperation:<\/strong> <br>Werbeagentur Regelmann GmbH &amp; Co. KG <br><strong>Projektierung:<\/strong> <br>Regelmann und Keller Design <br><strong>Ausf\u00fchrung:<\/strong> <br>Keller Design \u2013 Messen &amp; Events \u2013 GmbH <br><br>SMART AUTOMATION 2023 vom 23. &#8211; 25. Mai<br>Die SMART Automation Austria ist die nationale Leitmesse f\u00fcr industrielle Automation in \u00d6sterreich, <br>die j\u00e4hrlich zwischen Linz und Wien wechselt. In Linz findet die Messe im Design Center Linz statt, einem hochmodernen Veranstaltungsort, der f\u00fcr seine Architektur und seine hochwertige technische Ausstattung bekannt ist. Seit ihrer Gr\u00fcndung hat die SMART Automation Austria ihren Schwerpunkt auf die Pr\u00e4sentation <br>von Trends, Innovationen und anwenderorientierten L\u00f6sungen in der Automatisierungsbranche gelegt. <br>Die Ausstellerpalette reicht von kleinen Unternehmen bis hin zu gro\u00dfen Marktf\u00fchrern und deckt ein breites Spektrum an Produkten und Dienstleistungen ab \u2013 von der Klemme bis zum Prozessleitsystem. <br><br>Auch in \u00d6sterreich ist die Firma <a href=\"https:\/\/www.faulhaber.com\/de\/\" target=\"_blank\" rel=\"noreferrer noopener\"><strong>Dr. Fritz Faulhaber GmbH &amp; Co. KG<\/strong><\/a> mit einem Messestand vertreten. <br>Gemeinsam mit der Werbeagentur <strong><a href=\"https:\/\/www.regelmann.de\/\" target=\"_blank\" rel=\"noreferrer noopener\">Regelmann GmbH &amp; Co. KG <\/a><\/strong>durften wir auch in \u00d6sterreich\/Linz das gemeinsam ausgearbeitete Standkonzept der Firma Faulhaber GmbH &amp; Co. KG konstruieren und bauen. <br>F\u00fcr die SMART Automation 2023 Austria wurde das bestehende Standkonzept auf eine Standfl\u00e4che von 28 m\u00b2 angepasst. Auch hier haben die im Mehrschicht-Verfahren gedruckten, punktuell hinterleuchteten Banner <br>f\u00fcr einen tollen Effekt gesorgt. <br><br>Vielen Dank f\u00fcr die Beauftragung. <br><br>Sie planen einen Messeauftritt? Keller Design begleitet Sie mit Erfahrung, Kreativit\u00e4t und Full-Service im Messebau. <a href=\"https:\/\/kellerdesign.de\/index.php\/kontakt-kellerdesign\/\" target=\"_blank\" rel=\"noreferrer noopener\"><img loading=\"lazy\" decoding=\"async\" width=\"12\" height=\"12\" class=\"wp-image-11501\" style=\"width: 12px;\" src=\"https:\/\/kellerdesign.de\/wp-content\/uploads\/2025\/02\/link-symbol.png\" alt=\"verlinkung-keller-design\" srcset=\"https:\/\/kellerdesign.de\/wp-content\/uploads\/2025\/02\/link-symbol.png 300w, https:\/\/kellerdesign.de\/wp-content\/uploads\/2025\/02\/link-symbol-150x150.png 150w\" sizes=\"auto, (max-width: 12px) 100vw, 12px\" \/><\/a><br><\/p>\n\n\n\n<div style=\"height:25px\" aria-hidden=\"true\" class=\"wp-block-spacer\"><\/div>\n\n\n\n<figure class=\"wp-block-image size-full has-custom-border\"><a href=\"https:\/\/kellerdesign.de\/wp-content\/uploads\/2023\/05\/Keller-Design-Messen-Events-Messebau-Linz-Smart-Automation.jpg\" target=\"_blank\" rel=\"noreferrer noopener\"><img loading=\"lazy\" decoding=\"async\" width=\"445\" height=\"500\" src=\"https:\/\/kellerdesign.de\/wp-content\/uploads\/2023\/05\/Keller-Design-Messen-Events-Messebau-Linz-Smart-Automation.jpg\" alt=\"SMART-AUTOMATION-2023-standbau-linz\" class=\"wp-image-7519\" style=\"border-style:none;border-width:0px;border-radius:15px\" srcset=\"https:\/\/kellerdesign.de\/wp-content\/uploads\/2023\/05\/Keller-Design-Messen-Events-Messebau-Linz-Smart-Automation.jpg 445w, https:\/\/kellerdesign.de\/wp-content\/uploads\/2023\/05\/Keller-Design-Messen-Events-Messebau-Linz-Smart-Automation-267x300.jpg 267w\" sizes=\"auto, (max-width: 445px) 100vw, 445px\" \/><\/a><\/figure>\n\n\n\n<p class=\"has-text-align-left\"><sup>Dr. Fritz Faulhaber GmbH &amp; Co. KG, 28 m\u00b2<\/sup><\/p>\n\n\n\n<div style=\"height:100px\" aria-hidden=\"true\" class=\"wp-block-spacer\"><\/div>\n\n\n\n<h6 class=\"wp-block-heading\"><em><a href=\"https:\/\/www.smart-linz.at\/\" target=\"_blank\" rel=\"noreferrer noopener\">SMART AUTOMATION 2023<\/a><\/em><\/h6>\n","protected":false},"excerpt":{"rendered":"<p>Kooperation: Werbeagentur Regelmann GmbH &amp; Co. KG Projektierung: Regelmann und Keller Design Ausf\u00fchrung: Keller Design \u2013 Messen &amp; Events \u2013 GmbH SMART AUTOMATION 2023 vom 23. &#8211; 25. MaiDie SMART Automation Austria ist die nationale Leitmesse f\u00fcr industrielle Automation in \u00d6sterreich, die j\u00e4hrlich zwischen Linz und Wien wechselt. In Linz findet die Messe im Design [&hellip;]<\/p>\n","protected":false},"author":1,"featured_media":0,"comment_status":"closed","ping_status":"open","sticky":false,"template":"","format":"standard","meta":{"_coblocks_attr":"","_coblocks_dimensions":"","_coblocks_responsive_height":"","_coblocks_accordion_ie_support":"","site-sidebar-layout":"default","site-content-layout":"","ast-site-content-layout":"default","site-content-style":"default","site-sidebar-style":"default","ast-global-header-display":"","ast-banner-title-visibility":"","ast-main-header-display":"","ast-hfb-above-header-display":"","ast-hfb-below-header-display":"","ast-hfb-mobile-header-display":"","site-post-title":"","ast-breadcrumbs-content":"","ast-featured-img":"","footer-sml-layout":"","ast-disable-related-posts":"","theme-transparent-header-meta":"","adv-header-id-meta":"","stick-header-meta":"","header-above-stick-meta":"","header-main-stick-meta":"","header-below-stick-meta":"","astra-migrate-meta-layouts":"set","ast-page-background-enabled":"default","ast-page-background-meta":{"desktop":{"background-color":"","background-image":"","background-repeat":"repeat","background-position":"center center","background-size":"auto","background-attachment":"scroll","background-type":"","background-media":"","overlay-type":"","overlay-color":"","overlay-opacity":"","overlay-gradient":""},"tablet":{"background-color":"","background-image":"","background-repeat":"repeat","background-position":"center center","background-size":"auto","background-attachment":"scroll","background-type":"","background-media":"","overlay-type":"","overlay-color":"","overlay-opacity":"","overlay-gradient":""},"mobile":{"background-color":"","background-image":"","background-repeat":"repeat","background-position":"center center","background-size":"auto","background-attachment":"scroll","background-type":"","background-media":"","overlay-type":"","overlay-color":"","overlay-opacity":"","overlay-gradient":""}},"ast-content-background-meta":{"desktop":{"background-color":"var(--ast-global-color-5)","background-image":"","background-repeat":"repeat","background-position":"center center","background-size":"auto","background-attachment":"scroll","background-type":"","background-media":"","overlay-type":"","overlay-color":"","overlay-opacity":"","overlay-gradient":""},"tablet":{"background-color":"var(--ast-global-color-5)","background-image":"","background-repeat":"repeat","background-position":"center center","background-size":"auto","background-attachment":"scroll","background-type":"","background-media":"","overlay-type":"","overlay-color":"","overlay-opacity":"","overlay-gradient":""},"mobile":{"background-color":"var(--ast-global-color-5)","background-image":"","background-repeat":"repeat","background-position":"center center","background-size":"auto","background-attachment":"scroll","background-type":"","background-media":"","overlay-type":"","overlay-color":"","overlay-opacity":"","overlay-gradient":""}},"_jetpack_memberships_contains_paid_content":false,"footnotes":""},"categories":[45],"tags":[54,257,68,73,40,61,159,51,46],"class_list":["post-7520","post","type-post","status-publish","format-standard","hentry","category-messestaende-mit-charakter","tag-beschriftung","tag-led-banner-rahmen","tag-led-beleuchtung","tag-messe","tag-messebau","tag-messebeschriftung","tag-messegrafik","tag-messestand","tag-standbau"],"jetpack_featured_media_url":"","jetpack_sharing_enabled":true,"_links":{"self":[{"href":"https:\/\/kellerdesign.de\/index.php\/wp-json\/wp\/v2\/posts\/7520","targetHints":{"allow":["GET"]}}],"collection":[{"href":"https:\/\/kellerdesign.de\/index.php\/wp-json\/wp\/v2\/posts"}],"about":[{"href":"https:\/\/kellerdesign.de\/index.php\/wp-json\/wp\/v2\/types\/post"}],"author":[{"embeddable":true,"href":"https:\/\/kellerdesign.de\/index.php\/wp-json\/wp\/v2\/users\/1"}],"replies":[{"embeddable":true,"href":"https:\/\/kellerdesign.de\/index.php\/wp-json\/wp\/v2\/comments?post=7520"}],"version-history":[{"count":22,"href":"https:\/\/kellerdesign.de\/index.php\/wp-json\/wp\/v2\/posts\/7520\/revisions"}],"predecessor-version":[{"id":12891,"href":"https:\/\/kellerdesign.de\/index.php\/wp-json\/wp\/v2\/posts\/7520\/revisions\/12891"}],"wp:attachment":[{"href":"https:\/\/kellerdesign.de\/index.php\/wp-json\/wp\/v2\/media?parent=7520"}],"wp:term":[{"taxonomy":"category","embeddable":true,"href":"https:\/\/kellerdesign.de\/index.php\/wp-json\/wp\/v2\/categories?post=7520"},{"taxonomy":"post_tag","embeddable":true,"href":"https:\/\/kellerdesign.de\/index.php\/wp-json\/wp\/v2\/tags?post=7520"}],"curies":[{"name":"wp","href":"https:\/\/api.w.org\/{rel}","templated":true}]}}