{"id":7544,"date":"2023-05-23T15:32:57","date_gmt":"2023-05-23T13:32:57","guid":{"rendered":"https:\/\/kellerdesign.de\/?p=7544"},"modified":"2025-08-12T15:45:45","modified_gmt":"2025-08-12T13:45:45","slug":"sps-italia-2023","status":"publish","type":"post","link":"https:\/\/kellerdesign.de\/index.php\/2023\/05\/23\/sps-italia-2023\/","title":{"rendered":"SPS Italia 2023 vom 23. &#8211; 25. Mai"},"content":{"rendered":"\n<p class=\"has-text-color\" style=\"color:#555555\"><strong>Kooperation:<\/strong> <br>Werbeagentur Regelmann GmbH &amp; Co. KG <br><strong>Projektierung:<\/strong> <br>Regelmann und Keller Design <br><strong>Ausf\u00fchrung:<\/strong> Keller Design \u2013 Messen &amp; Events \u2013 GmbH <br><br>SPS Italia 2023 ist eine der gr\u00f6\u00dften internationalen Fachmessen f\u00fcr elektronische Automatisierungstechnik, f\u00fcr die intelligente, digitale und nachhaltige Industrie, die als Bezugspunkt f\u00fcr den italienischen Fertigungssektor anerkannt ist. Die Abk\u00fcrzung &#8222;SPS&#8220; steht f\u00fcr &#8222;Smart production solutions&#8220;. SPS Italia fokussiert sich auf den Bereich der industriellen Automatisierung und deckt ein breites Spektrum von Produkten und Dienstleistungen ab, von Antriebstechnik und Sensorik bis hin zu Steuerungstechnik und Software f\u00fcr industrielle Prozesse. <br>Auf der SPS-Messe werden nicht nur Komponenten vorgestellt, sondern auch Systeme, und somit ist die Messe in Italien eine der wenigen Messen, die integrierte Automatisierungsl\u00f6sungen anbietet. <br><br>Gemeinsam mit unserem Partner, der Werbeagentur <a href=\"https:\/\/www.regelmann.de\/\" target=\"_blank\" rel=\"noreferrer noopener\"><strong>Regelmann GmbH &amp; Co. KG<\/strong><\/a> durften wir f\u00fcr die <br>Firma <strong><a href=\"https:\/\/www.faulhaber.com\/de\/\" target=\"_blank\" rel=\"noreferrer noopener\">Dr. Fritz Faulhaber GmbH &amp; Co. KG<\/a><\/strong> den Messeauftritt in Italien planen und bauen.<br>Auf insgesamt 54 m\u00b2 wurde mit hinterleuchteten Wandbannern und ebenfalls hinterleuchteten Riggbannern <br>eine stimmige Pr\u00e4sentationsfl\u00e4che geschaffen. Die Banner wurden in einem speziellen Mehrschicht-Verfahren gedruckt, das diesen punktuellen Hinterleuchtungseffekt hervorruft, und sie so einige Blicke auf sich gezogen haben.\u00a0<br><br>Vielen Dank f\u00fcr das Vertrauen <img loading=\"lazy\" decoding=\"async\" width=\"5\" height=\"5\" class=\"wp-image-12608\" style=\"width: 5px;\" src=\"https:\/\/kellerdesign.de\/wp-content\/uploads\/2025\/07\/aufzaehlung.jpg\" alt=\"keller-design-messen-events-nordschwarzwald\"> <br><\/p>\n\n\n\n<div style=\"height:25px\" aria-hidden=\"true\" class=\"wp-block-spacer\"><\/div>\n\n\n\n<figure class=\"wp-block-image size-full has-custom-border\"><a href=\"https:\/\/kellerdesign.de\/wp-content\/uploads\/2023\/05\/Keller-Design-Messen-Events-Messebau-Italien-Parma.jpg\" target=\"_blank\" rel=\"noreferrer noopener\"><img loading=\"lazy\" decoding=\"async\" width=\"500\" height=\"500\" src=\"https:\/\/kellerdesign.de\/wp-content\/uploads\/2023\/05\/Keller-Design-Messen-Events-Messebau-Italien-Parma.jpg\" alt=\"SPS-Italia-2023-standbau\" class=\"wp-image-7518\" style=\"border-radius:15px\" srcset=\"https:\/\/kellerdesign.de\/wp-content\/uploads\/2023\/05\/Keller-Design-Messen-Events-Messebau-Italien-Parma.jpg 500w, https:\/\/kellerdesign.de\/wp-content\/uploads\/2023\/05\/Keller-Design-Messen-Events-Messebau-Italien-Parma-300x300.jpg 300w, https:\/\/kellerdesign.de\/wp-content\/uploads\/2023\/05\/Keller-Design-Messen-Events-Messebau-Italien-Parma-150x150.jpg 150w\" sizes=\"auto, (max-width: 500px) 100vw, 500px\" \/><\/a><\/figure>\n\n\n\n<p><sup>Dr. Fritz Faulhaber GmbH &amp; Co. KG, 54 m<\/sup><em><sup>\u00b2<\/sup><\/em><\/p>\n\n\n\n<div style=\"height:100px\" aria-hidden=\"true\" class=\"wp-block-spacer\"><\/div>\n\n\n\n<h6 class=\"wp-block-heading\"><em><a href=\"https:\/\/www.spsitalia.it\/en\/home\" target=\"_blank\" rel=\"noreferrer noopener\">SPS Italia 2023<\/a><\/em><\/h6>\n","protected":false},"excerpt":{"rendered":"<p>Kooperation: Werbeagentur Regelmann GmbH &amp; Co. KG Projektierung: Regelmann und Keller Design Ausf\u00fchrung: Keller Design \u2013 Messen &amp; Events \u2013 GmbH SPS Italia 2023 ist eine der gr\u00f6\u00dften internationalen Fachmessen f\u00fcr elektronische Automatisierungstechnik, f\u00fcr die intelligente, digitale und nachhaltige Industrie, die als Bezugspunkt f\u00fcr den italienischen Fertigungssektor anerkannt ist. Die Abk\u00fcrzung &#8222;SPS&#8220; steht f\u00fcr &#8222;Smart [&hellip;]<\/p>\n","protected":false},"author":1,"featured_media":0,"comment_status":"closed","ping_status":"open","sticky":false,"template":"","format":"standard","meta":{"_coblocks_attr":"","_coblocks_dimensions":"","_coblocks_responsive_height":"","_coblocks_accordion_ie_support":"","site-sidebar-layout":"default","site-content-layout":"","ast-site-content-layout":"default","site-content-style":"default","site-sidebar-style":"default","ast-global-header-display":"","ast-banner-title-visibility":"","ast-main-header-display":"","ast-hfb-above-header-display":"","ast-hfb-below-header-display":"","ast-hfb-mobile-header-display":"","site-post-title":"","ast-breadcrumbs-content":"","ast-featured-img":"","footer-sml-layout":"","ast-disable-related-posts":"","theme-transparent-header-meta":"","adv-header-id-meta":"","stick-header-meta":"","header-above-stick-meta":"","header-main-stick-meta":"","header-below-stick-meta":"","astra-migrate-meta-layouts":"set","ast-page-background-enabled":"default","ast-page-background-meta":{"desktop":{"background-color":"","background-image":"","background-repeat":"repeat","background-position":"center center","background-size":"auto","background-attachment":"scroll","background-type":"","background-media":"","overlay-type":"","overlay-color":"","overlay-opacity":"","overlay-gradient":""},"tablet":{"background-color":"","background-image":"","background-repeat":"repeat","background-position":"center center","background-size":"auto","background-attachment":"scroll","background-type":"","background-media":"","overlay-type":"","overlay-color":"","overlay-opacity":"","overlay-gradient":""},"mobile":{"background-color":"","background-image":"","background-repeat":"repeat","background-position":"center center","background-size":"auto","background-attachment":"scroll","background-type":"","background-media":"","overlay-type":"","overlay-color":"","overlay-opacity":"","overlay-gradient":""}},"ast-content-background-meta":{"desktop":{"background-color":"var(--ast-global-color-5)","background-image":"","background-repeat":"repeat","background-position":"center center","background-size":"auto","background-attachment":"scroll","background-type":"","background-media":"","overlay-type":"","overlay-color":"","overlay-opacity":"","overlay-gradient":""},"tablet":{"background-color":"var(--ast-global-color-5)","background-image":"","background-repeat":"repeat","background-position":"center center","background-size":"auto","background-attachment":"scroll","background-type":"","background-media":"","overlay-type":"","overlay-color":"","overlay-opacity":"","overlay-gradient":""},"mobile":{"background-color":"var(--ast-global-color-5)","background-image":"","background-repeat":"repeat","background-position":"center center","background-size":"auto","background-attachment":"scroll","background-type":"","background-media":"","overlay-type":"","overlay-color":"","overlay-opacity":"","overlay-gradient":""}},"_jetpack_memberships_contains_paid_content":false,"footnotes":""},"categories":[45],"tags":[54,73,47,40,61,159,51,46],"class_list":["post-7544","post","type-post","status-publish","format-standard","hentry","category-messestaende-mit-charakter","tag-beschriftung","tag-messe","tag-messebanner","tag-messebau","tag-messebeschriftung","tag-messegrafik","tag-messestand","tag-standbau"],"jetpack_featured_media_url":"","jetpack_sharing_enabled":true,"_links":{"self":[{"href":"https:\/\/kellerdesign.de\/index.php\/wp-json\/wp\/v2\/posts\/7544","targetHints":{"allow":["GET"]}}],"collection":[{"href":"https:\/\/kellerdesign.de\/index.php\/wp-json\/wp\/v2\/posts"}],"about":[{"href":"https:\/\/kellerdesign.de\/index.php\/wp-json\/wp\/v2\/types\/post"}],"author":[{"embeddable":true,"href":"https:\/\/kellerdesign.de\/index.php\/wp-json\/wp\/v2\/users\/1"}],"replies":[{"embeddable":true,"href":"https:\/\/kellerdesign.de\/index.php\/wp-json\/wp\/v2\/comments?post=7544"}],"version-history":[{"count":14,"href":"https:\/\/kellerdesign.de\/index.php\/wp-json\/wp\/v2\/posts\/7544\/revisions"}],"predecessor-version":[{"id":13030,"href":"https:\/\/kellerdesign.de\/index.php\/wp-json\/wp\/v2\/posts\/7544\/revisions\/13030"}],"wp:attachment":[{"href":"https:\/\/kellerdesign.de\/index.php\/wp-json\/wp\/v2\/media?parent=7544"}],"wp:term":[{"taxonomy":"category","embeddable":true,"href":"https:\/\/kellerdesign.de\/index.php\/wp-json\/wp\/v2\/categories?post=7544"},{"taxonomy":"post_tag","embeddable":true,"href":"https:\/\/kellerdesign.de\/index.php\/wp-json\/wp\/v2\/tags?post=7544"}],"curies":[{"name":"wp","href":"https:\/\/api.w.org\/{rel}","templated":true}]}}