{"id":8201,"date":"2023-10-05T08:59:16","date_gmt":"2023-10-05T06:59:16","guid":{"rendered":"https:\/\/kellerdesign.de\/?p=8201"},"modified":"2025-08-11T10:04:29","modified_gmt":"2025-08-11T08:04:29","slug":"14-messestaende-1-monat","status":"publish","type":"post","link":"https:\/\/kellerdesign.de\/index.php\/2023\/10\/05\/14-messestaende-1-monat\/","title":{"rendered":"Messeherausforderung im November: 14 Messest\u00e4nde \/ 1 Monat"},"content":{"rendered":"\n<p class=\"has-text-color\" style=\"color:#555555\">14 Messest\u00e4nde \/ 1 Monat \/ ein Kraftakt in allen Bereichen <br><br>Aktuell sind wir in der hei\u00dfen Phase f\u00fcr Vorbereitungen der Herbst-Messen und diese laufen auf Hochtouren, denn im November erwarten uns 14 Messeprojekte, welche innerhalb der ersten Monatsh\u00e4lfte gr\u00f6\u00dftenteils parallel stattfinden werden. Daf\u00fcr bedarf es h\u00f6chster Konzentration, eine fr\u00fchzeitige Material- und Personalplanung sowie bis in kleinste Details durchdachte Vorg\u00e4nge in allen Bereichen unseres Unternehmens. <br>Durch die vielen aufeinanderfolgenden oder auch parallellaufenden Messen muss fr\u00fchzeitig in Material investiert, Artikel zugemietet oder umfunktioniert werden, aber auch teilweise Material von einer Messe <br>zur n\u00e4chsten Messe transportiert werden, um so geschickt und termingerecht agieren zu k\u00f6nnen.<br><br>Dies ist eine Herausforderung, f\u00fcr die in erster Linie gutes Personal und gute Partner ben\u00f6tigt werden. Gl\u00fccklicherweise sind wir in beiden Punkten gut aufgestellt und sehen dem November zuversichtlich entgegen. <br><br>Wir beginnen mit der <strong><a href=\"https:\/\/www.blechexpo-messe.de\/\" target=\"_blank\" rel=\"noopener\">BlechExpo<\/a><\/strong> in Stuttgart mit insgesamt 169 m\u00b2 Standbau und vier Kunden. <br><br>Kurz darauf geht es nach Salzburg auf die alles f\u00fcr den <strong><a href=\"https:\/\/www.gastmesse.at\/\" target=\"_blank\" rel=\"noopener\">GAST<\/a><\/strong> &#8211; Messe mit 80 m\u00b2 Standfl\u00e4che <br>f\u00fcr zwei unserer Kunden. <br><br>Mit nur zwei Tagen Versatz realisieren wir in D\u00fcsseldorf auf der <strong><a href=\"https:\/\/www.compamed.de\/\" target=\"_blank\" rel=\"noopener\">Compamed<\/a><\/strong> und <strong><a href=\"https:\/\/www.medica.de\/\" target=\"_blank\" rel=\"noopener\">Medica<\/a><\/strong> 114 m\u00b2 Standbau <br>f\u00fcr vier Kunden. <br><br>Parallel hierzu findet in N\u00fcrnberg die <strong><a href=\"https:\/\/sps.mesago.com\/nuernberg\/de.html\" target=\"_blank\" rel=\"noopener\">SPS<\/a><\/strong> &#8211; Messe statt, auf der wir einen Kunden mit einem 80 m\u00b2 Messestand unterst\u00fctzen. <br><br>Und als Abschluss ist M\u00fcnchen unser letztes Ziel \u2013 f\u00fcr drei Kunden werden wir auf der ebenfalls zeitgleich stattfinden <strong><a href=\"https:\/\/productronica.com\/de\/\" target=\"_blank\" rel=\"noopener\">Productronica<\/a><\/strong> insgesamt 175 m\u00b2 Standfl\u00e4che verbauen. <br><br>Ein erneuter <strong><a href=\"https:\/\/kellerdesign.de\/index.php\/2022\/06\/01\/messemarathon-keller-design\/\">Messemarathon<\/a><\/strong>, den wir durch unsere Qualit\u00e4t und unserem Know-how meistern werden. <\/p>\n\n\n\n<div style=\"height:25px\" aria-hidden=\"true\" class=\"wp-block-spacer\"><\/div>\n\n\n\n<div class=\"wp-block-columns is-layout-flex wp-container-core-columns-is-layout-28f84493 wp-block-columns-is-layout-flex\">\n<div class=\"wp-block-column is-layout-flow wp-block-column-is-layout-flow\">\n<figure class=\"wp-block-image size-full has-custom-border\"><a href=\"https:\/\/kellerdesign.de\/wp-content\/uploads\/2023\/10\/Keller-Design-Messen-Events-Logistik-Fuhrpark-Herbstmessen.jpg\" target=\"_blank\" rel=\"noreferrer noopener\"><img loading=\"lazy\" decoding=\"async\" width=\"300\" height=\"200\" src=\"https:\/\/kellerdesign.de\/wp-content\/uploads\/2023\/10\/Keller-Design-Messen-Events-Logistik-Fuhrpark-Herbstmessen.jpg\" alt=\"14-messest\u00e4nde-\/-1-Monat-logistik-fuhrpark\" class=\"wp-image-8348\" style=\"border-radius:15px\"\/><\/a><\/figure>\n<\/div>\n\n\n\n<div class=\"wp-block-column is-layout-flow wp-block-column-is-layout-flow\">\n<figure class=\"wp-block-image size-full has-custom-border\"><a href=\"https:\/\/kellerdesign.de\/wp-content\/uploads\/2023\/10\/Keller-Design-Messen-Events-Logistik-Novembermessen.jpg\" target=\"_blank\" rel=\"noreferrer noopener\"><img loading=\"lazy\" decoding=\"async\" width=\"300\" height=\"200\" src=\"https:\/\/kellerdesign.de\/wp-content\/uploads\/2023\/10\/Keller-Design-Messen-Events-Logistik-Novembermessen.jpg\" alt=\"14-messest\u00e4nde-\/-1-Monat-messelogistik\" class=\"wp-image-8349\" style=\"border-radius:15px\"\/><\/a><\/figure>\n<\/div>\n\n\n\n<div class=\"wp-block-column is-layout-flow wp-block-column-is-layout-flow\">\n<figure class=\"wp-block-image size-full has-custom-border\"><a href=\"https:\/\/kellerdesign.de\/wp-content\/uploads\/2023\/10\/Keller-Design-Messen-Events-Logistik-Transport-Messen-Herbst.jpg\" target=\"_blank\" rel=\"noreferrer noopener\"><img loading=\"lazy\" decoding=\"async\" width=\"300\" height=\"200\" src=\"https:\/\/kellerdesign.de\/wp-content\/uploads\/2023\/10\/Keller-Design-Messen-Events-Logistik-Transport-Messen-Herbst.jpg\" alt=\"14-messest\u00e4nde-\/-1-Monat-logistik-messeausstattung\" class=\"wp-image-8350\" style=\"border-radius:15px\"\/><\/a><\/figure>\n<\/div>\n<\/div>\n\n\n\n<div style=\"height:5px\" aria-hidden=\"true\" class=\"wp-block-spacer\"><\/div>\n\n\n\n<p><em><mark style=\"background-color:rgba(0, 0, 0, 0)\" class=\"has-inline-color has-ast-global-color-3-color\">14 Messest\u00e4nde \/ 1 Monat<\/mark><\/em><\/p>\n\n\n\n<div style=\"height:100px\" aria-hidden=\"true\" class=\"wp-block-spacer\"><\/div>\n\n\n\n<h6 class=\"wp-block-heading\"><em><a href=\"https:\/\/kellerdesign.de\/index.php\/messestaende\/galerie-messen-kellerdesign\/\">14 Messest\u00e4nde \/ 1 Monat \/ 618 m\u00b2 Messebau<\/a><\/em><\/h6>\n","protected":false},"excerpt":{"rendered":"<p>14 Messest\u00e4nde \/ 1 Monat \/ ein Kraftakt in allen Bereichen Aktuell sind wir in der hei\u00dfen Phase f\u00fcr Vorbereitungen der Herbst-Messen und diese laufen auf Hochtouren, denn im November erwarten uns 14 Messeprojekte, welche innerhalb der ersten Monatsh\u00e4lfte gr\u00f6\u00dftenteils parallel stattfinden werden. Daf\u00fcr bedarf es h\u00f6chster Konzentration, eine fr\u00fchzeitige Material- und Personalplanung sowie bis [&hellip;]<\/p>\n","protected":false},"author":1,"featured_media":0,"comment_status":"closed","ping_status":"open","sticky":false,"template":"","format":"standard","meta":{"_coblocks_attr":"","_coblocks_dimensions":"","_coblocks_responsive_height":"","_coblocks_accordion_ie_support":"","site-sidebar-layout":"default","site-content-layout":"","ast-site-content-layout":"default","site-content-style":"default","site-sidebar-style":"default","ast-global-header-display":"","ast-banner-title-visibility":"","ast-main-header-display":"","ast-hfb-above-header-display":"","ast-hfb-below-header-display":"","ast-hfb-mobile-header-display":"","site-post-title":"","ast-breadcrumbs-content":"","ast-featured-img":"","footer-sml-layout":"","ast-disable-related-posts":"","theme-transparent-header-meta":"","adv-header-id-meta":"","stick-header-meta":"","header-above-stick-meta":"","header-main-stick-meta":"","header-below-stick-meta":"","astra-migrate-meta-layouts":"set","ast-page-background-enabled":"default","ast-page-background-meta":{"desktop":{"background-color":"","background-image":"","background-repeat":"repeat","background-position":"center center","background-size":"auto","background-attachment":"scroll","background-type":"","background-media":"","overlay-type":"","overlay-color":"","overlay-opacity":"","overlay-gradient":""},"tablet":{"background-color":"","background-image":"","background-repeat":"repeat","background-position":"center center","background-size":"auto","background-attachment":"scroll","background-type":"","background-media":"","overlay-type":"","overlay-color":"","overlay-opacity":"","overlay-gradient":""},"mobile":{"background-color":"","background-image":"","background-repeat":"repeat","background-position":"center center","background-size":"auto","background-attachment":"scroll","background-type":"","background-media":"","overlay-type":"","overlay-color":"","overlay-opacity":"","overlay-gradient":""}},"ast-content-background-meta":{"desktop":{"background-color":"var(--ast-global-color-5)","background-image":"","background-repeat":"repeat","background-position":"center center","background-size":"auto","background-attachment":"scroll","background-type":"","background-media":"","overlay-type":"","overlay-color":"","overlay-opacity":"","overlay-gradient":""},"tablet":{"background-color":"var(--ast-global-color-5)","background-image":"","background-repeat":"repeat","background-position":"center center","background-size":"auto","background-attachment":"scroll","background-type":"","background-media":"","overlay-type":"","overlay-color":"","overlay-opacity":"","overlay-gradient":""},"mobile":{"background-color":"var(--ast-global-color-5)","background-image":"","background-repeat":"repeat","background-position":"center center","background-size":"auto","background-attachment":"scroll","background-type":"","background-media":"","overlay-type":"","overlay-color":"","overlay-opacity":"","overlay-gradient":""}},"_jetpack_memberships_contains_paid_content":false,"footnotes":""},"categories":[45],"tags":[73,275,119,147,142,182,47,40,61,159,184,273,51,46],"class_list":["post-8201","post","type-post","status-publish","format-standard","hentry","category-messestaende-mit-charakter","tag-messe","tag-messe-duesseldorf","tag-messe-muenchen","tag-messe-nuernberg","tag-messe-stuttgart","tag-messeausstattung","tag-messebanner","tag-messebau","tag-messebeschriftung","tag-messegrafik","tag-messelogistik","tag-messemarathon","tag-messestand","tag-standbau"],"jetpack_featured_media_url":"","jetpack_sharing_enabled":true,"_links":{"self":[{"href":"https:\/\/kellerdesign.de\/index.php\/wp-json\/wp\/v2\/posts\/8201","targetHints":{"allow":["GET"]}}],"collection":[{"href":"https:\/\/kellerdesign.de\/index.php\/wp-json\/wp\/v2\/posts"}],"about":[{"href":"https:\/\/kellerdesign.de\/index.php\/wp-json\/wp\/v2\/types\/post"}],"author":[{"embeddable":true,"href":"https:\/\/kellerdesign.de\/index.php\/wp-json\/wp\/v2\/users\/1"}],"replies":[{"embeddable":true,"href":"https:\/\/kellerdesign.de\/index.php\/wp-json\/wp\/v2\/comments?post=8201"}],"version-history":[{"count":34,"href":"https:\/\/kellerdesign.de\/index.php\/wp-json\/wp\/v2\/posts\/8201\/revisions"}],"predecessor-version":[{"id":13011,"href":"https:\/\/kellerdesign.de\/index.php\/wp-json\/wp\/v2\/posts\/8201\/revisions\/13011"}],"wp:attachment":[{"href":"https:\/\/kellerdesign.de\/index.php\/wp-json\/wp\/v2\/media?parent=8201"}],"wp:term":[{"taxonomy":"category","embeddable":true,"href":"https:\/\/kellerdesign.de\/index.php\/wp-json\/wp\/v2\/categories?post=8201"},{"taxonomy":"post_tag","embeddable":true,"href":"https:\/\/kellerdesign.de\/index.php\/wp-json\/wp\/v2\/tags?post=8201"}],"curies":[{"name":"wp","href":"https:\/\/api.w.org\/{rel}","templated":true}]}}