{"id":8245,"date":"2023-09-20T15:42:40","date_gmt":"2023-09-20T13:42:40","guid":{"rendered":"https:\/\/kellerdesign.de\/?p=8245"},"modified":"2023-09-21T10:17:28","modified_gmt":"2023-09-21T08:17:28","slug":"4-messestaende-auf-der-emo","status":"publish","type":"post","link":"https:\/\/kellerdesign.de\/index.php\/2023\/09\/20\/4-messestaende-auf-der-emo\/","title":{"rendered":"4 Messest\u00e4nde auf der EMO 2023 in Hannover"},"content":{"rendered":"\n<p class=\"has-text-color\" style=\"color:#555555\">4 Messest\u00e4nde: EMO Hannover vom 18. \u2013 23.09.23 <br><br>Die Weltleitmesse in Hannover gilt als international wichtigste Leitmesse der Fertigungsindustrie<br>und internationale Business-Plattform. Eine Vielzahl an Ausstellern pr\u00e4sentiert sich auf der EMO<br>in Hannover und zeigt das gesamte Angebot der Metallbearbeitungstechnik. Die EMO Hannover ist eine wichtige Plattform f\u00fcr Innovationen und unverzichtbar f\u00fcr die weltweite Fertigungstechnik. <br><br>Gleich vier Messest\u00e4nde haben wir auf der EMO in Hannover geplant und gebaut. Einen f\u00fcr unseren langj\u00e4hrigen Kunden, der <strong><a href=\"https:\/\/saacke-pforzheim.de\/index\" target=\"_blank\" rel=\"noopener\">Gebr. SAACKE GmbH &amp; Co. KG<\/a><\/strong> und einen f\u00fcr die <strong><a href=\"https:\/\/www.benzinger.de\/de\/\" target=\"_blank\" rel=\"noopener\">Carl BENZINGER GmbH<\/a><\/strong> aus Pforzheim. Mit insgesamt 314 m\u00b2 Standfl\u00e4che und dem offenen Standbau schufen wir f\u00fcr beide Unternehmen aus Pforzheim eine einladende Pr\u00e4sentationsfl\u00e4che mit dem Fokus auf die ausgestellten Maschinen. <br>Die abgeh\u00e4ngten W\u00fcrfelbanner und die gro\u00dfen Standbanner sorgten f\u00fcr eine gute Fernwirkung. <br><br>Einen weiteren Messestand (56 m\u00b2) haben wir erstmalig f\u00fcr die Firma <strong><a href=\"https:\/\/www.johs-boss.de\/de\/\" target=\"_blank\" rel=\"noopener\">Johs. Boss GmbH &amp; Co. KG<\/a><\/strong> aus Albstadt umgesetzt. Dessen gro\u00dfe Logo-Riggbanner und ein \u00fcber 6m gro\u00dfes Leuchtbanner sorgten f\u00fcr einen Hingucker mit einer guten \u00dcbersicht \u00fcber die Produktpalette und zogen dadurch viele Besucher auf den Stand. <br><br>Den vierten Messestand (50 m\u00b2) bekam die Firma <strong><a href=\"https:\/\/www.tecnicrafts.com\/\" target=\"_blank\" rel=\"noopener\">Tecnicrafts Industries<\/a><\/strong> aus Indien. F\u00fcr sie haben wir bereits zum 3. Mal den Messeauftritt in Hannover betreut. Der Standbau erfolgte ausschlie\u00dflich mit Motivbannern, lediglich im Innenbereich der Kabine wurden wei\u00dfe Vorsatzplatten verbaut. <br><br>Vielen Dank f\u00fcr die Beauftragung. Wir w\u00fcnschen allen Kunden spannende Messetage.<\/p>\n\n\n\n<div style=\"height:25px\" aria-hidden=\"true\" class=\"wp-block-spacer\"><\/div>\n\n\n\n<div class=\"wp-block-columns is-layout-flex wp-container-core-columns-is-layout-28f84493 wp-block-columns-is-layout-flex\">\n<div class=\"wp-block-column is-layout-flow wp-block-column-is-layout-flow\">\n<figure class=\"wp-block-image size-full has-custom-border\"><a href=\"https:\/\/kellerdesign.de\/wp-content\/uploads\/2023\/09\/Keller-Design-Messen-Events-Vitrinenbanner-Hannover.jpg\" target=\"_blank\" rel=\"noreferrer noopener\"><img loading=\"lazy\" decoding=\"async\" width=\"290\" height=\"300\" src=\"https:\/\/kellerdesign.de\/wp-content\/uploads\/2023\/09\/Keller-Design-Messen-Events-Vitrinenbanner-Hannover.jpg\" alt=\"4-messestaende-hannover-standbau\" class=\"wp-image-8276\" style=\"border-radius:15px\"\/><\/a><\/figure>\n<\/div>\n\n\n\n<div class=\"wp-block-column is-layout-flow wp-block-column-is-layout-flow\"><\/div>\n\n\n\n<div class=\"wp-block-column is-layout-flow wp-block-column-is-layout-flow\"><\/div>\n\n\n\n<div class=\"wp-block-column is-layout-flow wp-block-column-is-layout-flow\"><\/div>\n<\/div>\n\n\n\n<div style=\"height:25px\" aria-hidden=\"true\" class=\"wp-block-spacer\"><\/div>\n\n\n\n<p class=\"has-text-align-center has-text-color\" style=\"color:#555555\"><sup>Carl BENZINGER GmbH, 140 m\u00b2<\/sup><\/p>\n\n\n\n<div class=\"wp-block-columns is-layout-flex wp-container-core-columns-is-layout-28f84493 wp-block-columns-is-layout-flex\">\n<div class=\"wp-block-column is-layout-flow wp-block-column-is-layout-flow\">\n<figure class=\"wp-block-image size-full has-custom-border\"><a href=\"https:\/\/kellerdesign.de\/wp-content\/uploads\/2023\/09\/Keller-Design-Messen-Events-Standbau-Hannover-Benzinger.jpg\" target=\"_blank\" rel=\"noreferrer noopener\"><img loading=\"lazy\" decoding=\"async\" width=\"450\" height=\"300\" src=\"https:\/\/kellerdesign.de\/wp-content\/uploads\/2023\/09\/Keller-Design-Messen-Events-Standbau-Hannover-Benzinger.jpg\" alt=\"4-messestaende-emo-hannover-bannerdruck\" class=\"wp-image-8241\" style=\"border-radius:12px\" srcset=\"https:\/\/kellerdesign.de\/wp-content\/uploads\/2023\/09\/Keller-Design-Messen-Events-Standbau-Hannover-Benzinger.jpg 450w, https:\/\/kellerdesign.de\/wp-content\/uploads\/2023\/09\/Keller-Design-Messen-Events-Standbau-Hannover-Benzinger-300x200.jpg 300w\" sizes=\"auto, (max-width: 450px) 100vw, 450px\" \/><\/a><\/figure>\n<\/div>\n\n\n\n<div class=\"wp-block-column is-layout-flow wp-block-column-is-layout-flow\">\n<figure class=\"wp-block-image size-full has-custom-border\"><a href=\"https:\/\/kellerdesign.de\/wp-content\/uploads\/2023\/09\/Keller-Design-Messen-Events-Messebau-Hannover-Motivbanner-Benzinger.jpg\" target=\"_blank\" rel=\"noreferrer noopener\"><img loading=\"lazy\" decoding=\"async\" width=\"450\" height=\"300\" src=\"https:\/\/kellerdesign.de\/wp-content\/uploads\/2023\/09\/Keller-Design-Messen-Events-Messebau-Hannover-Motivbanner-Benzinger.jpg\" alt=\"4-messestaende-motivbanner-hannover-messe\" class=\"wp-image-8235\" style=\"border-radius:12px\" srcset=\"https:\/\/kellerdesign.de\/wp-content\/uploads\/2023\/09\/Keller-Design-Messen-Events-Messebau-Hannover-Motivbanner-Benzinger.jpg 450w, https:\/\/kellerdesign.de\/wp-content\/uploads\/2023\/09\/Keller-Design-Messen-Events-Messebau-Hannover-Motivbanner-Benzinger-300x200.jpg 300w\" sizes=\"auto, (max-width: 450px) 100vw, 450px\" \/><\/a><\/figure>\n<\/div>\n\n\n\n<div class=\"wp-block-column is-layout-flow wp-block-column-is-layout-flow\">\n<figure class=\"wp-block-image size-full has-custom-border\"><a href=\"https:\/\/kellerdesign.de\/wp-content\/uploads\/2023\/09\/Keller-Design-Messen-Events-Riggbanner-Motivbanner-Benzinger.jpg\" target=\"_blank\" rel=\"noreferrer noopener\"><img loading=\"lazy\" decoding=\"async\" width=\"450\" height=\"300\" src=\"https:\/\/kellerdesign.de\/wp-content\/uploads\/2023\/09\/Keller-Design-Messen-Events-Riggbanner-Motivbanner-Benzinger.jpg\" alt=\"4-messestaende-emo-hannover-rigg-banner-messebeschriftung\" class=\"wp-image-8240\" style=\"border-radius:12px\" srcset=\"https:\/\/kellerdesign.de\/wp-content\/uploads\/2023\/09\/Keller-Design-Messen-Events-Riggbanner-Motivbanner-Benzinger.jpg 450w, https:\/\/kellerdesign.de\/wp-content\/uploads\/2023\/09\/Keller-Design-Messen-Events-Riggbanner-Motivbanner-Benzinger-300x200.jpg 300w\" sizes=\"auto, (max-width: 450px) 100vw, 450px\" \/><\/a><\/figure>\n<\/div>\n\n\n\n<div class=\"wp-block-column is-layout-flow wp-block-column-is-layout-flow\">\n<figure class=\"wp-block-image size-full has-custom-border\"><a href=\"https:\/\/kellerdesign.de\/wp-content\/uploads\/2023\/09\/Keller-Design-Messen-Events-Messe-Hannover-Benzinger-Maschinen.jpg\" target=\"_blank\" rel=\"noreferrer noopener\"><img loading=\"lazy\" decoding=\"async\" width=\"450\" height=\"300\" src=\"https:\/\/kellerdesign.de\/wp-content\/uploads\/2023\/09\/Keller-Design-Messen-Events-Messe-Hannover-Benzinger-Maschinen.jpg\" alt=\"4-messestaende-emo-hannover-grossformatdruck-banner\" class=\"wp-image-8238\" style=\"border-radius:12px\" srcset=\"https:\/\/kellerdesign.de\/wp-content\/uploads\/2023\/09\/Keller-Design-Messen-Events-Messe-Hannover-Benzinger-Maschinen.jpg 450w, https:\/\/kellerdesign.de\/wp-content\/uploads\/2023\/09\/Keller-Design-Messen-Events-Messe-Hannover-Benzinger-Maschinen-300x200.jpg 300w\" sizes=\"auto, (max-width: 450px) 100vw, 450px\" \/><\/a><\/figure>\n<\/div>\n<\/div>\n\n\n\n<div style=\"height:50px\" aria-hidden=\"true\" class=\"wp-block-spacer\"><\/div>\n\n\n\n<p class=\"has-text-align-center has-text-color\" style=\"color:#555555\"><sup>Gebr. SAACKE GmbH &amp; Co. KG, 174 m\u00b2<\/sup><\/p>\n\n\n\n<div class=\"wp-block-columns is-layout-flex wp-container-core-columns-is-layout-28f84493 wp-block-columns-is-layout-flex\">\n<div class=\"wp-block-column is-layout-flow wp-block-column-is-layout-flow\">\n<div class=\"wp-block-columns is-layout-flex wp-container-core-columns-is-layout-28f84493 wp-block-columns-is-layout-flex\">\n<div class=\"wp-block-column is-layout-flow wp-block-column-is-layout-flow\">\n<figure class=\"wp-block-image size-full has-custom-border\"><a href=\"https:\/\/kellerdesign.de\/wp-content\/uploads\/2023\/09\/Keller-Design-Messen-Events-Messebau-Hannover-Saacke.jpg\" target=\"_blank\" rel=\"noreferrer noopener\"><img loading=\"lazy\" decoding=\"async\" width=\"450\" height=\"300\" src=\"https:\/\/kellerdesign.de\/wp-content\/uploads\/2023\/09\/Keller-Design-Messen-Events-Messebau-Hannover-Saacke.jpg\" alt=\"4-messestaende-motivbanner-besprechung-emo-hannover\" class=\"wp-image-8237\" style=\"border-radius:15px\" srcset=\"https:\/\/kellerdesign.de\/wp-content\/uploads\/2023\/09\/Keller-Design-Messen-Events-Messebau-Hannover-Saacke.jpg 450w, https:\/\/kellerdesign.de\/wp-content\/uploads\/2023\/09\/Keller-Design-Messen-Events-Messebau-Hannover-Saacke-300x200.jpg 300w\" sizes=\"auto, (max-width: 450px) 100vw, 450px\" \/><\/a><\/figure>\n<\/div>\n\n\n\n<div class=\"wp-block-column is-layout-flow wp-block-column-is-layout-flow\">\n<figure class=\"wp-block-image size-full has-custom-border\"><a href=\"https:\/\/kellerdesign.de\/wp-content\/uploads\/2023\/09\/Keller-Design-Messen-Events-Messebau-Hannover-Motivbanner-Saacke.jpg\" target=\"_blank\" rel=\"noreferrer noopener\"><img loading=\"lazy\" decoding=\"async\" width=\"450\" height=\"300\" src=\"https:\/\/kellerdesign.de\/wp-content\/uploads\/2023\/09\/Keller-Design-Messen-Events-Messebau-Hannover-Motivbanner-Saacke.jpg\" alt=\"4-messestaende-emo-hannover-podest-motivbanner-lounge\" class=\"wp-image-8236\" style=\"border-radius:15px\" srcset=\"https:\/\/kellerdesign.de\/wp-content\/uploads\/2023\/09\/Keller-Design-Messen-Events-Messebau-Hannover-Motivbanner-Saacke.jpg 450w, https:\/\/kellerdesign.de\/wp-content\/uploads\/2023\/09\/Keller-Design-Messen-Events-Messebau-Hannover-Motivbanner-Saacke-300x200.jpg 300w\" sizes=\"auto, (max-width: 450px) 100vw, 450px\" \/><\/a><\/figure>\n<\/div>\n\n\n\n<div class=\"wp-block-column is-layout-flow wp-block-column-is-layout-flow\">\n<figure class=\"wp-block-image size-full has-custom-border\"><a href=\"https:\/\/kellerdesign.de\/wp-content\/uploads\/2023\/09\/Keller-Design-Messen-Events-Hannover-Standbau-Saacke.jpg\" target=\"_blank\" rel=\"noreferrer noopener\"><img loading=\"lazy\" decoding=\"async\" width=\"450\" height=\"300\" src=\"https:\/\/kellerdesign.de\/wp-content\/uploads\/2023\/09\/Keller-Design-Messen-Events-Hannover-Standbau-Saacke.jpg\" alt=\"4-messestaende-lounge-motivbanner\" class=\"wp-image-8231\" style=\"border-radius:15px\" srcset=\"https:\/\/kellerdesign.de\/wp-content\/uploads\/2023\/09\/Keller-Design-Messen-Events-Hannover-Standbau-Saacke.jpg 450w, https:\/\/kellerdesign.de\/wp-content\/uploads\/2023\/09\/Keller-Design-Messen-Events-Hannover-Standbau-Saacke-300x200.jpg 300w\" sizes=\"auto, (max-width: 450px) 100vw, 450px\" \/><\/a><\/figure>\n<\/div>\n\n\n\n<div class=\"wp-block-column is-layout-flow wp-block-column-is-layout-flow\">\n<figure class=\"wp-block-image size-full has-custom-border\"><a href=\"https:\/\/kellerdesign.de\/wp-content\/uploads\/2023\/09\/Keller-Design-Messen-Events-Wuerfelbanner-Podest-Hannover.jpg\" target=\"_blank\" rel=\"noreferrer noopener\"><img loading=\"lazy\" decoding=\"async\" width=\"450\" height=\"300\" src=\"https:\/\/kellerdesign.de\/wp-content\/uploads\/2023\/09\/Keller-Design-Messen-Events-Wuerfelbanner-Podest-Hannover.jpg\" alt=\"4-messestaende-wuerfelbanner-emo-hannover-podest\" class=\"wp-image-8244\" style=\"border-radius:15px\" srcset=\"https:\/\/kellerdesign.de\/wp-content\/uploads\/2023\/09\/Keller-Design-Messen-Events-Wuerfelbanner-Podest-Hannover.jpg 450w, https:\/\/kellerdesign.de\/wp-content\/uploads\/2023\/09\/Keller-Design-Messen-Events-Wuerfelbanner-Podest-Hannover-300x200.jpg 300w\" sizes=\"auto, (max-width: 450px) 100vw, 450px\" \/><\/a><\/figure>\n<\/div>\n<\/div>\n<\/div>\n<\/div>\n\n\n\n<div style=\"height:50px\" aria-hidden=\"true\" class=\"wp-block-spacer\"><\/div>\n\n\n\n<p class=\"has-text-align-center has-text-color\" style=\"color:#555555\"><sup>Johs. Boss GmbH &amp; Co. KG, 56 m\u00b2<\/sup><\/p>\n\n\n\n<div class=\"wp-block-columns is-layout-flex wp-container-core-columns-is-layout-28f84493 wp-block-columns-is-layout-flex\">\n<div class=\"wp-block-column is-layout-flow wp-block-column-is-layout-flow\">\n<div class=\"wp-block-columns is-layout-flex wp-container-core-columns-is-layout-28f84493 wp-block-columns-is-layout-flex\">\n<div class=\"wp-block-column is-layout-flow wp-block-column-is-layout-flow\">\n<figure class=\"wp-block-image size-full has-custom-border\"><a href=\"https:\/\/kellerdesign.de\/wp-content\/uploads\/2023\/09\/Keller-Design-Messen-Events-Leuchtbanner-Hannover-JBO.jpg\" target=\"_blank\" rel=\"noreferrer noopener\"><img loading=\"lazy\" decoding=\"async\" width=\"450\" height=\"300\" src=\"https:\/\/kellerdesign.de\/wp-content\/uploads\/2023\/09\/Keller-Design-Messen-Events-Leuchtbanner-Hannover-JBO.jpg\" alt=\"4-messestaende-leuchtgrafik-acryl-logo\" class=\"wp-image-8232\" style=\"border-radius:12px\" srcset=\"https:\/\/kellerdesign.de\/wp-content\/uploads\/2023\/09\/Keller-Design-Messen-Events-Leuchtbanner-Hannover-JBO.jpg 450w, https:\/\/kellerdesign.de\/wp-content\/uploads\/2023\/09\/Keller-Design-Messen-Events-Leuchtbanner-Hannover-JBO-300x200.jpg 300w\" sizes=\"auto, (max-width: 450px) 100vw, 450px\" \/><\/a><\/figure>\n<\/div>\n\n\n\n<div class=\"wp-block-column is-layout-flow wp-block-column-is-layout-flow\">\n<figure class=\"wp-block-image size-full has-custom-border\"><a href=\"https:\/\/kellerdesign.de\/wp-content\/uploads\/2023\/09\/Keller-Design-Messen-Events-Acryl-logoe-Hannover-JBO.jpg\" target=\"_blank\" rel=\"noreferrer noopener\"><img loading=\"lazy\" decoding=\"async\" width=\"450\" height=\"300\" src=\"https:\/\/kellerdesign.de\/wp-content\/uploads\/2023\/09\/Keller-Design-Messen-Events-Acryl-logoe-Hannover-JBO.jpg\" alt=\"4-messestaende-hannover-acryl-logo-leuchtbanner\" class=\"wp-image-8228\" style=\"border-radius:12px\" srcset=\"https:\/\/kellerdesign.de\/wp-content\/uploads\/2023\/09\/Keller-Design-Messen-Events-Acryl-logoe-Hannover-JBO.jpg 450w, https:\/\/kellerdesign.de\/wp-content\/uploads\/2023\/09\/Keller-Design-Messen-Events-Acryl-logoe-Hannover-JBO-300x200.jpg 300w\" sizes=\"auto, (max-width: 450px) 100vw, 450px\" \/><\/a><\/figure>\n<\/div>\n\n\n\n<div class=\"wp-block-column is-layout-flow wp-block-column-is-layout-flow\">\n<figure class=\"wp-block-image size-full has-custom-border\"><a href=\"https:\/\/kellerdesign.de\/wp-content\/uploads\/2023\/09\/Keller-Design-Messen-Events-Hannovermesse-Riggbanner-JBO.jpg\" target=\"_blank\" rel=\"noreferrer noopener\"><img loading=\"lazy\" decoding=\"async\" width=\"450\" height=\"300\" src=\"https:\/\/kellerdesign.de\/wp-content\/uploads\/2023\/09\/Keller-Design-Messen-Events-Hannovermesse-Riggbanner-JBO.jpg\" alt=\"4-messestaende-riggbanner-hannovermesse\" class=\"wp-image-8230\" style=\"border-radius:12px\" srcset=\"https:\/\/kellerdesign.de\/wp-content\/uploads\/2023\/09\/Keller-Design-Messen-Events-Hannovermesse-Riggbanner-JBO.jpg 450w, https:\/\/kellerdesign.de\/wp-content\/uploads\/2023\/09\/Keller-Design-Messen-Events-Hannovermesse-Riggbanner-JBO-300x200.jpg 300w\" sizes=\"auto, (max-width: 450px) 100vw, 450px\" \/><\/a><\/figure>\n<\/div>\n\n\n\n<div class=\"wp-block-column is-layout-flow wp-block-column-is-layout-flow\">\n<figure class=\"wp-block-image size-full has-custom-border\"><a href=\"https:\/\/kellerdesign.de\/wp-content\/uploads\/2023\/09\/Keller-Design-Messen-Events-Hannovermesse-Leuchtgrafik-JBO.jpg\" target=\"_blank\" rel=\"noreferrer noopener\"><img loading=\"lazy\" decoding=\"async\" width=\"450\" height=\"300\" src=\"https:\/\/kellerdesign.de\/wp-content\/uploads\/2023\/09\/Keller-Design-Messen-Events-Hannovermesse-Leuchtgrafik-JBO.jpg\" alt=\"4-messestaende-messe-hannover-leuchtgrafik\" class=\"wp-image-8229\" style=\"border-radius:12px\" srcset=\"https:\/\/kellerdesign.de\/wp-content\/uploads\/2023\/09\/Keller-Design-Messen-Events-Hannovermesse-Leuchtgrafik-JBO.jpg 450w, https:\/\/kellerdesign.de\/wp-content\/uploads\/2023\/09\/Keller-Design-Messen-Events-Hannovermesse-Leuchtgrafik-JBO-300x200.jpg 300w\" sizes=\"auto, (max-width: 450px) 100vw, 450px\" \/><\/a><\/figure>\n<\/div>\n<\/div>\n<\/div>\n<\/div>\n\n\n\n<div style=\"height:50px\" aria-hidden=\"true\" class=\"wp-block-spacer\"><\/div>\n\n\n\n<p class=\"has-text-align-center has-text-color\" style=\"color:#555555\"><sup>Tecnicrafts Industries, 50 m\u00b2<\/sup><\/p>\n\n\n\n<div class=\"wp-block-columns is-layout-flex wp-container-core-columns-is-layout-28f84493 wp-block-columns-is-layout-flex\">\n<div class=\"wp-block-column is-layout-flow wp-block-column-is-layout-flow\">\n<figure class=\"wp-block-image size-full has-custom-border\"><a href=\"https:\/\/kellerdesign.de\/wp-content\/uploads\/2023\/09\/Keller-Design-Messen-Events-Standbau-Hannover-Grafikbanner.jpg\" target=\"_blank\" rel=\"noreferrer noopener\"><img loading=\"lazy\" decoding=\"async\" width=\"450\" height=\"300\" src=\"https:\/\/kellerdesign.de\/wp-content\/uploads\/2023\/09\/Keller-Design-Messen-Events-Standbau-Hannover-Grafikbanner.jpg\" alt=\"4-messestaende-hannover-emo-bannerdruck\" class=\"wp-image-8242\" style=\"border-radius:12px\" srcset=\"https:\/\/kellerdesign.de\/wp-content\/uploads\/2023\/09\/Keller-Design-Messen-Events-Standbau-Hannover-Grafikbanner.jpg 450w, https:\/\/kellerdesign.de\/wp-content\/uploads\/2023\/09\/Keller-Design-Messen-Events-Standbau-Hannover-Grafikbanner-300x200.jpg 300w\" sizes=\"auto, (max-width: 450px) 100vw, 450px\" \/><\/a><\/figure>\n<\/div>\n\n\n\n<div class=\"wp-block-column is-layout-flow wp-block-column-is-layout-flow\">\n<figure class=\"wp-block-image size-full has-custom-border\"><a href=\"https:\/\/kellerdesign.de\/wp-content\/uploads\/2023\/09\/Keller-Design-Messen-Events-Lounge-Hannovermesse.jpg\" target=\"_blank\" rel=\"noreferrer noopener\"><img loading=\"lazy\" decoding=\"async\" width=\"450\" height=\"300\" src=\"https:\/\/kellerdesign.de\/wp-content\/uploads\/2023\/09\/Keller-Design-Messen-Events-Lounge-Hannovermesse.jpg\" alt=\"4-messestaende-hannover-motivbanner-lounge\" class=\"wp-image-8233\" style=\"border-radius:12px\" srcset=\"https:\/\/kellerdesign.de\/wp-content\/uploads\/2023\/09\/Keller-Design-Messen-Events-Lounge-Hannovermesse.jpg 450w, https:\/\/kellerdesign.de\/wp-content\/uploads\/2023\/09\/Keller-Design-Messen-Events-Lounge-Hannovermesse-300x200.jpg 300w\" sizes=\"auto, (max-width: 450px) 100vw, 450px\" \/><\/a><\/figure>\n<\/div>\n\n\n\n<div class=\"wp-block-column is-layout-flow wp-block-column-is-layout-flow\">\n<figure class=\"wp-block-image size-full has-custom-border\"><a href=\"https:\/\/kellerdesign.de\/wp-content\/uploads\/2023\/09\/Keller-Design-Messen-Events-Lounge-Motivbanner-Hannover.jpg\" target=\"_blank\" rel=\"noreferrer noopener\"><img loading=\"lazy\" decoding=\"async\" width=\"450\" height=\"300\" src=\"https:\/\/kellerdesign.de\/wp-content\/uploads\/2023\/09\/Keller-Design-Messen-Events-Lounge-Motivbanner-Hannover.jpg\" alt=\"4-messestaende-lounge-motivbanner\" class=\"wp-image-8234\" style=\"border-radius:12px\" srcset=\"https:\/\/kellerdesign.de\/wp-content\/uploads\/2023\/09\/Keller-Design-Messen-Events-Lounge-Motivbanner-Hannover.jpg 450w, https:\/\/kellerdesign.de\/wp-content\/uploads\/2023\/09\/Keller-Design-Messen-Events-Lounge-Motivbanner-Hannover-300x200.jpg 300w\" sizes=\"auto, (max-width: 450px) 100vw, 450px\" \/><\/a><\/figure>\n<\/div>\n\n\n\n<div class=\"wp-block-column is-layout-flow wp-block-column-is-layout-flow\"><\/div>\n<\/div>\n\n\n\n<div style=\"height:100px\" aria-hidden=\"true\" class=\"wp-block-spacer\"><\/div>\n\n\n\n<h6 class=\"wp-block-heading\"><em><a href=\"https:\/\/emo-hannover.de\/\" target=\"_blank\" rel=\"noopener\">4 Messest\u00e4nde auf der EMO 2023<\/a><\/em><\/h6>\n","protected":false},"excerpt":{"rendered":"<p>4 Messest\u00e4nde: EMO Hannover vom 18. \u2013 23.09.23 Die Weltleitmesse in Hannover gilt als international wichtigste Leitmesse der Fertigungsindustrieund internationale Business-Plattform. Eine Vielzahl an Ausstellern pr\u00e4sentiert sich auf der EMOin Hannover und zeigt das gesamte Angebot der Metallbearbeitungstechnik. Die EMO Hannover ist eine wichtige Plattform f\u00fcr Innovationen und unverzichtbar f\u00fcr die weltweite Fertigungstechnik. Gleich vier [&hellip;]<\/p>\n","protected":false},"author":1,"featured_media":0,"comment_status":"closed","ping_status":"open","sticky":false,"template":"","format":"standard","meta":{"_coblocks_attr":"","_coblocks_dimensions":"","_coblocks_responsive_height":"","_coblocks_accordion_ie_support":"","site-sidebar-layout":"default","site-content-layout":"","ast-site-content-layout":"default","site-content-style":"default","site-sidebar-style":"default","ast-global-header-display":"","ast-banner-title-visibility":"","ast-main-header-display":"","ast-hfb-above-header-display":"","ast-hfb-below-header-display":"","ast-hfb-mobile-header-display":"","site-post-title":"","ast-breadcrumbs-content":"","ast-featured-img":"","footer-sml-layout":"","ast-disable-related-posts":"","theme-transparent-header-meta":"","adv-header-id-meta":"","stick-header-meta":"","header-above-stick-meta":"","header-main-stick-meta":"","header-below-stick-meta":"","astra-migrate-meta-layouts":"set","ast-page-background-enabled":"default","ast-page-background-meta":{"desktop":{"background-color":"","background-image":"","background-repeat":"repeat","background-position":"center center","background-size":"auto","background-attachment":"scroll","background-type":"","background-media":"","overlay-type":"","overlay-color":"","overlay-opacity":"","overlay-gradient":""},"tablet":{"background-color":"","background-image":"","background-repeat":"repeat","background-position":"center center","background-size":"auto","background-attachment":"scroll","background-type":"","background-media":"","overlay-type":"","overlay-color":"","overlay-opacity":"","overlay-gradient":""},"mobile":{"background-color":"","background-image":"","background-repeat":"repeat","background-position":"center center","background-size":"auto","background-attachment":"scroll","background-type":"","background-media":"","overlay-type":"","overlay-color":"","overlay-opacity":"","overlay-gradient":""}},"ast-content-background-meta":{"desktop":{"background-color":"var(--ast-global-color-5)","background-image":"","background-repeat":"repeat","background-position":"center center","background-size":"auto","background-attachment":"scroll","background-type":"","background-media":"","overlay-type":"","overlay-color":"","overlay-opacity":"","overlay-gradient":""},"tablet":{"background-color":"var(--ast-global-color-5)","background-image":"","background-repeat":"repeat","background-position":"center center","background-size":"auto","background-attachment":"scroll","background-type":"","background-media":"","overlay-type":"","overlay-color":"","overlay-opacity":"","overlay-gradient":""},"mobile":{"background-color":"var(--ast-global-color-5)","background-image":"","background-repeat":"repeat","background-position":"center center","background-size":"auto","background-attachment":"scroll","background-type":"","background-media":"","overlay-type":"","overlay-color":"","overlay-opacity":"","overlay-gradient":""}},"_jetpack_memberships_contains_paid_content":false,"footnotes":""},"categories":[45],"tags":[23,54,249,47,40,61,159,184,120,51,140,256,46],"class_list":["post-8245","post","type-post","status-publish","format-standard","hentry","category-messestaende-mit-charakter","tag-ausstattung","tag-beschriftung","tag-messe-hannover","tag-messebanner","tag-messebau","tag-messebeschriftung","tag-messegrafik","tag-messelogistik","tag-messemontage","tag-messestand","tag-motivbanner","tag-riggbanner","tag-standbau"],"jetpack_featured_media_url":"","jetpack_sharing_enabled":true,"_links":{"self":[{"href":"https:\/\/kellerdesign.de\/index.php\/wp-json\/wp\/v2\/posts\/8245","targetHints":{"allow":["GET"]}}],"collection":[{"href":"https:\/\/kellerdesign.de\/index.php\/wp-json\/wp\/v2\/posts"}],"about":[{"href":"https:\/\/kellerdesign.de\/index.php\/wp-json\/wp\/v2\/types\/post"}],"author":[{"embeddable":true,"href":"https:\/\/kellerdesign.de\/index.php\/wp-json\/wp\/v2\/users\/1"}],"replies":[{"embeddable":true,"href":"https:\/\/kellerdesign.de\/index.php\/wp-json\/wp\/v2\/comments?post=8245"}],"version-history":[{"count":56,"href":"https:\/\/kellerdesign.de\/index.php\/wp-json\/wp\/v2\/posts\/8245\/revisions"}],"predecessor-version":[{"id":8304,"href":"https:\/\/kellerdesign.de\/index.php\/wp-json\/wp\/v2\/posts\/8245\/revisions\/8304"}],"wp:attachment":[{"href":"https:\/\/kellerdesign.de\/index.php\/wp-json\/wp\/v2\/media?parent=8245"}],"wp:term":[{"taxonomy":"category","embeddable":true,"href":"https:\/\/kellerdesign.de\/index.php\/wp-json\/wp\/v2\/categories?post=8245"},{"taxonomy":"post_tag","embeddable":true,"href":"https:\/\/kellerdesign.de\/index.php\/wp-json\/wp\/v2\/tags?post=8245"}],"curies":[{"name":"wp","href":"https:\/\/api.w.org\/{rel}","templated":true}]}}