{"id":8313,"date":"2023-09-27T11:00:26","date_gmt":"2023-09-27T09:00:26","guid":{"rendered":"https:\/\/kellerdesign.de\/?p=8313"},"modified":"2023-11-10T12:01:12","modified_gmt":"2023-11-10T11:01:12","slug":"powtech-2023-keller-messebau","status":"publish","type":"post","link":"https:\/\/kellerdesign.de\/index.php\/2023\/09\/27\/powtech-2023-keller-messebau\/","title":{"rendered":"POWTECH 2023 \u2013 Messebau in N\u00fcrnberg"},"content":{"rendered":"\n<p class=\"has-text-color\" style=\"color:#555555\">POWTECH 2023 vom 26. &#8211; 28. September <br><br><strong>Kooperation:<\/strong> <br>Werbeagentur Regelmann GmbH &amp; Co. KG <br><strong>Projektierung:<\/strong> <br>Regelmann und Keller Design <br><strong>Ausf\u00fchrung:<\/strong> <br>Keller Design \u2013 Messen &amp; Events \u2013 GmbH <br><br>POWTECH 2023: Die Messe f\u00fcr Verfahrenstechnik in N\u00fcrnberg. <br>Auf der POWTECH pr\u00e4sentieren Unternehmen ein breites Spektrum an technologischen L\u00f6sungen <br>zur Erzeugung und Verarbeitung von Pulver, Granulat, Sch\u00fcttgut, Fluids und Liquids.<br>An drei Tagen \u00f6ffnet die Messe in N\u00fcrnberg das Tor zum europ\u00e4ischen Markt und bietet einen kompakten <br>und umfassenden Einblick in die neuesten Entwicklungen und Trends im Bereich der F\u00f6rdertechnik und Verfahrenstechnik, f\u00fcr Aussteller und Besucher gleicherma\u00dfen, aus zahlreichen Branchen. <br><br>F\u00fcr die Firma <strong><a href=\"https:\/\/www.notter.com\/\" target=\"_blank\" rel=\"noopener\">Notter GmbH<\/a><\/strong> aus \u00d6lbronn-D\u00fcrrn haben wir erneut gemeinsam mit unserem Partner, <br>der Werbeagentur <strong><a href=\"https:\/\/www.regelmann.de\/\" target=\"_blank\" rel=\"noopener\">Regelmann GmbH &amp; Co. KG<\/a><\/strong> die Planung f\u00fcr den Standbau und die Ausgestaltung <br>auf der POWTECH 2023 in N\u00fcrnberg \u00fcbernommen. <br><br>Auf einer Standfl\u00e4che von 32 m\u00b2 entstand ein klares, harmonisches Gesamtbild. Wir verbauten wei\u00dfe Vorsatzplatten und drei gro\u00dfe Motivbanner. Die Riggbanner mit Firmenlogos sorgten f\u00fcr eine gute Fernwirkung. Die Vitrinen mit den LED-Monitoren garantierten eine perfekte Produktpr\u00e4sentation.\u00a0<br><br>Vielen Dank f\u00fcr die gute Zusammenarbeit.<\/p>\n\n\n\n<div style=\"height:25px\" aria-hidden=\"true\" class=\"wp-block-spacer\"><\/div>\n\n\n\n<div class=\"wp-block-columns is-layout-flex wp-container-core-columns-is-layout-28f84493 wp-block-columns-is-layout-flex\">\n<div class=\"wp-block-column is-layout-flow wp-block-column-is-layout-flow\">\n<figure class=\"wp-block-image size-full has-custom-border\"><a href=\"https:\/\/kellerdesign.de\/wp-content\/uploads\/2023\/09\/Keller-Design-Messen-Events-Standbau-Nuernberg-Powtech-1.jpg\" target=\"_blank\" rel=\"noreferrer noopener\"><img loading=\"lazy\" decoding=\"async\" width=\"345\" height=\"350\" src=\"https:\/\/kellerdesign.de\/wp-content\/uploads\/2023\/09\/Keller-Design-Messen-Events-Standbau-Nuernberg-Powtech-1.jpg\" alt=\"\" class=\"wp-image-8332\" style=\"border-radius:15px\" srcset=\"https:\/\/kellerdesign.de\/wp-content\/uploads\/2023\/09\/Keller-Design-Messen-Events-Standbau-Nuernberg-Powtech-1.jpg 345w, https:\/\/kellerdesign.de\/wp-content\/uploads\/2023\/09\/Keller-Design-Messen-Events-Standbau-Nuernberg-Powtech-1-296x300.jpg 296w\" sizes=\"auto, (max-width: 345px) 100vw, 345px\" \/><\/a><\/figure>\n<\/div>\n\n\n\n<div class=\"wp-block-column is-layout-flow wp-block-column-is-layout-flow\">\n<figure class=\"wp-block-image size-full has-custom-border\"><a href=\"https:\/\/kellerdesign.de\/wp-content\/uploads\/2023\/09\/Keller-Design-Messen-Events-Messe-Nuernberg-Powtech.jpg\" target=\"_blank\" rel=\"noreferrer noopener\"><img loading=\"lazy\" decoding=\"async\" width=\"345\" height=\"350\" src=\"https:\/\/kellerdesign.de\/wp-content\/uploads\/2023\/09\/Keller-Design-Messen-Events-Messe-Nuernberg-Powtech.jpg\" alt=\"powtech-2023-messebau-kellerdesign-nordschwarzwald\" class=\"wp-image-8330\" style=\"border-radius:15px\" srcset=\"https:\/\/kellerdesign.de\/wp-content\/uploads\/2023\/09\/Keller-Design-Messen-Events-Messe-Nuernberg-Powtech.jpg 345w, https:\/\/kellerdesign.de\/wp-content\/uploads\/2023\/09\/Keller-Design-Messen-Events-Messe-Nuernberg-Powtech-296x300.jpg 296w\" sizes=\"auto, (max-width: 345px) 100vw, 345px\" \/><\/a><\/figure>\n<\/div>\n<\/div>\n\n\n\n<div style=\"height:100px\" aria-hidden=\"true\" class=\"wp-block-spacer\"><\/div>\n\n\n\n<h6 class=\"wp-block-heading\"><em><a href=\"https:\/\/www.powtech.de\/de\" target=\"_blank\" rel=\"noopener\">POWTECH 2023<\/a><\/em><\/h6>\n","protected":false},"excerpt":{"rendered":"<p>POWTECH 2023 vom 26. &#8211; 28. September Kooperation: Werbeagentur Regelmann GmbH &amp; Co. KG Projektierung: Regelmann und Keller Design Ausf\u00fchrung: Keller Design \u2013 Messen &amp; Events \u2013 GmbH POWTECH 2023: Die Messe f\u00fcr Verfahrenstechnik in N\u00fcrnberg. Auf der POWTECH pr\u00e4sentieren Unternehmen ein breites Spektrum an technologischen L\u00f6sungen zur Erzeugung und Verarbeitung von Pulver, Granulat, Sch\u00fcttgut, [&hellip;]<\/p>\n","protected":false},"author":1,"featured_media":0,"comment_status":"closed","ping_status":"open","sticky":false,"template":"","format":"standard","meta":{"_coblocks_attr":"","_coblocks_dimensions":"","_coblocks_responsive_height":"","_coblocks_accordion_ie_support":"","site-sidebar-layout":"default","site-content-layout":"","ast-site-content-layout":"default","site-content-style":"default","site-sidebar-style":"default","ast-global-header-display":"","ast-banner-title-visibility":"","ast-main-header-display":"","ast-hfb-above-header-display":"","ast-hfb-below-header-display":"","ast-hfb-mobile-header-display":"","site-post-title":"","ast-breadcrumbs-content":"","ast-featured-img":"","footer-sml-layout":"","ast-disable-related-posts":"","theme-transparent-header-meta":"","adv-header-id-meta":"","stick-header-meta":"","header-above-stick-meta":"","header-main-stick-meta":"","header-below-stick-meta":"","astra-migrate-meta-layouts":"set","ast-page-background-enabled":"default","ast-page-background-meta":{"desktop":{"background-color":"","background-image":"","background-repeat":"repeat","background-position":"center center","background-size":"auto","background-attachment":"scroll","background-type":"","background-media":"","overlay-type":"","overlay-color":"","overlay-opacity":"","overlay-gradient":""},"tablet":{"background-color":"","background-image":"","background-repeat":"repeat","background-position":"center center","background-size":"auto","background-attachment":"scroll","background-type":"","background-media":"","overlay-type":"","overlay-color":"","overlay-opacity":"","overlay-gradient":""},"mobile":{"background-color":"","background-image":"","background-repeat":"repeat","background-position":"center center","background-size":"auto","background-attachment":"scroll","background-type":"","background-media":"","overlay-type":"","overlay-color":"","overlay-opacity":"","overlay-gradient":""}},"ast-content-background-meta":{"desktop":{"background-color":"var(--ast-global-color-5)","background-image":"","background-repeat":"repeat","background-position":"center center","background-size":"auto","background-attachment":"scroll","background-type":"","background-media":"","overlay-type":"","overlay-color":"","overlay-opacity":"","overlay-gradient":""},"tablet":{"background-color":"var(--ast-global-color-5)","background-image":"","background-repeat":"repeat","background-position":"center center","background-size":"auto","background-attachment":"scroll","background-type":"","background-media":"","overlay-type":"","overlay-color":"","overlay-opacity":"","overlay-gradient":""},"mobile":{"background-color":"var(--ast-global-color-5)","background-image":"","background-repeat":"repeat","background-position":"center center","background-size":"auto","background-attachment":"scroll","background-type":"","background-media":"","overlay-type":"","overlay-color":"","overlay-opacity":"","overlay-gradient":""}},"_jetpack_memberships_contains_paid_content":false,"footnotes":""},"categories":[45],"tags":[23,54,134,73,147,47,40,61,159,184,51,140,256,46],"class_list":["post-8313","post","type-post","status-publish","format-standard","hentry","category-messestaende-mit-charakter","tag-ausstattung","tag-beschriftung","tag-logistik","tag-messe","tag-messe-nuernberg","tag-messebanner","tag-messebau","tag-messebeschriftung","tag-messegrafik","tag-messelogistik","tag-messestand","tag-motivbanner","tag-riggbanner","tag-standbau"],"jetpack_featured_media_url":"","jetpack_sharing_enabled":true,"_links":{"self":[{"href":"https:\/\/kellerdesign.de\/index.php\/wp-json\/wp\/v2\/posts\/8313","targetHints":{"allow":["GET"]}}],"collection":[{"href":"https:\/\/kellerdesign.de\/index.php\/wp-json\/wp\/v2\/posts"}],"about":[{"href":"https:\/\/kellerdesign.de\/index.php\/wp-json\/wp\/v2\/types\/post"}],"author":[{"embeddable":true,"href":"https:\/\/kellerdesign.de\/index.php\/wp-json\/wp\/v2\/users\/1"}],"replies":[{"embeddable":true,"href":"https:\/\/kellerdesign.de\/index.php\/wp-json\/wp\/v2\/comments?post=8313"}],"version-history":[{"count":20,"href":"https:\/\/kellerdesign.de\/index.php\/wp-json\/wp\/v2\/posts\/8313\/revisions"}],"predecessor-version":[{"id":8492,"href":"https:\/\/kellerdesign.de\/index.php\/wp-json\/wp\/v2\/posts\/8313\/revisions\/8492"}],"wp:attachment":[{"href":"https:\/\/kellerdesign.de\/index.php\/wp-json\/wp\/v2\/media?parent=8313"}],"wp:term":[{"taxonomy":"category","embeddable":true,"href":"https:\/\/kellerdesign.de\/index.php\/wp-json\/wp\/v2\/categories?post=8313"},{"taxonomy":"post_tag","embeddable":true,"href":"https:\/\/kellerdesign.de\/index.php\/wp-json\/wp\/v2\/tags?post=8313"}],"curies":[{"name":"wp","href":"https:\/\/api.w.org\/{rel}","templated":true}]}}