{"id":8338,"date":"2023-09-29T10:00:00","date_gmt":"2023-09-29T08:00:00","guid":{"rendered":"https:\/\/kellerdesign.de\/?p=8338"},"modified":"2025-08-11T10:21:18","modified_gmt":"2025-08-11T08:21:18","slug":"betriebsversammlung-2023","status":"publish","type":"post","link":"https:\/\/kellerdesign.de\/index.php\/2023\/09\/29\/betriebsversammlung-2023\/","title":{"rendered":"Betriebsversammlung 2023 in Sindelfingen"},"content":{"rendered":"\n<p class=\"has-text-color\" style=\"color:#555555\">Betriebsversammlung 2023 \u2013 vom 19.-22. September <br><br>Seit nunmehr \u00fcber 23 Jahren sind wir jedes Jahr im September ein zuverl\u00e4ssiger Partner f\u00fcr eine gro\u00dfe Betriebsversammlung in Sindelfingen. <br>Da diese Veranstaltung in mehreren Geb\u00e4uden parallel stattfindet, bedarf es einer guten Planung <br>von Logistik und Personal, um einen reibungslosen Ablauf gew\u00e4hrleisten zu k\u00f6nnen.<br>Es wurden von uns sehr viele Sitzpl\u00e4tze in Form von Bierb\u00e4nken und Reihenbestuhlungen bereitgestellt. <br>Die Beschilderung und die Wegleitsysteme wurden von uns produziert und aufgebaut. <br>F\u00fcr die vielen Cateringstationen haben wir alle notwendigen Mietm\u00f6bel zur Verf\u00fcgung gestellt. <br>Umbauten und R\u00fcckbauten aufgrund der Veranstaltung z\u00e4hlten ebenfalls zu unseren Aufgaben.<br>Gemeinschaftlich haben wir auch dieses Jahr die Herausforderung gut gemeistert. <br><br>Vielen Dank f\u00fcr den Auftrag. <br><br><br><strong>Sie planen ein Event? <\/strong><br>Bei Keller Design bekommen Sie alles aus einer Hand \u2013 zuverl\u00e4ssig, kreativ und unkompliziert. <a href=\"https:\/\/www.instagram.com\/kd_messe.event\/?hl=de\" target=\"_blank\" rel=\"noreferrer noopener\"><img loading=\"lazy\" decoding=\"async\" width=\"25\" height=\"25\" class=\"wp-image-12115\" style=\"width: 25px;\" src=\"https:\/\/kellerdesign.de\/wp-content\/uploads\/2025\/05\/symbol-haekchen-keller-design.jpg\" alt=\"\"><\/a><\/p>\n\n\n\n<div style=\"height:25px\" aria-hidden=\"true\" class=\"wp-block-spacer\"><\/div>\n\n\n\n<div class=\"wp-block-columns is-layout-flex wp-container-core-columns-is-layout-28f84493 wp-block-columns-is-layout-flex\">\n<div class=\"wp-block-column is-layout-flow wp-block-column-is-layout-flow\">\n<figure class=\"wp-block-image size-full has-custom-border\"><a href=\"https:\/\/kellerdesign.de\/wp-content\/uploads\/2023\/09\/Keller-Design-Messen-Events-Logistik-Fuhrpark.jpg\" target=\"_blank\" rel=\"noreferrer noopener\"><img loading=\"lazy\" decoding=\"async\" width=\"500\" height=\"350\" src=\"https:\/\/kellerdesign.de\/wp-content\/uploads\/2023\/09\/Keller-Design-Messen-Events-Logistik-Fuhrpark.jpg\" alt=\"betriebsversammlung-2023-fuhrpark-logistik\" class=\"wp-image-8337\" style=\"border-radius:15px\" srcset=\"https:\/\/kellerdesign.de\/wp-content\/uploads\/2023\/09\/Keller-Design-Messen-Events-Logistik-Fuhrpark.jpg 500w, https:\/\/kellerdesign.de\/wp-content\/uploads\/2023\/09\/Keller-Design-Messen-Events-Logistik-Fuhrpark-300x210.jpg 300w\" sizes=\"auto, (max-width: 500px) 100vw, 500px\" \/><\/a><\/figure>\n<\/div>\n\n\n\n<div class=\"wp-block-column is-layout-flow wp-block-column-is-layout-flow\">\n<figure class=\"wp-block-image size-full has-custom-border\"><a href=\"https:\/\/kellerdesign.de\/wp-content\/uploads\/2023\/09\/Keller-Design-Messen-Events-Betriebsversammlung-Aufbau-Bierbaenke.jpg\" target=\"_blank\" rel=\"noreferrer noopener\"><img loading=\"lazy\" decoding=\"async\" width=\"500\" height=\"350\" src=\"https:\/\/kellerdesign.de\/wp-content\/uploads\/2023\/09\/Keller-Design-Messen-Events-Betriebsversammlung-Aufbau-Bierbaenke.jpg\" alt=\"betriebsversammlung-2023-aufbau-bierbaenke\" class=\"wp-image-8336\" style=\"border-radius:15px\" srcset=\"https:\/\/kellerdesign.de\/wp-content\/uploads\/2023\/09\/Keller-Design-Messen-Events-Betriebsversammlung-Aufbau-Bierbaenke.jpg 500w, https:\/\/kellerdesign.de\/wp-content\/uploads\/2023\/09\/Keller-Design-Messen-Events-Betriebsversammlung-Aufbau-Bierbaenke-300x210.jpg 300w\" sizes=\"auto, (max-width: 500px) 100vw, 500px\" \/><\/a><\/figure>\n<\/div>\n\n\n\n<div class=\"wp-block-column is-layout-flow wp-block-column-is-layout-flow\">\n<figure class=\"wp-block-image size-full has-custom-border\"><a href=\"https:\/\/kellerdesign.de\/wp-content\/uploads\/2023\/09\/Keller-Design-Messen-Events-Betriebsversammlung-Bierbaenke-Transport.jpg\" target=\"_blank\" rel=\"noreferrer noopener\"><img loading=\"lazy\" decoding=\"async\" width=\"500\" height=\"350\" src=\"https:\/\/kellerdesign.de\/wp-content\/uploads\/2023\/09\/Keller-Design-Messen-Events-Betriebsversammlung-Bierbaenke-Transport.jpg\" alt=\"betriebsversammlung-2023-transport-logistik\" class=\"wp-image-8335\" style=\"border-radius:15px\" srcset=\"https:\/\/kellerdesign.de\/wp-content\/uploads\/2023\/09\/Keller-Design-Messen-Events-Betriebsversammlung-Bierbaenke-Transport.jpg 500w, https:\/\/kellerdesign.de\/wp-content\/uploads\/2023\/09\/Keller-Design-Messen-Events-Betriebsversammlung-Bierbaenke-Transport-300x210.jpg 300w\" sizes=\"auto, (max-width: 500px) 100vw, 500px\" \/><\/a><\/figure>\n<\/div>\n<\/div>\n\n\n\n<div style=\"height:100px\" aria-hidden=\"true\" class=\"wp-block-spacer\"><\/div>\n\n\n\n<h6 class=\"wp-block-heading\"><em><a href=\"https:\/\/kellerdesign.de\/index.php\/events\/galerie-events-kellerdesign\/\">Betriebsversammlung 2023<\/a><\/em><\/h6>\n","protected":false},"excerpt":{"rendered":"<p>Betriebsversammlung 2023 \u2013 vom 19.-22. September Seit nunmehr \u00fcber 23 Jahren sind wir jedes Jahr im September ein zuverl\u00e4ssiger Partner f\u00fcr eine gro\u00dfe Betriebsversammlung in Sindelfingen. Da diese Veranstaltung in mehreren Geb\u00e4uden parallel stattfindet, bedarf es einer guten Planung von Logistik und Personal, um einen reibungslosen Ablauf gew\u00e4hrleisten zu k\u00f6nnen.Es wurden von uns sehr viele [&hellip;]<\/p>\n","protected":false},"author":1,"featured_media":0,"comment_status":"closed","ping_status":"open","sticky":false,"template":"","format":"standard","meta":{"_coblocks_attr":"","_coblocks_dimensions":"","_coblocks_responsive_height":"","_coblocks_accordion_ie_support":"","site-sidebar-layout":"default","site-content-layout":"","ast-site-content-layout":"default","site-content-style":"default","site-sidebar-style":"default","ast-global-header-display":"","ast-banner-title-visibility":"","ast-main-header-display":"","ast-hfb-above-header-display":"","ast-hfb-below-header-display":"","ast-hfb-mobile-header-display":"","site-post-title":"","ast-breadcrumbs-content":"","ast-featured-img":"","footer-sml-layout":"","ast-disable-related-posts":"","theme-transparent-header-meta":"","adv-header-id-meta":"","stick-header-meta":"","header-above-stick-meta":"","header-main-stick-meta":"","header-below-stick-meta":"","astra-migrate-meta-layouts":"set","ast-page-background-enabled":"default","ast-page-background-meta":{"desktop":{"background-color":"","background-image":"","background-repeat":"repeat","background-position":"center center","background-size":"auto","background-attachment":"scroll","background-type":"","background-media":"","overlay-type":"","overlay-color":"","overlay-opacity":"","overlay-gradient":""},"tablet":{"background-color":"","background-image":"","background-repeat":"repeat","background-position":"center center","background-size":"auto","background-attachment":"scroll","background-type":"","background-media":"","overlay-type":"","overlay-color":"","overlay-opacity":"","overlay-gradient":""},"mobile":{"background-color":"","background-image":"","background-repeat":"repeat","background-position":"center center","background-size":"auto","background-attachment":"scroll","background-type":"","background-media":"","overlay-type":"","overlay-color":"","overlay-opacity":"","overlay-gradient":""}},"ast-content-background-meta":{"desktop":{"background-color":"var(--ast-global-color-5)","background-image":"","background-repeat":"repeat","background-position":"center center","background-size":"auto","background-attachment":"scroll","background-type":"","background-media":"","overlay-type":"","overlay-color":"","overlay-opacity":"","overlay-gradient":""},"tablet":{"background-color":"var(--ast-global-color-5)","background-image":"","background-repeat":"repeat","background-position":"center center","background-size":"auto","background-attachment":"scroll","background-type":"","background-media":"","overlay-type":"","overlay-color":"","overlay-opacity":"","overlay-gradient":""},"mobile":{"background-color":"var(--ast-global-color-5)","background-image":"","background-repeat":"repeat","background-position":"center center","background-size":"auto","background-attachment":"scroll","background-type":"","background-media":"","overlay-type":"","overlay-color":"","overlay-opacity":"","overlay-gradient":""}},"_jetpack_memberships_contains_paid_content":false,"footnotes":""},"categories":[49],"tags":[105,54,59,280,66,155,178,58,134,102,281],"class_list":["post-8338","post","type-post","status-publish","format-standard","hentry","category-events-die-bleiben","tag-beschilderung","tag-beschriftung","tag-bestuhlung","tag-betriebsversammlung","tag-bierbaenke","tag-eventausstattung","tag-eventlogistik","tag-eventservice","tag-logistik","tag-montage","tag-reihenbestuhlungen"],"jetpack_featured_media_url":"","jetpack_sharing_enabled":true,"_links":{"self":[{"href":"https:\/\/kellerdesign.de\/index.php\/wp-json\/wp\/v2\/posts\/8338","targetHints":{"allow":["GET"]}}],"collection":[{"href":"https:\/\/kellerdesign.de\/index.php\/wp-json\/wp\/v2\/posts"}],"about":[{"href":"https:\/\/kellerdesign.de\/index.php\/wp-json\/wp\/v2\/types\/post"}],"author":[{"embeddable":true,"href":"https:\/\/kellerdesign.de\/index.php\/wp-json\/wp\/v2\/users\/1"}],"replies":[{"embeddable":true,"href":"https:\/\/kellerdesign.de\/index.php\/wp-json\/wp\/v2\/comments?post=8338"}],"version-history":[{"count":10,"href":"https:\/\/kellerdesign.de\/index.php\/wp-json\/wp\/v2\/posts\/8338\/revisions"}],"predecessor-version":[{"id":13013,"href":"https:\/\/kellerdesign.de\/index.php\/wp-json\/wp\/v2\/posts\/8338\/revisions\/13013"}],"wp:attachment":[{"href":"https:\/\/kellerdesign.de\/index.php\/wp-json\/wp\/v2\/media?parent=8338"}],"wp:term":[{"taxonomy":"category","embeddable":true,"href":"https:\/\/kellerdesign.de\/index.php\/wp-json\/wp\/v2\/categories?post=8338"},{"taxonomy":"post_tag","embeddable":true,"href":"https:\/\/kellerdesign.de\/index.php\/wp-json\/wp\/v2\/tags?post=8338"}],"curies":[{"name":"wp","href":"https:\/\/api.w.org\/{rel}","templated":true}]}}