{"id":8406,"date":"2023-11-13T15:00:00","date_gmt":"2023-11-13T14:00:00","guid":{"rendered":"https:\/\/kellerdesign.de\/?p=8406"},"modified":"2023-11-16T09:42:13","modified_gmt":"2023-11-16T08:42:13","slug":"169-quadratmeter-messebau","status":"publish","type":"post","link":"https:\/\/kellerdesign.de\/index.php\/2023\/11\/13\/169-quadratmeter-messebau\/","title":{"rendered":"169 Quadratmeter Messebau \u2013 Heimspiel in Stuttgart"},"content":{"rendered":"\n<p class=\"has-text-color\" style=\"color:#555555\">169 Quadratmeter Messebau \u2013 Blechexpo in Stuttgart vom 07.-10.11.2023 <br><br>Die <strong><a href=\"https:\/\/www.blechexpo-messe.de\/\" target=\"_blank\" rel=\"noreferrer noopener\">Blechexpo<\/a><\/strong> ist eine internationale Fachmesse f\u00fcr die Blechbearbeitung und findet alle zwei Jahre <br>in Stuttgart statt. Eine Vielzahl an internationalen Ausstellern pr\u00e4sentiert auf der Messe in Stuttgart <br>ihre Produkte und Dienstleistungen. Die Messe spricht alle Experten von der Konstruktion von Blechteilen, Blechbaugruppen und Apparaten bis zur Herstellung, zum Finish und der Teilereinigung vor der Oberfl\u00e4chenbehandlung an. Zudem bietet die Blechexpo in Stuttgart auch Informations- <br>und Kommunikationsm\u00f6glichkeiten an. <br><br>Insgesamt betreuen wir dieses Jahr vier Kunden auf der Messe. Zwei dieser Kunden bringen wieder eine Zusammenarbeit mit unserem Partner, der <strong><a href=\"https:\/\/www.hasenmaile.de\/\" target=\"_blank\" rel=\"noreferrer noopener\">Hasenmaile Unternehmenspr\u00e4sentation<\/a><\/strong> aus Rutesheim, mit sich, <br>was uns sehr freut. <br><br>Einmal f\u00fcr die Firma <strong><a href=\"https:\/\/www.wicam.com\/\" target=\"_blank\" rel=\"noreferrer noopener\">WICAM<\/a><\/strong>, f\u00fcr die wir bereits in der Vergangenheit \u00f6fter t\u00e4tig waren und erstmals f\u00fcr die Firma <strong><a href=\"https:\/\/www.spi.de\/de\/\" target=\"_blank\" rel=\"noreferrer noopener\">SPI GmbH<\/a><\/strong>. Die Konzeption f\u00fcr diese beiden Kunden hat die Firma Hasenmaile \u00fcbernommen und wir den Standbau. <br><br>Dar\u00fcber hinaus haben wir f\u00fcr die Firma <strong><a href=\"https:\/\/waidner-stanztechnik.de\/\" target=\"_blank\" rel=\"noreferrer noopener\">Thomas Waidner GmbH<\/a><\/strong> aus Tiefenbronn und f\u00fcr die Firma <strong><a href=\"https:\/\/www.marquardt-stanzteile.de\/\" target=\"_blank\" rel=\"noreferrer noopener\">Marquardt Metallwaren und Werkzeugbau GmbH<\/a><\/strong> die Planung, Vorbereitung und den Standbau \u00fcbernommen. <br><br>VIELEN DANK f\u00fcr das Vertrauen in unsere Arbeit. <br><\/p>\n\n\n\n<div style=\"height:25px\" aria-hidden=\"true\" class=\"wp-block-spacer\"><\/div>\n\n\n\n<div class=\"wp-block-columns is-layout-flex wp-container-core-columns-is-layout-28f84493 wp-block-columns-is-layout-flex\">\n<div class=\"wp-block-column is-layout-flow wp-block-column-is-layout-flow\">\n<figure class=\"wp-block-image size-full has-custom-border\"><a href=\"https:\/\/kellerdesign.de\/wp-content\/uploads\/2023\/11\/Keller-Design-Messen-Events-Standbau-Stuttgart-30m\u00b2.jpg\" target=\"_blank\" rel=\"noreferrer noopener\"><img loading=\"lazy\" decoding=\"async\" width=\"500\" height=\"380\" src=\"https:\/\/kellerdesign.de\/wp-content\/uploads\/2023\/11\/Keller-Design-Messen-Events-Standbau-Stuttgart-30m\u00b2.jpg\" alt=\"169-quadratmeter-messebau-heimspiel-blechexpo-stuttgart\" class=\"wp-image-8497\" style=\"border-radius:15px\" srcset=\"https:\/\/kellerdesign.de\/wp-content\/uploads\/2023\/11\/Keller-Design-Messen-Events-Standbau-Stuttgart-30m\u00b2.jpg 500w, https:\/\/kellerdesign.de\/wp-content\/uploads\/2023\/11\/Keller-Design-Messen-Events-Standbau-Stuttgart-30m\u00b2-300x228.jpg 300w\" sizes=\"auto, (max-width: 500px) 100vw, 500px\" \/><\/a><figcaption class=\"wp-element-caption\"><sup>Thomas Waidner GmbH, 30 m\u00b2<\/sup><\/figcaption><\/figure>\n<\/div>\n\n\n\n<div class=\"wp-block-column is-layout-flow wp-block-column-is-layout-flow\">\n<figure class=\"wp-block-image size-full has-custom-border\"><a href=\"https:\/\/kellerdesign.de\/wp-content\/uploads\/2023\/11\/Keller-Design-Messen-Events-Messebau-Stuttgart-30m\u00b2.jpg\" target=\"_blank\" rel=\"noreferrer noopener\"><img loading=\"lazy\" decoding=\"async\" width=\"500\" height=\"380\" src=\"https:\/\/kellerdesign.de\/wp-content\/uploads\/2023\/11\/Keller-Design-Messen-Events-Messebau-Stuttgart-30m\u00b2.jpg\" alt=\"169-quadratmeter-messebau-heimspiel-in-Stuttgart\" class=\"wp-image-8493\" style=\"border-radius:15px\" srcset=\"https:\/\/kellerdesign.de\/wp-content\/uploads\/2023\/11\/Keller-Design-Messen-Events-Messebau-Stuttgart-30m\u00b2.jpg 500w, https:\/\/kellerdesign.de\/wp-content\/uploads\/2023\/11\/Keller-Design-Messen-Events-Messebau-Stuttgart-30m\u00b2-300x228.jpg 300w\" sizes=\"auto, (max-width: 500px) 100vw, 500px\" \/><\/a><\/figure>\n<\/div>\n\n\n\n<div class=\"wp-block-column is-layout-flow wp-block-column-is-layout-flow\"><\/div>\n<\/div>\n\n\n\n<div style=\"height:25px\" aria-hidden=\"true\" class=\"wp-block-spacer\"><\/div>\n\n\n\n<div class=\"wp-block-columns is-layout-flex wp-container-core-columns-is-layout-28f84493 wp-block-columns-is-layout-flex\">\n<div class=\"wp-block-column is-layout-flow wp-block-column-is-layout-flow\">\n<figure class=\"wp-block-image size-full has-custom-border\"><a href=\"https:\/\/kellerdesign.de\/wp-content\/uploads\/2023\/11\/Keller-Design-Messen-Events-Messebau-Stuttgart-Komaktbau.jpg\" target=\"_blank\" rel=\"noreferrer noopener\"><img loading=\"lazy\" decoding=\"async\" width=\"500\" height=\"380\" src=\"https:\/\/kellerdesign.de\/wp-content\/uploads\/2023\/11\/Keller-Design-Messen-Events-Messebau-Stuttgart-Komaktbau.jpg\" alt=\"169-Quadratmeter-Messebau-Heimspiel-in-Stuttgart\" class=\"wp-image-8494\" style=\"border-radius:15px\" srcset=\"https:\/\/kellerdesign.de\/wp-content\/uploads\/2023\/11\/Keller-Design-Messen-Events-Messebau-Stuttgart-Komaktbau.jpg 500w, https:\/\/kellerdesign.de\/wp-content\/uploads\/2023\/11\/Keller-Design-Messen-Events-Messebau-Stuttgart-Komaktbau-300x228.jpg 300w\" sizes=\"auto, (max-width: 500px) 100vw, 500px\" \/><\/a><figcaption class=\"wp-element-caption\"><sup>Marquardt Metallwaren und <\/sup><br><sup>Werkzeugbau GmbH, 16 m\u00b2<\/sup><\/figcaption><\/figure>\n<\/div>\n\n\n\n<div class=\"wp-block-column is-layout-flow wp-block-column-is-layout-flow\">\n<figure class=\"wp-block-image size-full has-custom-border\"><a href=\"https:\/\/kellerdesign.de\/wp-content\/uploads\/2023\/11\/Keller-Design-Messen-Events-Standbau-Stuttgart-Kompaktstand.jpg\" target=\"_blank\" rel=\"noreferrer noopener\"><img loading=\"lazy\" decoding=\"async\" width=\"500\" height=\"380\" src=\"https:\/\/kellerdesign.de\/wp-content\/uploads\/2023\/11\/Keller-Design-Messen-Events-Standbau-Stuttgart-Kompaktstand.jpg\" alt=\"169-Quadratmeter-Messebau-Stuttgart-Blechexpo\" class=\"wp-image-8498\" style=\"border-radius:15px\" srcset=\"https:\/\/kellerdesign.de\/wp-content\/uploads\/2023\/11\/Keller-Design-Messen-Events-Standbau-Stuttgart-Kompaktstand.jpg 500w, https:\/\/kellerdesign.de\/wp-content\/uploads\/2023\/11\/Keller-Design-Messen-Events-Standbau-Stuttgart-Kompaktstand-300x228.jpg 300w\" sizes=\"auto, (max-width: 500px) 100vw, 500px\" \/><\/a><\/figure>\n<\/div>\n\n\n\n<div class=\"wp-block-column is-layout-flow wp-block-column-is-layout-flow\"><\/div>\n<\/div>\n\n\n\n<div style=\"height:25px\" aria-hidden=\"true\" class=\"wp-block-spacer\"><\/div>\n\n\n\n<div class=\"wp-block-columns is-layout-flex wp-container-core-columns-is-layout-28f84493 wp-block-columns-is-layout-flex\">\n<div class=\"wp-block-column is-layout-flow wp-block-column-is-layout-flow\">\n<div class=\"wp-block-columns is-layout-flex wp-container-core-columns-is-layout-28f84493 wp-block-columns-is-layout-flex\">\n<div class=\"wp-block-column is-layout-flow wp-block-column-is-layout-flow\">\n<figure class=\"wp-block-image size-full has-custom-border\"><a href=\"https:\/\/kellerdesign.de\/wp-content\/uploads\/2023\/11\/Keller-Design-Messen-Events-Messebau-Stuttgart-75m\u00b2.jpg\" target=\"_blank\" rel=\"noreferrer noopener\"><img loading=\"lazy\" decoding=\"async\" width=\"500\" height=\"293\" src=\"https:\/\/kellerdesign.de\/wp-content\/uploads\/2023\/11\/Keller-Design-Messen-Events-Messebau-Stuttgart-75m\u00b2.jpg\" alt=\"\" class=\"wp-image-8561\" style=\"border-radius:15px\" srcset=\"https:\/\/kellerdesign.de\/wp-content\/uploads\/2023\/11\/Keller-Design-Messen-Events-Messebau-Stuttgart-75m\u00b2.jpg 500w, https:\/\/kellerdesign.de\/wp-content\/uploads\/2023\/11\/Keller-Design-Messen-Events-Messebau-Stuttgart-75m\u00b2-300x176.jpg 300w\" sizes=\"auto, (max-width: 500px) 100vw, 500px\" \/><\/a><figcaption class=\"wp-element-caption\"><sup>WICAM GmbH, 75 m\u00b2<\/sup><br><sup><strong>Konzept &amp; Design:<\/strong> <\/sup><br><sup>Hasenmaile Unternehmenspr\u00e4sentation <br><strong>Ausf\u00fchrung:<\/strong> <\/sup><br><sup>Keller Design &#8211; Messen &amp; Events &#8211; GmbH<\/sup><\/figcaption><\/figure>\n<\/div>\n<\/div>\n<\/div>\n<\/div>\n\n\n\n<div class=\"wp-block-columns is-layout-flex wp-container-core-columns-is-layout-28f84493 wp-block-columns-is-layout-flex\">\n<div class=\"wp-block-column is-layout-flow wp-block-column-is-layout-flow\">\n<figure class=\"wp-block-image size-full is-resized has-custom-border\"><a href=\"https:\/\/kellerdesign.de\/wp-content\/uploads\/2023\/11\/Keller-Design-Messen-Events-Stuttgart-Messebau-48m\u00b2.jpg\" target=\"_blank\" rel=\"noreferrer noopener\"><img loading=\"lazy\" decoding=\"async\" width=\"500\" height=\"351\" src=\"https:\/\/kellerdesign.de\/wp-content\/uploads\/2023\/11\/Keller-Design-Messen-Events-Stuttgart-Messebau-48m\u00b2.jpg\" alt=\"\" class=\"wp-image-8563\" style=\"border-radius:15px;width:500px;height:auto\" srcset=\"https:\/\/kellerdesign.de\/wp-content\/uploads\/2023\/11\/Keller-Design-Messen-Events-Stuttgart-Messebau-48m\u00b2.jpg 500w, https:\/\/kellerdesign.de\/wp-content\/uploads\/2023\/11\/Keller-Design-Messen-Events-Stuttgart-Messebau-48m\u00b2-300x211.jpg 300w\" sizes=\"auto, (max-width: 500px) 100vw, 500px\" \/><\/a><figcaption class=\"wp-element-caption\"><sup>SPI GmbH, 48 m\u00b2<\/sup><br><sup><strong>Konzept &amp; Design:<\/strong> <\/sup><br><sup>Hasenmaile Unternehmenspr\u00e4sentation <br><strong>Ausf\u00fchrung:<\/strong> <\/sup><br><sup>Keller Design &#8211; Messen &amp; Events &#8211; GmbH<\/sup><\/figcaption><\/figure>\n<\/div>\n<\/div>\n\n\n\n<div style=\"height:100px\" aria-hidden=\"true\" class=\"wp-block-spacer\"><\/div>\n\n\n\n<h6 class=\"wp-block-heading\"><em><a href=\"https:\/\/kellerdesign.de\/index.php\/2023\/10\/05\/14-messestaende-1-monat\/\">169 Quadratmeter Messebau<\/a><\/em><\/h6>\n","protected":false},"excerpt":{"rendered":"<p>169 Quadratmeter Messebau \u2013 Blechexpo in Stuttgart vom 07.-10.11.2023 Die Blechexpo ist eine internationale Fachmesse f\u00fcr die Blechbearbeitung und findet alle zwei Jahre in Stuttgart statt. Eine Vielzahl an internationalen Ausstellern pr\u00e4sentiert auf der Messe in Stuttgart ihre Produkte und Dienstleistungen. Die Messe spricht alle Experten von der Konstruktion von Blechteilen, Blechbaugruppen und Apparaten bis [&hellip;]<\/p>\n","protected":false},"author":1,"featured_media":0,"comment_status":"closed","ping_status":"open","sticky":false,"template":"","format":"standard","meta":{"_coblocks_attr":"","_coblocks_dimensions":"","_coblocks_responsive_height":"","_coblocks_accordion_ie_support":"","site-sidebar-layout":"default","site-content-layout":"","ast-site-content-layout":"default","site-content-style":"default","site-sidebar-style":"default","ast-global-header-display":"","ast-banner-title-visibility":"","ast-main-header-display":"","ast-hfb-above-header-display":"","ast-hfb-below-header-display":"","ast-hfb-mobile-header-display":"","site-post-title":"","ast-breadcrumbs-content":"","ast-featured-img":"","footer-sml-layout":"","ast-disable-related-posts":"","theme-transparent-header-meta":"","adv-header-id-meta":"","stick-header-meta":"","header-above-stick-meta":"","header-main-stick-meta":"","header-below-stick-meta":"","astra-migrate-meta-layouts":"set","ast-page-background-enabled":"default","ast-page-background-meta":{"desktop":{"background-color":"","background-image":"","background-repeat":"repeat","background-position":"center center","background-size":"auto","background-attachment":"scroll","background-type":"","background-media":"","overlay-type":"","overlay-color":"","overlay-opacity":"","overlay-gradient":""},"tablet":{"background-color":"","background-image":"","background-repeat":"repeat","background-position":"center center","background-size":"auto","background-attachment":"scroll","background-type":"","background-media":"","overlay-type":"","overlay-color":"","overlay-opacity":"","overlay-gradient":""},"mobile":{"background-color":"","background-image":"","background-repeat":"repeat","background-position":"center center","background-size":"auto","background-attachment":"scroll","background-type":"","background-media":"","overlay-type":"","overlay-color":"","overlay-opacity":"","overlay-gradient":""}},"ast-content-background-meta":{"desktop":{"background-color":"var(--ast-global-color-5)","background-image":"","background-repeat":"repeat","background-position":"center center","background-size":"auto","background-attachment":"scroll","background-type":"","background-media":"","overlay-type":"","overlay-color":"","overlay-opacity":"","overlay-gradient":""},"tablet":{"background-color":"var(--ast-global-color-5)","background-image":"","background-repeat":"repeat","background-position":"center center","background-size":"auto","background-attachment":"scroll","background-type":"","background-media":"","overlay-type":"","overlay-color":"","overlay-opacity":"","overlay-gradient":""},"mobile":{"background-color":"var(--ast-global-color-5)","background-image":"","background-repeat":"repeat","background-position":"center center","background-size":"auto","background-attachment":"scroll","background-type":"","background-media":"","overlay-type":"","overlay-color":"","overlay-opacity":"","overlay-gradient":""}},"_jetpack_memberships_contains_paid_content":false,"footnotes":""},"categories":[45],"tags":[23,54,283,73,142,182,47,40,282,61,159,184,273,51,140,46],"class_list":["post-8406","post","type-post","status-publish","format-standard","hentry","category-messestaende-mit-charakter","tag-ausstattung","tag-beschriftung","tag-heimspiel-stuttgart","tag-messe","tag-messe-stuttgart","tag-messeausstattung","tag-messebanner","tag-messebau","tag-messebau-stuttgart","tag-messebeschriftung","tag-messegrafik","tag-messelogistik","tag-messemarathon","tag-messestand","tag-motivbanner","tag-standbau"],"jetpack_featured_media_url":"","jetpack_sharing_enabled":true,"_links":{"self":[{"href":"https:\/\/kellerdesign.de\/index.php\/wp-json\/wp\/v2\/posts\/8406","targetHints":{"allow":["GET"]}}],"collection":[{"href":"https:\/\/kellerdesign.de\/index.php\/wp-json\/wp\/v2\/posts"}],"about":[{"href":"https:\/\/kellerdesign.de\/index.php\/wp-json\/wp\/v2\/types\/post"}],"author":[{"embeddable":true,"href":"https:\/\/kellerdesign.de\/index.php\/wp-json\/wp\/v2\/users\/1"}],"replies":[{"embeddable":true,"href":"https:\/\/kellerdesign.de\/index.php\/wp-json\/wp\/v2\/comments?post=8406"}],"version-history":[{"count":53,"href":"https:\/\/kellerdesign.de\/index.php\/wp-json\/wp\/v2\/posts\/8406\/revisions"}],"predecessor-version":[{"id":8564,"href":"https:\/\/kellerdesign.de\/index.php\/wp-json\/wp\/v2\/posts\/8406\/revisions\/8564"}],"wp:attachment":[{"href":"https:\/\/kellerdesign.de\/index.php\/wp-json\/wp\/v2\/media?parent=8406"}],"wp:term":[{"taxonomy":"category","embeddable":true,"href":"https:\/\/kellerdesign.de\/index.php\/wp-json\/wp\/v2\/categories?post=8406"},{"taxonomy":"post_tag","embeddable":true,"href":"https:\/\/kellerdesign.de\/index.php\/wp-json\/wp\/v2\/tags?post=8406"}],"curies":[{"name":"wp","href":"https:\/\/api.w.org\/{rel}","templated":true}]}}