{"id":8670,"date":"2023-11-17T12:25:02","date_gmt":"2023-11-17T11:25:02","guid":{"rendered":"https:\/\/kellerdesign.de\/?p=8670"},"modified":"2023-11-17T13:45:25","modified_gmt":"2023-11-17T12:45:25","slug":"productronica-2023-messebau","status":"publish","type":"post","link":"https:\/\/kellerdesign.de\/index.php\/2023\/11\/17\/productronica-2023-messebau\/","title":{"rendered":"Productronica 2023 Messebau in M\u00fcnchen"},"content":{"rendered":"\n<p>Productronica 2023 Messebau vom 14. &#8211; 17. November<\/p>\n\n\n\n<p class=\"has-text-color has-link-color wp-elements-5a32646fe4c09f1e6bf4143e137cd2cf\" style=\"color:#555555\"><strong>Kooperation:<\/strong> <br>Werbeagentur Regelmann GmbH &amp; Co. KG <br><strong>Projektierung:<\/strong> <br>Regelmann und Keller Design <br><strong>Ausf\u00fchrung:<\/strong> <br>Keller Design \u2013 Messen &amp; Events \u2013 GmbH <br><br><strong><a href=\"https:\/\/productronica.com\/de\/\" target=\"_blank\" rel=\"noreferrer noopener\">Productronica 2023<\/a><\/strong> Messebau: Drei St\u00e4nde in M\u00fcnchen <br>Die Messe in M\u00fcnchen ist Weltleitmesse f\u00fcr innovative Elektronikfertigungen. In sieben Messehallen werden Fertigungstrends f\u00fcr Halbleiter, LEDs, diskrete Bauelemente, Photovoltaik-Elemente mit Reinraumtechnologien und smarte Produktsysteme pr\u00e4sentiert. Nationale und internationale Aussteller decken die gesamte Prozesskette der Elektronikfertigung in M\u00fcnchen ab. <br><br>Mit unserem Partner, der Werbeagentur Regelmann, haben wir gleich zwei Kunden auf der Messe in M\u00fcnchen betreut und zwei Messest\u00e4nde zum Leuchten gebracht. F\u00fcr die Firma <strong><a href=\"https:\/\/www.faulhaber.com\/de\/\" target=\"_blank\" rel=\"noreferrer noopener\">Dr. Fritz Faulhaber GmbH &amp; Co. KG<\/a><\/strong> <br>mit 40 m\u00b2 Standfl\u00e4che und f\u00fcr die Firma <strong><a href=\"https:\/\/www.physikinstrumente.de\/de\/\" target=\"_blank\" rel=\"noreferrer noopener\">Physik Instrumente (PI) GmbH &amp; Co. KG<\/a><\/strong> mit 30 m\u00b2. Bei beiden Kunden blieb das Standkonzept bestehen und wurde auf die jeweiligen Standgr\u00f6\u00dfen angepasst. Bei der Firma PI lag die Herausforderung darin, die Eleganz und die \u201eGr\u00f6\u00dfe\u201c des sonstigen Messestandes auf kompakten 30 m\u00b2 Standfl\u00e4che wiederzugeben. <br><br>F\u00fcr die Firma <strong><a href=\"https:\/\/www.dpv-elektronik.de\/\" target=\"_blank\" rel=\"noreferrer noopener\">DPV Elektronik-Service GmbH<\/a><\/strong> sind wir bereits zum zweiten Mal mit dem Standbau beauftragt worden und freuen uns, auf insgesamt 105 m\u00b2 Standfl\u00e4che mit mehreren Br\u00fcckenstationen eine optimale Pr\u00e4sentationsfl\u00e4che f\u00fcr die Produkte unseres Kunden geschaffen zu haben. <br><br>Wir bedanken uns f\u00fcr die Beauftragung und das Vertrauen in unsere Arbeit. <\/p>\n\n\n\n<div style=\"height:25px\" aria-hidden=\"true\" class=\"wp-block-spacer\"><\/div>\n\n\n\n<div class=\"wp-block-columns is-layout-flex wp-container-core-columns-is-layout-28f84493 wp-block-columns-is-layout-flex\">\n<div class=\"wp-block-column is-layout-flow wp-block-column-is-layout-flow\">\n<figure class=\"wp-block-image aligncenter size-full has-custom-border\"><a href=\"https:\/\/kellerdesign.de\/wp-content\/uploads\/2023\/11\/Keller-Design-Messen-Events-Messebau-Muenchen-30m\u00b2.jpg\" target=\"_blank\" rel=\"noreferrer noopener\"><img loading=\"lazy\" decoding=\"async\" width=\"417\" height=\"380\" src=\"https:\/\/kellerdesign.de\/wp-content\/uploads\/2023\/11\/Keller-Design-Messen-Events-Messebau-Muenchen-30m\u00b2.jpg\" alt=\"productronica-2023-messebau-30m\u00b2\" class=\"wp-image-8667\" style=\"border-radius:15px\" srcset=\"https:\/\/kellerdesign.de\/wp-content\/uploads\/2023\/11\/Keller-Design-Messen-Events-Messebau-Muenchen-30m\u00b2.jpg 417w, https:\/\/kellerdesign.de\/wp-content\/uploads\/2023\/11\/Keller-Design-Messen-Events-Messebau-Muenchen-30m\u00b2-300x273.jpg 300w\" sizes=\"auto, (max-width: 417px) 100vw, 417px\" \/><\/a><figcaption class=\"wp-element-caption\"><sup>Physik Instrumente (PI) GmbH &amp; Co. KG, 30 m\u00b2<\/sup><\/figcaption><\/figure>\n<\/div>\n\n\n\n<div class=\"wp-block-column is-layout-flow wp-block-column-is-layout-flow\">\n<figure class=\"wp-block-image size-full has-custom-border\"><a href=\"https:\/\/kellerdesign.de\/wp-content\/uploads\/2023\/11\/Keller-Design-Messen-Events-Standbau-LED-Muenchen-30m\u00b2.jpg\" target=\"_blank\" rel=\"noreferrer noopener\"><img loading=\"lazy\" decoding=\"async\" width=\"417\" height=\"380\" src=\"https:\/\/kellerdesign.de\/wp-content\/uploads\/2023\/11\/Keller-Design-Messen-Events-Standbau-LED-Muenchen-30m\u00b2.jpg\" alt=\"productronica-2023-led-30m\u00b2\" class=\"wp-image-8666\" style=\"border-radius:15px\" srcset=\"https:\/\/kellerdesign.de\/wp-content\/uploads\/2023\/11\/Keller-Design-Messen-Events-Standbau-LED-Muenchen-30m\u00b2.jpg 417w, https:\/\/kellerdesign.de\/wp-content\/uploads\/2023\/11\/Keller-Design-Messen-Events-Standbau-LED-Muenchen-30m\u00b2-300x273.jpg 300w\" sizes=\"auto, (max-width: 417px) 100vw, 417px\" \/><\/a><\/figure>\n<\/div>\n\n\n\n<div class=\"wp-block-column is-layout-flow wp-block-column-is-layout-flow\">\n<figure class=\"wp-block-image size-full has-custom-border\"><a href=\"https:\/\/kellerdesign.de\/wp-content\/uploads\/2023\/11\/Keller-Design-Messen-Events-Messebau-LED-Messestand-30m\u00b2.jpg\" target=\"_blank\" rel=\"noreferrer noopener\"><img loading=\"lazy\" decoding=\"async\" width=\"417\" height=\"380\" src=\"https:\/\/kellerdesign.de\/wp-content\/uploads\/2023\/11\/Keller-Design-Messen-Events-Messebau-LED-Messestand-30m\u00b2.jpg\" alt=\"productronica-2023-messebau-muenchen\" class=\"wp-image-8668\" style=\"border-radius:15px\" srcset=\"https:\/\/kellerdesign.de\/wp-content\/uploads\/2023\/11\/Keller-Design-Messen-Events-Messebau-LED-Messestand-30m\u00b2.jpg 417w, https:\/\/kellerdesign.de\/wp-content\/uploads\/2023\/11\/Keller-Design-Messen-Events-Messebau-LED-Messestand-30m\u00b2-300x273.jpg 300w\" sizes=\"auto, (max-width: 417px) 100vw, 417px\" \/><\/a><\/figure>\n<\/div>\n<\/div>\n\n\n\n<div style=\"height:35px\" aria-hidden=\"true\" class=\"wp-block-spacer\"><\/div>\n\n\n\n<div class=\"wp-block-columns is-layout-flex wp-container-core-columns-is-layout-28f84493 wp-block-columns-is-layout-flex\">\n<div class=\"wp-block-column is-layout-flow wp-block-column-is-layout-flow\">\n<figure class=\"wp-block-image aligncenter size-full has-custom-border\"><a href=\"https:\/\/kellerdesign.de\/wp-content\/uploads\/2023\/11\/Keller-Deisgn-Messen-Events-Messebau-Productronica-40m\u00b2.jpg\" target=\"_blank\" rel=\"noreferrer noopener\"><img loading=\"lazy\" decoding=\"async\" width=\"417\" height=\"380\" src=\"https:\/\/kellerdesign.de\/wp-content\/uploads\/2023\/11\/Keller-Deisgn-Messen-Events-Messebau-Productronica-40m\u00b2.jpg\" alt=\"productronica-2023-Messebau-Muenchen\" class=\"wp-image-8665\" style=\"border-radius:15px\" srcset=\"https:\/\/kellerdesign.de\/wp-content\/uploads\/2023\/11\/Keller-Deisgn-Messen-Events-Messebau-Productronica-40m\u00b2.jpg 417w, https:\/\/kellerdesign.de\/wp-content\/uploads\/2023\/11\/Keller-Deisgn-Messen-Events-Messebau-Productronica-40m\u00b2-300x273.jpg 300w\" sizes=\"auto, (max-width: 417px) 100vw, 417px\" \/><\/a><figcaption class=\"wp-element-caption\"><sup>Dr. Fritz  Faulhaber GmbH &amp; Co. KG, 40 m\u00b2<\/sup><\/figcaption><\/figure>\n<\/div>\n\n\n\n<div class=\"wp-block-column is-layout-flow wp-block-column-is-layout-flow\"><\/div>\n\n\n\n<div class=\"wp-block-column is-layout-flow wp-block-column-is-layout-flow\"><\/div>\n<\/div>\n\n\n\n<div style=\"height:25px\" aria-hidden=\"true\" class=\"wp-block-spacer\"><\/div>\n\n\n\n<hr class=\"wp-block-separator has-alpha-channel-opacity is-style-dots\"\/>\n\n\n\n<div class=\"wp-block-columns is-layout-flex wp-container-core-columns-is-layout-28f84493 wp-block-columns-is-layout-flex\">\n<div class=\"wp-block-column is-layout-flow wp-block-column-is-layout-flow\">\n<figure class=\"wp-block-image aligncenter size-full has-custom-border\"><a href=\"https:\/\/kellerdesign.de\/wp-content\/uploads\/2023\/11\/Keller-Design-Messen-Events-Messebau-Productro0nica-105m\u00b2.jpg\" target=\"_blank\" rel=\"noreferrer noopener\"><img loading=\"lazy\" decoding=\"async\" width=\"417\" height=\"380\" src=\"https:\/\/kellerdesign.de\/wp-content\/uploads\/2023\/11\/Keller-Design-Messen-Events-Messebau-Productro0nica-105m\u00b2.jpg\" alt=\"productronica-2023-wuerfelbanner-motivbanner\" class=\"wp-image-8669\" style=\"border-radius:15px\" srcset=\"https:\/\/kellerdesign.de\/wp-content\/uploads\/2023\/11\/Keller-Design-Messen-Events-Messebau-Productro0nica-105m\u00b2.jpg 417w, https:\/\/kellerdesign.de\/wp-content\/uploads\/2023\/11\/Keller-Design-Messen-Events-Messebau-Productro0nica-105m\u00b2-300x273.jpg 300w\" sizes=\"auto, (max-width: 417px) 100vw, 417px\" \/><\/a><figcaption class=\"wp-element-caption\"><sup>DPV Elektronik-Service GmbH, 105 m\u00b2<\/sup><\/figcaption><\/figure>\n<\/div>\n\n\n\n<div class=\"wp-block-column is-layout-flow wp-block-column-is-layout-flow\">\n<figure class=\"wp-block-image size-full has-custom-border\"><a href=\"https:\/\/kellerdesign.de\/wp-content\/uploads\/2023\/11\/Keller-Design-Messen-Events-Messebau-Productronica-105m\u00b2.jpg\" target=\"_blank\" rel=\"noreferrer noopener\"><img loading=\"lazy\" decoding=\"async\" width=\"417\" height=\"380\" src=\"https:\/\/kellerdesign.de\/wp-content\/uploads\/2023\/11\/Keller-Design-Messen-Events-Messebau-Productronica-105m\u00b2.jpg\" alt=\"productronica-2023-messebau-standbau-105m\u00b2\" class=\"wp-image-8700\" style=\"border-radius:15px\" srcset=\"https:\/\/kellerdesign.de\/wp-content\/uploads\/2023\/11\/Keller-Design-Messen-Events-Messebau-Productronica-105m\u00b2.jpg 417w, https:\/\/kellerdesign.de\/wp-content\/uploads\/2023\/11\/Keller-Design-Messen-Events-Messebau-Productronica-105m\u00b2-300x273.jpg 300w\" sizes=\"auto, (max-width: 417px) 100vw, 417px\" \/><\/a><\/figure>\n<\/div>\n\n\n\n<div class=\"wp-block-column is-layout-flow wp-block-column-is-layout-flow\"><\/div>\n<\/div>\n\n\n\n<div style=\"height:100px\" aria-hidden=\"true\" class=\"wp-block-spacer\"><\/div>\n\n\n\n<h6 class=\"wp-block-heading\"><em><a href=\"https:\/\/kellerdesign.de\/index.php\/2023\/10\/05\/14-messestaende-1-monat\/\" target=\"_blank\" rel=\"noreferrer noopener\">Productronica 2023 Messebau<\/a><\/em><\/h6>\n","protected":false},"excerpt":{"rendered":"<p>Productronica 2023 Messebau vom 14. &#8211; 17. November Kooperation: Werbeagentur Regelmann GmbH &amp; Co. KG Projektierung: Regelmann und Keller Design Ausf\u00fchrung: Keller Design \u2013 Messen &amp; Events \u2013 GmbH Productronica 2023 Messebau: Drei St\u00e4nde in M\u00fcnchen Die Messe in M\u00fcnchen ist Weltleitmesse f\u00fcr innovative Elektronikfertigungen. In sieben Messehallen werden Fertigungstrends f\u00fcr Halbleiter, LEDs, diskrete Bauelemente, [&hellip;]<\/p>\n","protected":false},"author":1,"featured_media":0,"comment_status":"closed","ping_status":"open","sticky":false,"template":"","format":"standard","meta":{"_coblocks_attr":"","_coblocks_dimensions":"","_coblocks_responsive_height":"","_coblocks_accordion_ie_support":"","site-sidebar-layout":"default","site-content-layout":"","ast-site-content-layout":"default","site-content-style":"default","site-sidebar-style":"default","ast-global-header-display":"","ast-banner-title-visibility":"","ast-main-header-display":"","ast-hfb-above-header-display":"","ast-hfb-below-header-display":"","ast-hfb-mobile-header-display":"","site-post-title":"","ast-breadcrumbs-content":"","ast-featured-img":"","footer-sml-layout":"","ast-disable-related-posts":"","theme-transparent-header-meta":"","adv-header-id-meta":"","stick-header-meta":"","header-above-stick-meta":"","header-main-stick-meta":"","header-below-stick-meta":"","astra-migrate-meta-layouts":"set","ast-page-background-enabled":"default","ast-page-background-meta":{"desktop":{"background-color":"","background-image":"","background-repeat":"repeat","background-position":"center center","background-size":"auto","background-attachment":"scroll","background-type":"","background-media":"","overlay-type":"","overlay-color":"","overlay-opacity":"","overlay-gradient":""},"tablet":{"background-color":"","background-image":"","background-repeat":"repeat","background-position":"center center","background-size":"auto","background-attachment":"scroll","background-type":"","background-media":"","overlay-type":"","overlay-color":"","overlay-opacity":"","overlay-gradient":""},"mobile":{"background-color":"","background-image":"","background-repeat":"repeat","background-position":"center center","background-size":"auto","background-attachment":"scroll","background-type":"","background-media":"","overlay-type":"","overlay-color":"","overlay-opacity":"","overlay-gradient":""}},"ast-content-background-meta":{"desktop":{"background-color":"var(--ast-global-color-5)","background-image":"","background-repeat":"repeat","background-position":"center center","background-size":"auto","background-attachment":"scroll","background-type":"","background-media":"","overlay-type":"","overlay-color":"","overlay-opacity":"","overlay-gradient":""},"tablet":{"background-color":"var(--ast-global-color-5)","background-image":"","background-repeat":"repeat","background-position":"center center","background-size":"auto","background-attachment":"scroll","background-type":"","background-media":"","overlay-type":"","overlay-color":"","overlay-opacity":"","overlay-gradient":""},"mobile":{"background-color":"var(--ast-global-color-5)","background-image":"","background-repeat":"repeat","background-position":"center center","background-size":"auto","background-attachment":"scroll","background-type":"","background-media":"","overlay-type":"","overlay-color":"","overlay-opacity":"","overlay-gradient":""}},"_jetpack_memberships_contains_paid_content":false,"footnotes":""},"categories":[45],"tags":[23,138,257,68,73,47,40,61,159,184,273,140,46],"class_list":["post-8670","post","type-post","status-publish","format-standard","hentry","category-messestaende-mit-charakter","tag-ausstattung","tag-led","tag-led-banner-rahmen","tag-led-beleuchtung","tag-messe","tag-messebanner","tag-messebau","tag-messebeschriftung","tag-messegrafik","tag-messelogistik","tag-messemarathon","tag-motivbanner","tag-standbau"],"jetpack_featured_media_url":"","jetpack_sharing_enabled":true,"_links":{"self":[{"href":"https:\/\/kellerdesign.de\/index.php\/wp-json\/wp\/v2\/posts\/8670","targetHints":{"allow":["GET"]}}],"collection":[{"href":"https:\/\/kellerdesign.de\/index.php\/wp-json\/wp\/v2\/posts"}],"about":[{"href":"https:\/\/kellerdesign.de\/index.php\/wp-json\/wp\/v2\/types\/post"}],"author":[{"embeddable":true,"href":"https:\/\/kellerdesign.de\/index.php\/wp-json\/wp\/v2\/users\/1"}],"replies":[{"embeddable":true,"href":"https:\/\/kellerdesign.de\/index.php\/wp-json\/wp\/v2\/comments?post=8670"}],"version-history":[{"count":28,"href":"https:\/\/kellerdesign.de\/index.php\/wp-json\/wp\/v2\/posts\/8670\/revisions"}],"predecessor-version":[{"id":8701,"href":"https:\/\/kellerdesign.de\/index.php\/wp-json\/wp\/v2\/posts\/8670\/revisions\/8701"}],"wp:attachment":[{"href":"https:\/\/kellerdesign.de\/index.php\/wp-json\/wp\/v2\/media?parent=8670"}],"wp:term":[{"taxonomy":"category","embeddable":true,"href":"https:\/\/kellerdesign.de\/index.php\/wp-json\/wp\/v2\/categories?post=8670"},{"taxonomy":"post_tag","embeddable":true,"href":"https:\/\/kellerdesign.de\/index.php\/wp-json\/wp\/v2\/tags?post=8670"}],"curies":[{"name":"wp","href":"https:\/\/api.w.org\/{rel}","templated":true}]}}