{"id":9043,"date":"2024-02-19T15:23:01","date_gmt":"2024-02-19T14:23:01","guid":{"rendered":"https:\/\/kellerdesign.de\/?p=9043"},"modified":"2024-05-22T14:39:47","modified_gmt":"2024-05-22T12:39:47","slug":"inhorgenta-2024","status":"publish","type":"post","link":"https:\/\/kellerdesign.de\/index.php\/2024\/02\/19\/inhorgenta-2024\/","title":{"rendered":"Inhorgenta 2024 in M\u00fcnchen"},"content":{"rendered":"\n<p class=\"has-text-color has-link-color wp-elements-a84e47bb82c48d4ee88647037efbabb6\" style=\"color:#555555\">Inhorgenta 2024 vom 16. \u2013 19. Februar in M\u00fcnchen<br><br>Die erste Schmuckmesse dieses Jahr fordert uns in M\u00fcnchen heraus. Europas f\u00fchrende Schmuck-, Uhren- und Edelsteinmesse bietet einen exzellenten \u00dcberblick \u00fcber angesagte Designs, die aktuellen Trends und gr\u00f6\u00dften Innovationen. Auf der renommierten Branchenplattform kommen Juweliere, Schmuck-Experten, H\u00e4ndler, Hersteller, Medienvertreter und Branchen-Influencer zusammen, um die verschiedensten Kollektionen zu erleben, Gesch\u00e4ftsbeziehungen aufzubauen oder um sich tiefergehendes Wissen anzueignen. Dar\u00fcber hinaus hat sich die INHORGENTA zum internationalen Hotspot f\u00fcr aufstrebende Talente, junge Designer und kreative Startup-Manufakturen entwickelt. <br><br>Auf der Inhorgenta in M\u00fcnchen sind wir mit insgesamt vier treuen Kunden vertreten. <br>Wir freuen uns f\u00fcr die Fa. <strong><a href=\"https:\/\/www.schaffrath1923.com\/de\" target=\"_blank\" rel=\"noreferrer noopener\">Geb. SCHAFFRATH 1923 GmbH<\/a><\/strong> 96 m\u00b2, f\u00fcr die Fa. <strong><a href=\"https:\/\/joergheinz.de\/\" target=\"_blank\" rel=\"noreferrer noopener\">J\u00f6rg Heinz GmbH &amp; Co. KG<\/a><\/strong> 77 m\u00b2, f\u00fcr die Fa. <a href=\"https:\/\/www.benzinger.de\/de\/\" target=\"_blank\" rel=\"noreferrer noopener\"><strong>Carl BENZINGER GmbH<\/strong><\/a> 32 m\u00b2 und f\u00fcr die Fa. <strong><a href=\"https:\/\/afschar.net\/\" target=\"_blank\" rel=\"noreferrer noopener\">Afschar<\/a><\/strong> 20 m\u00b2 Messestand aufzubauen. <br><br>Die Firma Schaffrath gl\u00e4nzt mit einem \u00fcberarbeiteten Standkonzept. Herr Schaffrath entschied sich dieses Jahr, seine Messestandfront mit sehr hochwertig verarbeitetem Messing in Form von Leisten und Logos zu gestalten sowie den gesamten Innenraum mit schwarzen Bannern zu verkleiden. Die verarbeiteten Messing-Vierkantrohre, aufw\u00e4ndig br\u00fcniert, hatten zusammengerechnet eine Gesamtl\u00e4nge von 74,85 Laufmetern! \u00a0<br>F\u00fcr unsere Monteure eine kleine Herausforderung vor Ort, aber das Endergebnis konnte sich durchaus sehen lassen. Wir freuen uns auf viele spannende Folgeauftr\u00e4ge. <br><br>Vielen Dank f\u00fcr das Vertrauen.<\/p>\n\n\n\n<div style=\"height:25px\" aria-hidden=\"true\" class=\"wp-block-spacer\"><\/div>\n\n\n\n<div class=\"wp-block-columns is-layout-flex wp-container-core-columns-is-layout-28f84493 wp-block-columns-is-layout-flex\">\n<div class=\"wp-block-column is-layout-flow wp-block-column-is-layout-flow\">\n<figure class=\"wp-block-image size-full has-custom-border\"><a href=\"https:\/\/kellerdesign.de\/wp-content\/uploads\/2024\/02\/Keller-Design-Messen-Events-Messingleiste-Schmuckmesse-96m\u00b2.jpg\" target=\"_blank\" rel=\"noreferrer noopener\"><img loading=\"lazy\" decoding=\"async\" width=\"600\" height=\"400\" src=\"https:\/\/kellerdesign.de\/wp-content\/uploads\/2024\/02\/Keller-Design-Messen-Events-Messingleiste-Schmuckmesse-96m\u00b2.jpg\" alt=\"inhorgenta-2024-schmuckmesse-muenchen\" class=\"wp-image-9054\" style=\"border-radius:12px\" srcset=\"https:\/\/kellerdesign.de\/wp-content\/uploads\/2024\/02\/Keller-Design-Messen-Events-Messingleiste-Schmuckmesse-96m\u00b2.jpg 600w, https:\/\/kellerdesign.de\/wp-content\/uploads\/2024\/02\/Keller-Design-Messen-Events-Messingleiste-Schmuckmesse-96m\u00b2-300x200.jpg 300w\" sizes=\"auto, (max-width: 600px) 100vw, 600px\" \/><\/a><\/figure>\n<\/div>\n\n\n\n<div class=\"wp-block-column is-layout-flow wp-block-column-is-layout-flow\">\n<figure class=\"wp-block-image size-full has-custom-border\"><a href=\"https:\/\/kellerdesign.de\/wp-content\/uploads\/2024\/02\/Keller-Design-Messen-Events-Schmuckmesse-Leuchtbanner-96m2.jpg\" target=\"_blank\" rel=\"noreferrer noopener\"><img loading=\"lazy\" decoding=\"async\" width=\"600\" height=\"400\" src=\"https:\/\/kellerdesign.de\/wp-content\/uploads\/2024\/02\/Keller-Design-Messen-Events-Schmuckmesse-Leuchtbanner-96m2.jpg\" alt=\"inhorgenta-2024-standbau-led-banner\" class=\"wp-image-9055\" style=\"border-radius:12px\" srcset=\"https:\/\/kellerdesign.de\/wp-content\/uploads\/2024\/02\/Keller-Design-Messen-Events-Schmuckmesse-Leuchtbanner-96m2.jpg 600w, https:\/\/kellerdesign.de\/wp-content\/uploads\/2024\/02\/Keller-Design-Messen-Events-Schmuckmesse-Leuchtbanner-96m2-300x200.jpg 300w\" sizes=\"auto, (max-width: 600px) 100vw, 600px\" \/><\/a><\/figure>\n<\/div>\n\n\n\n<div class=\"wp-block-column is-layout-flow wp-block-column-is-layout-flow\">\n<figure class=\"wp-block-image size-full has-custom-border\"><a href=\"https:\/\/kellerdesign.de\/wp-content\/uploads\/2024\/02\/Keller-Design-Messen-Events-Messebau-Muenchen-96m\u00b2.jpg\" target=\"_blank\" rel=\"noreferrer noopener\"><img loading=\"lazy\" decoding=\"async\" width=\"600\" height=\"400\" src=\"https:\/\/kellerdesign.de\/wp-content\/uploads\/2024\/02\/Keller-Design-Messen-Events-Messebau-Muenchen-96m\u00b2.jpg\" alt=\"\" class=\"wp-image-9053\" style=\"border-radius:12px\" srcset=\"https:\/\/kellerdesign.de\/wp-content\/uploads\/2024\/02\/Keller-Design-Messen-Events-Messebau-Muenchen-96m\u00b2.jpg 600w, https:\/\/kellerdesign.de\/wp-content\/uploads\/2024\/02\/Keller-Design-Messen-Events-Messebau-Muenchen-96m\u00b2-300x200.jpg 300w\" sizes=\"auto, (max-width: 600px) 100vw, 600px\" \/><\/a><\/figure>\n<\/div>\n<\/div>\n\n\n\n<div style=\"height:15px\" aria-hidden=\"true\" class=\"wp-block-spacer\"><\/div>\n\n\n\n<div class=\"wp-block-columns is-layout-flex wp-container-core-columns-is-layout-28f84493 wp-block-columns-is-layout-flex\">\n<div class=\"wp-block-column is-layout-flow wp-block-column-is-layout-flow\">\n<figure class=\"wp-block-image size-full is-resized has-custom-border\"><a href=\"https:\/\/kellerdesign.de\/wp-content\/uploads\/2024\/02\/Keller-Design-Messen-Events-Standbau-Schmuckmesse-Muenchen-96m\u00b2.jpg\" target=\"_blank\" rel=\"noreferrer noopener\"><img loading=\"lazy\" decoding=\"async\" width=\"426\" height=\"500\" src=\"https:\/\/kellerdesign.de\/wp-content\/uploads\/2024\/02\/Keller-Design-Messen-Events-Standbau-Schmuckmesse-Muenchen-96m\u00b2.jpg\" alt=\"inhorgenta-2024-schmuckmesse-messebau-innenausstattung\" class=\"wp-image-9058\" style=\"border-radius:15px;width:217px;height:auto\" srcset=\"https:\/\/kellerdesign.de\/wp-content\/uploads\/2024\/02\/Keller-Design-Messen-Events-Standbau-Schmuckmesse-Muenchen-96m\u00b2.jpg 426w, https:\/\/kellerdesign.de\/wp-content\/uploads\/2024\/02\/Keller-Design-Messen-Events-Standbau-Schmuckmesse-Muenchen-96m\u00b2-256x300.jpg 256w\" sizes=\"auto, (max-width: 426px) 100vw, 426px\" \/><\/a><\/figure>\n<\/div>\n\n\n\n<div class=\"wp-block-column is-vertically-aligned-bottom is-layout-flow wp-block-column-is-layout-flow\">\n<p class=\"has-text-align-left\"><sup>Geb. SCHAFFRATH 1923 GmbH | 96m\u00b2<\/sup><\/p>\n<\/div>\n<\/div>\n\n\n\n<div style=\"height:50px\" aria-hidden=\"true\" class=\"wp-block-spacer\"><\/div>\n\n\n\n<hr class=\"wp-block-separator has-alpha-channel-opacity is-style-dots\"\/>\n\n\n\n<div style=\"height:15px\" aria-hidden=\"true\" class=\"wp-block-spacer\"><\/div>\n\n\n\n<div class=\"wp-block-columns is-layout-flex wp-container-core-columns-is-layout-28f84493 wp-block-columns-is-layout-flex\">\n<div class=\"wp-block-column is-layout-flow wp-block-column-is-layout-flow\">\n<div class=\"wp-block-columns is-layout-flex wp-container-core-columns-is-layout-28f84493 wp-block-columns-is-layout-flex\">\n<div class=\"wp-block-column is-layout-flow wp-block-column-is-layout-flow\">\n<figure class=\"wp-block-image size-full is-resized has-custom-border\"><a href=\"https:\/\/kellerdesign.de\/wp-content\/uploads\/2024\/02\/Keller-Design-Messen-Events-Schmuckmesse-Leuchtbanner-102m\u00b2.jpg\" target=\"_blank\" rel=\"noreferrer noopener\"><img loading=\"lazy\" decoding=\"async\" width=\"450\" height=\"500\" src=\"https:\/\/kellerdesign.de\/wp-content\/uploads\/2024\/02\/Keller-Design-Messen-Events-Schmuckmesse-Leuchtbanner-102m\u00b2.jpg\" alt=\"inhorgenta-2024-leuchtbanner-schmuckmesse\" class=\"wp-image-9056\" style=\"border-radius:15px;width:226px;height:auto\" srcset=\"https:\/\/kellerdesign.de\/wp-content\/uploads\/2024\/02\/Keller-Design-Messen-Events-Schmuckmesse-Leuchtbanner-102m\u00b2.jpg 450w, https:\/\/kellerdesign.de\/wp-content\/uploads\/2024\/02\/Keller-Design-Messen-Events-Schmuckmesse-Leuchtbanner-102m\u00b2-270x300.jpg 270w\" sizes=\"auto, (max-width: 450px) 100vw, 450px\" \/><\/a><\/figure>\n<\/div>\n\n\n\n<div class=\"wp-block-column is-vertically-aligned-bottom is-layout-flow wp-block-column-is-layout-flow\">\n<p><sup>J\u00f6rg Heinz GmbH &amp; Co. KG | 102m\u00b2<\/sup><\/p>\n<\/div>\n<\/div>\n<\/div>\n<\/div>\n\n\n\n<div style=\"height:100px\" aria-hidden=\"true\" class=\"wp-block-spacer\"><\/div>\n\n\n\n<h6 class=\"wp-block-heading\"><em>Inhorgenta 2024<\/em><\/h6>\n","protected":false},"excerpt":{"rendered":"<p>Inhorgenta 2024 vom 16. \u2013 19. Februar in M\u00fcnchen Die erste Schmuckmesse dieses Jahr fordert uns in M\u00fcnchen heraus. Europas f\u00fchrende Schmuck-, Uhren- und Edelsteinmesse bietet einen exzellenten \u00dcberblick \u00fcber angesagte Designs, die aktuellen Trends und gr\u00f6\u00dften Innovationen. Auf der renommierten Branchenplattform kommen Juweliere, Schmuck-Experten, H\u00e4ndler, Hersteller, Medienvertreter und Branchen-Influencer zusammen, um die verschiedensten Kollektionen [&hellip;]<\/p>\n","protected":false},"author":1,"featured_media":0,"comment_status":"closed","ping_status":"open","sticky":false,"template":"","format":"standard","meta":{"_coblocks_attr":"","_coblocks_dimensions":"","_coblocks_responsive_height":"","_coblocks_accordion_ie_support":"","site-sidebar-layout":"default","site-content-layout":"","ast-site-content-layout":"default","site-content-style":"default","site-sidebar-style":"default","ast-global-header-display":"","ast-banner-title-visibility":"","ast-main-header-display":"","ast-hfb-above-header-display":"","ast-hfb-below-header-display":"","ast-hfb-mobile-header-display":"","site-post-title":"","ast-breadcrumbs-content":"","ast-featured-img":"","footer-sml-layout":"","ast-disable-related-posts":"","theme-transparent-header-meta":"","adv-header-id-meta":"","stick-header-meta":"","header-above-stick-meta":"","header-main-stick-meta":"","header-below-stick-meta":"","astra-migrate-meta-layouts":"set","ast-page-background-enabled":"default","ast-page-background-meta":{"desktop":{"background-color":"","background-image":"","background-repeat":"repeat","background-position":"center center","background-size":"auto","background-attachment":"scroll","background-type":"","background-media":"","overlay-type":"","overlay-color":"","overlay-opacity":"","overlay-gradient":""},"tablet":{"background-color":"","background-image":"","background-repeat":"repeat","background-position":"center center","background-size":"auto","background-attachment":"scroll","background-type":"","background-media":"","overlay-type":"","overlay-color":"","overlay-opacity":"","overlay-gradient":""},"mobile":{"background-color":"","background-image":"","background-repeat":"repeat","background-position":"center center","background-size":"auto","background-attachment":"scroll","background-type":"","background-media":"","overlay-type":"","overlay-color":"","overlay-opacity":"","overlay-gradient":""}},"ast-content-background-meta":{"desktop":{"background-color":"var(--ast-global-color-5)","background-image":"","background-repeat":"repeat","background-position":"center center","background-size":"auto","background-attachment":"scroll","background-type":"","background-media":"","overlay-type":"","overlay-color":"","overlay-opacity":"","overlay-gradient":""},"tablet":{"background-color":"var(--ast-global-color-5)","background-image":"","background-repeat":"repeat","background-position":"center center","background-size":"auto","background-attachment":"scroll","background-type":"","background-media":"","overlay-type":"","overlay-color":"","overlay-opacity":"","overlay-gradient":""},"mobile":{"background-color":"var(--ast-global-color-5)","background-image":"","background-repeat":"repeat","background-position":"center center","background-size":"auto","background-attachment":"scroll","background-type":"","background-media":"","overlay-type":"","overlay-color":"","overlay-opacity":"","overlay-gradient":""}},"_jetpack_memberships_contains_paid_content":false,"footnotes":""},"categories":[45],"tags":[23,68,301,73,47,40,306,61,159,184,51,140,121,46,307],"class_list":["post-9043","post","type-post","status-publish","format-standard","hentry","category-messestaende-mit-charakter","tag-ausstattung","tag-led-beleuchtung","tag-leuchtbanner","tag-messe","tag-messebanner","tag-messebau","tag-messebau-2024","tag-messebeschriftung","tag-messegrafik","tag-messelogistik","tag-messestand","tag-motivbanner","tag-schmuckmesse","tag-standbau","tag-standbau-2024"],"jetpack_featured_media_url":"","jetpack_sharing_enabled":true,"_links":{"self":[{"href":"https:\/\/kellerdesign.de\/index.php\/wp-json\/wp\/v2\/posts\/9043","targetHints":{"allow":["GET"]}}],"collection":[{"href":"https:\/\/kellerdesign.de\/index.php\/wp-json\/wp\/v2\/posts"}],"about":[{"href":"https:\/\/kellerdesign.de\/index.php\/wp-json\/wp\/v2\/types\/post"}],"author":[{"embeddable":true,"href":"https:\/\/kellerdesign.de\/index.php\/wp-json\/wp\/v2\/users\/1"}],"replies":[{"embeddable":true,"href":"https:\/\/kellerdesign.de\/index.php\/wp-json\/wp\/v2\/comments?post=9043"}],"version-history":[{"count":34,"href":"https:\/\/kellerdesign.de\/index.php\/wp-json\/wp\/v2\/posts\/9043\/revisions"}],"predecessor-version":[{"id":9083,"href":"https:\/\/kellerdesign.de\/index.php\/wp-json\/wp\/v2\/posts\/9043\/revisions\/9083"}],"wp:attachment":[{"href":"https:\/\/kellerdesign.de\/index.php\/wp-json\/wp\/v2\/media?parent=9043"}],"wp:term":[{"taxonomy":"category","embeddable":true,"href":"https:\/\/kellerdesign.de\/index.php\/wp-json\/wp\/v2\/categories?post=9043"},{"taxonomy":"post_tag","embeddable":true,"href":"https:\/\/kellerdesign.de\/index.php\/wp-json\/wp\/v2\/tags?post=9043"}],"curies":[{"name":"wp","href":"https:\/\/api.w.org\/{rel}","templated":true}]}}