{"id":9267,"date":"2024-03-28T10:01:29","date_gmt":"2024-03-28T09:01:29","guid":{"rendered":"https:\/\/kellerdesign.de\/?p=9267"},"modified":"2024-08-30T11:22:03","modified_gmt":"2024-08-30T09:22:03","slug":"logimat-2024-in-stuttgart","status":"publish","type":"post","link":"https:\/\/kellerdesign.de\/index.php\/2024\/03\/28\/logimat-2024-in-stuttgart\/","title":{"rendered":"LogiMat 2024 in Stuttgart: eine neue Kooperation entsteht"},"content":{"rendered":"\n<h6 class=\"wp-block-heading has-text-color has-link-color wp-elements-0268a4c11f905d7d4153c43b33b2c453\" style=\"color:#555555\">LogiMat 2024 in Stuttgart vom 19. \u2013 21. M\u00e4rz<\/h6>\n\n\n\n<p class=\"has-text-color has-link-color wp-elements-9872cd019ee0a93ffba3333809cf621d\" style=\"color:#555555\">Die LogiMAT in Stuttgart ist eine internationale Fachmesse f\u00fcr Intralogistik-L\u00f6sungen und Prozessmanagement. Aussteller aus aller Welt zeigen hier innovative Technologien, Produkte, Systeme und L\u00f6sungen zur Rationalisierung, Prozessoptimierung und Kostensenkung der innerbetrieblichen logistischen Prozesse. <br>Eine wichtige Messe f\u00fcr den Messestandort Stuttgart. <br><br>Mit der Agentur <strong><a href=\"https:\/\/www.storz.de\/\" target=\"_blank\" rel=\"noreferrer noopener\">Storz Medienfabrik GmbH<\/a><\/strong> aus Esslingen und <strong><a href=\"https:\/\/sandhas.com\/\" target=\"_blank\" rel=\"noreferrer noopener\">Sandhas Werkst\u00e4tten GmbH<\/a><\/strong> aus Calw haben wir gemeinsam den Messeauftritt f\u00fcr <strong><a href=\"https:\/\/www.dbschenker.com\/de-de\" target=\"_blank\" rel=\"noreferrer noopener\">DB Schenker<\/a><\/strong> geplant und erstmalig auf der Messe in Stuttgart erfolgreich gebaut. Ein offenes und nachhaltiges Standkonzept mit einem gro\u00dfen Motivbanner an der R\u00fcckwand, zwei  Seitenbanner, Holzpaletten, unter anderem zu Sitzm\u00f6glichkeiten umgebaut, sowie 3D-Logos aus 3 mm Acryl sollen viel Laufpublikum auf den Stand einladen. <br><br>Vielen Dank f\u00fcr die Beauftragung und das Vertrauen in unsere Arbeit. <br>Wir freuen uns auf weitere gemeinsame Projekte. <\/p>\n\n\n\n<div style=\"height:25px\" aria-hidden=\"true\" class=\"wp-block-spacer\"><\/div>\n\n\n\n<div class=\"wp-block-columns is-layout-flex wp-container-core-columns-is-layout-28f84493 wp-block-columns-is-layout-flex\">\n<div class=\"wp-block-column is-layout-flow wp-block-column-is-layout-flow\">\n<figure class=\"wp-block-image size-full has-custom-border\"><a href=\"https:\/\/kellerdesign.de\/wp-content\/uploads\/2024\/03\/Keller-Design-Messen-Events-Standbau-Stuttgart-LogiMat.jpg\" target=\"_blank\" rel=\"noreferrer noopener\"><img loading=\"lazy\" decoding=\"async\" width=\"500\" height=\"325\" src=\"https:\/\/kellerdesign.de\/wp-content\/uploads\/2024\/03\/Keller-Design-Messen-Events-Standbau-Stuttgart-LogiMat.jpg\" alt=\"logimat-2024-in-stuttgart-messebau-keller-design\" class=\"wp-image-9308\" style=\"border-radius:10px\" srcset=\"https:\/\/kellerdesign.de\/wp-content\/uploads\/2024\/03\/Keller-Design-Messen-Events-Standbau-Stuttgart-LogiMat.jpg 500w, https:\/\/kellerdesign.de\/wp-content\/uploads\/2024\/03\/Keller-Design-Messen-Events-Standbau-Stuttgart-LogiMat-300x195.jpg 300w\" sizes=\"auto, (max-width: 500px) 100vw, 500px\" \/><\/a><\/figure>\n<\/div>\n\n\n\n<div class=\"wp-block-column is-layout-flow wp-block-column-is-layout-flow\">\n<figure class=\"wp-block-image size-full has-custom-border\"><a href=\"https:\/\/kellerdesign.de\/wp-content\/uploads\/2024\/03\/Keller-Design-Messen-Events-Messebau-Nachhaltig-Stuttgart.jpg\" target=\"_blank\" rel=\"noreferrer noopener\"><img loading=\"lazy\" decoding=\"async\" width=\"500\" height=\"325\" src=\"https:\/\/kellerdesign.de\/wp-content\/uploads\/2024\/03\/Keller-Design-Messen-Events-Messebau-Nachhaltig-Stuttgart.jpg\" alt=\"LogiMat-2024-in-Stuttgart-Standbau-KellerDesign\" class=\"wp-image-9305\" style=\"border-radius:10px\" srcset=\"https:\/\/kellerdesign.de\/wp-content\/uploads\/2024\/03\/Keller-Design-Messen-Events-Messebau-Nachhaltig-Stuttgart.jpg 500w, https:\/\/kellerdesign.de\/wp-content\/uploads\/2024\/03\/Keller-Design-Messen-Events-Messebau-Nachhaltig-Stuttgart-300x195.jpg 300w\" sizes=\"auto, (max-width: 500px) 100vw, 500px\" \/><\/a><\/figure>\n<\/div>\n\n\n\n<div class=\"wp-block-column is-layout-flow wp-block-column-is-layout-flow\">\n<figure class=\"wp-block-image size-full has-custom-border\"><a href=\"https:\/\/kellerdesign.de\/wp-content\/uploads\/2024\/03\/Keller-Design-Messen-Events-Messebau-Stuttgart-Holzpaletten.jpg\" target=\"_blank\" rel=\"noreferrer noopener\"><img loading=\"lazy\" decoding=\"async\" width=\"500\" height=\"325\" src=\"https:\/\/kellerdesign.de\/wp-content\/uploads\/2024\/03\/Keller-Design-Messen-Events-Messebau-Stuttgart-Holzpaletten.jpg\" alt=\"LogiMat-2024-in-Stuttgart-Ideenschmiede-aus-dem-Nordschwarzwald\" class=\"wp-image-9307\" style=\"border-radius:10px\" srcset=\"https:\/\/kellerdesign.de\/wp-content\/uploads\/2024\/03\/Keller-Design-Messen-Events-Messebau-Stuttgart-Holzpaletten.jpg 500w, https:\/\/kellerdesign.de\/wp-content\/uploads\/2024\/03\/Keller-Design-Messen-Events-Messebau-Stuttgart-Holzpaletten-300x195.jpg 300w\" sizes=\"auto, (max-width: 500px) 100vw, 500px\" \/><\/a><\/figure>\n<\/div>\n\n\n\n<div class=\"wp-block-column is-layout-flow wp-block-column-is-layout-flow\">\n<figure class=\"wp-block-image size-full has-custom-border\"><a href=\"https:\/\/kellerdesign.de\/wp-content\/uploads\/2024\/03\/Keller-Design-Messen-Events-Messebau-Stuttgart-Acryl-Logo.jpg\" target=\"_blank\" rel=\"noreferrer noopener\"><img loading=\"lazy\" decoding=\"async\" width=\"500\" height=\"325\" src=\"https:\/\/kellerdesign.de\/wp-content\/uploads\/2024\/03\/Keller-Design-Messen-Events-Messebau-Stuttgart-Acryl-Logo.jpg\" alt=\"LogiMat-2024-in-Stuttgart-Messebau-KellerDesign\" class=\"wp-image-9306\" style=\"border-radius:10px\" srcset=\"https:\/\/kellerdesign.de\/wp-content\/uploads\/2024\/03\/Keller-Design-Messen-Events-Messebau-Stuttgart-Acryl-Logo.jpg 500w, https:\/\/kellerdesign.de\/wp-content\/uploads\/2024\/03\/Keller-Design-Messen-Events-Messebau-Stuttgart-Acryl-Logo-300x195.jpg 300w\" sizes=\"auto, (max-width: 500px) 100vw, 500px\" \/><\/a><\/figure>\n<\/div>\n<\/div>\n\n\n\n<div style=\"height:10px\" aria-hidden=\"true\" class=\"wp-block-spacer\"><\/div>\n\n\n\n<p><sup><em>Fotos: Storz Medienfabrik GmbH<\/em><\/sup><\/p>\n\n\n\n<div style=\"height:100px\" aria-hidden=\"true\" class=\"wp-block-spacer\"><\/div>\n\n\n\n<h6 class=\"wp-block-heading\"><em><a href=\"https:\/\/www.logimat-messe.de\/\" target=\"_blank\" rel=\"noreferrer noopener\">LogiMat 2024 in Stuttgart<\/a><\/em><\/h6>\n","protected":false},"excerpt":{"rendered":"<p>LogiMat 2024 in Stuttgart vom 19. \u2013 21. M\u00e4rz Die LogiMAT in Stuttgart ist eine internationale Fachmesse f\u00fcr Intralogistik-L\u00f6sungen und Prozessmanagement. Aussteller aus aller Welt zeigen hier innovative Technologien, Produkte, Systeme und L\u00f6sungen zur Rationalisierung, Prozessoptimierung und Kostensenkung der innerbetrieblichen logistischen Prozesse. Eine wichtige Messe f\u00fcr den Messestandort Stuttgart. Mit der Agentur Storz Medienfabrik GmbH [&hellip;]<\/p>\n","protected":false},"author":1,"featured_media":0,"comment_status":"closed","ping_status":"open","sticky":false,"template":"","format":"standard","meta":{"_coblocks_attr":"","_coblocks_dimensions":"","_coblocks_responsive_height":"","_coblocks_accordion_ie_support":"","site-sidebar-layout":"default","site-content-layout":"","ast-site-content-layout":"default","site-content-style":"default","site-sidebar-style":"default","ast-global-header-display":"","ast-banner-title-visibility":"","ast-main-header-display":"","ast-hfb-above-header-display":"","ast-hfb-below-header-display":"","ast-hfb-mobile-header-display":"","site-post-title":"","ast-breadcrumbs-content":"","ast-featured-img":"","footer-sml-layout":"","ast-disable-related-posts":"","theme-transparent-header-meta":"","adv-header-id-meta":"","stick-header-meta":"","header-above-stick-meta":"","header-main-stick-meta":"","header-below-stick-meta":"","astra-migrate-meta-layouts":"set","ast-page-background-enabled":"default","ast-page-background-meta":{"desktop":{"background-color":"","background-image":"","background-repeat":"repeat","background-position":"center center","background-size":"auto","background-attachment":"scroll","background-type":"","background-media":"","overlay-type":"","overlay-color":"","overlay-opacity":"","overlay-gradient":""},"tablet":{"background-color":"","background-image":"","background-repeat":"repeat","background-position":"center center","background-size":"auto","background-attachment":"scroll","background-type":"","background-media":"","overlay-type":"","overlay-color":"","overlay-opacity":"","overlay-gradient":""},"mobile":{"background-color":"","background-image":"","background-repeat":"repeat","background-position":"center center","background-size":"auto","background-attachment":"scroll","background-type":"","background-media":"","overlay-type":"","overlay-color":"","overlay-opacity":"","overlay-gradient":""}},"ast-content-background-meta":{"desktop":{"background-color":"var(--ast-global-color-5)","background-image":"","background-repeat":"repeat","background-position":"center center","background-size":"auto","background-attachment":"scroll","background-type":"","background-media":"","overlay-type":"","overlay-color":"","overlay-opacity":"","overlay-gradient":""},"tablet":{"background-color":"var(--ast-global-color-5)","background-image":"","background-repeat":"repeat","background-position":"center center","background-size":"auto","background-attachment":"scroll","background-type":"","background-media":"","overlay-type":"","overlay-color":"","overlay-opacity":"","overlay-gradient":""},"mobile":{"background-color":"var(--ast-global-color-5)","background-image":"","background-repeat":"repeat","background-position":"center center","background-size":"auto","background-attachment":"scroll","background-type":"","background-media":"","overlay-type":"","overlay-color":"","overlay-opacity":"","overlay-gradient":""}},"_jetpack_memberships_contains_paid_content":false,"footnotes":""},"categories":[45],"tags":[142,40,306,282,184,334,308,140,74,260,46,307,327],"class_list":["post-9267","post","type-post","status-publish","format-standard","hentry","category-messestaende-mit-charakter","tag-messe-stuttgart","tag-messebau","tag-messebau-2024","tag-messebau-stuttgart","tag-messelogistik","tag-messen-stuttgart","tag-messestandort-stuttgart","tag-motivbanner","tag-neukundengewinnung","tag-palettenwaende","tag-standbau","tag-standbau-2024","tag-standbau-stuttgart"],"jetpack_featured_media_url":"","jetpack_sharing_enabled":true,"_links":{"self":[{"href":"https:\/\/kellerdesign.de\/index.php\/wp-json\/wp\/v2\/posts\/9267","targetHints":{"allow":["GET"]}}],"collection":[{"href":"https:\/\/kellerdesign.de\/index.php\/wp-json\/wp\/v2\/posts"}],"about":[{"href":"https:\/\/kellerdesign.de\/index.php\/wp-json\/wp\/v2\/types\/post"}],"author":[{"embeddable":true,"href":"https:\/\/kellerdesign.de\/index.php\/wp-json\/wp\/v2\/users\/1"}],"replies":[{"embeddable":true,"href":"https:\/\/kellerdesign.de\/index.php\/wp-json\/wp\/v2\/comments?post=9267"}],"version-history":[{"count":24,"href":"https:\/\/kellerdesign.de\/index.php\/wp-json\/wp\/v2\/posts\/9267\/revisions"}],"predecessor-version":[{"id":9316,"href":"https:\/\/kellerdesign.de\/index.php\/wp-json\/wp\/v2\/posts\/9267\/revisions\/9316"}],"wp:attachment":[{"href":"https:\/\/kellerdesign.de\/index.php\/wp-json\/wp\/v2\/media?parent=9267"}],"wp:term":[{"taxonomy":"category","embeddable":true,"href":"https:\/\/kellerdesign.de\/index.php\/wp-json\/wp\/v2\/categories?post=9267"},{"taxonomy":"post_tag","embeddable":true,"href":"https:\/\/kellerdesign.de\/index.php\/wp-json\/wp\/v2\/tags?post=9267"}],"curies":[{"name":"wp","href":"https:\/\/api.w.org\/{rel}","templated":true}]}}