{"id":9476,"date":"2024-05-16T15:42:25","date_gmt":"2024-05-16T13:42:25","guid":{"rendered":"https:\/\/kellerdesign.de\/?p=9476"},"modified":"2025-08-07T10:26:58","modified_gmt":"2025-08-07T08:26:58","slug":"optatec-2024-in-frankfurt","status":"publish","type":"post","link":"https:\/\/kellerdesign.de\/index.php\/2024\/05\/16\/optatec-2024-in-frankfurt\/","title":{"rendered":"Optatec 2024 in Frankfurt"},"content":{"rendered":"\n<p class=\"has-text-color has-link-color wp-elements-45bd9ddbe01e592dba08d396e65ca696\" style=\"color:#555555\">Optatec 2024 in Frankfurt vom 14. \u2013 16. Mai <br><br><strong>Kooperation:<\/strong> <br>Werbeagentur Regelmann GmbH &amp; Co. KG <br><strong>Projektierung:<\/strong> <br>Regelmann und Keller Design <br><strong>Ausf\u00fchrung:<\/strong> <br>Keller Design \u2013 Messen &amp; Events \u2013 GmbH <br><br>Die Messe Optatec in Frankfurt ist die internationale Fachmesse optischer Technologien, Komponenten, Systeme und Fertigung f\u00fcr die Zukunft. Nationale und internationale Aussteller pr\u00e4sentieren auf der Fachmesse in Frankfurt ihre Innovationen. <br><br>In Frankfurt haben wir in Zusammenarbeit mit unserem Kooperationspartner, der <strong><a href=\"https:\/\/www.regelmann.de\/\" target=\"_blank\" rel=\"noopener\">Werbeagentur Regelmann GmbH &amp; Co. KG<\/a><\/strong>, einen 25 m\u00b2 gro\u00dfen Messestand f\u00fcr die Firma <strong><a href=\"https:\/\/www.physikinstrumente.de\/de\/\" target=\"_blank\" rel=\"noopener\">PI &#8211; Physik Instrumente (PI) GmbH &amp; Co. KG<\/a><\/strong> geplant und aufgebaut. <strong><a href=\"https:\/\/kellerdesign.de\/wp-content\/uploads\/2024\/04\/Keller-Design-Messen-Events-Standbau-Stuttgart-LED-Logos-Banner-30m%C2%B2.jpg\" target=\"_blank\" rel=\"noreferrer noopener\">Das Wei\u00df-Schwarz-Standkonzept<\/a><\/strong> der Firma PI blieb bestehen und war optisch mal wieder ein Hingucker. Eine formsch\u00f6ne Bauweise mit Lichtakzenten wie LED-Logos und einem schwarzen Banner, das lediglich an bestimmten Stellen hinterleuchtet wurde, sorgte f\u00fcr ein harmonisches Gesamtbild <br>mit stimmigen Lichtakzenten. <br><br>Wir bedanken uns f\u00fcr die erneute Beauftragung und freuen uns auf die weiteren Projekte.<br><br>Ihr n\u00e4chstes Messeprojekt steht an? Unser Team steht in den Startl\u00f6chern \u2013 jetzt Kontakt aufnehmen. <a href=\"https:\/\/kellerdesign.de\/index.php\/kontakt-kellerdesign\/\" target=\"_blank\" rel=\"noreferrer noopener\"><img loading=\"lazy\" decoding=\"async\" width=\"12\" height=\"12\" class=\"wp-image-11501\" style=\"width: 12px;\" src=\"https:\/\/kellerdesign.de\/wp-content\/uploads\/2025\/02\/link-symbol.png\" alt=\"verlinkung-keller-design\" srcset=\"https:\/\/kellerdesign.de\/wp-content\/uploads\/2025\/02\/link-symbol.png 300w, https:\/\/kellerdesign.de\/wp-content\/uploads\/2025\/02\/link-symbol-150x150.png 150w\" sizes=\"auto, (max-width: 12px) 100vw, 12px\" \/><\/a><\/p>\n\n\n\n<div style=\"height:25px\" aria-hidden=\"true\" class=\"wp-block-spacer\"><\/div>\n\n\n\n<figure class=\"wp-block-image size-full is-resized\"><img loading=\"lazy\" decoding=\"async\" width=\"200\" height=\"200\" src=\"https:\/\/kellerdesign.de\/wp-content\/uploads\/2025\/08\/optatec-2024-in-frankfurt.jpg\" alt=\"optatec-2024-in-frankfurt\" class=\"wp-image-12967\" style=\"width:124px;height:auto\" srcset=\"https:\/\/kellerdesign.de\/wp-content\/uploads\/2025\/08\/optatec-2024-in-frankfurt.jpg 200w, https:\/\/kellerdesign.de\/wp-content\/uploads\/2025\/08\/optatec-2024-in-frankfurt-150x150.jpg 150w\" sizes=\"auto, (max-width: 200px) 100vw, 200px\" \/><\/figure>\n\n\n\n<div style=\"height:100px\" aria-hidden=\"true\" class=\"wp-block-spacer\"><\/div>\n\n\n\n<h6 class=\"wp-block-heading\"><em><a href=\"https:\/\/www.optatec-messe.de\/\" target=\"_blank\" rel=\"noopener\">Optatec 2024 in Frankfurt<\/a><\/em><\/h6>\n","protected":false},"excerpt":{"rendered":"<p>Optatec 2024 in Frankfurt vom 14. \u2013 16. Mai Kooperation: Werbeagentur Regelmann GmbH &amp; Co. KG Projektierung: Regelmann und Keller Design Ausf\u00fchrung: Keller Design \u2013 Messen &amp; Events \u2013 GmbH Die Messe Optatec in Frankfurt ist die internationale Fachmesse optischer Technologien, Komponenten, Systeme und Fertigung f\u00fcr die Zukunft. Nationale und internationale Aussteller pr\u00e4sentieren auf der [&hellip;]<\/p>\n","protected":false},"author":1,"featured_media":0,"comment_status":"closed","ping_status":"open","sticky":false,"template":"","format":"standard","meta":{"_coblocks_attr":"","_coblocks_dimensions":"","_coblocks_responsive_height":"","_coblocks_accordion_ie_support":"","site-sidebar-layout":"default","site-content-layout":"","ast-site-content-layout":"default","site-content-style":"default","site-sidebar-style":"default","ast-global-header-display":"","ast-banner-title-visibility":"","ast-main-header-display":"","ast-hfb-above-header-display":"","ast-hfb-below-header-display":"","ast-hfb-mobile-header-display":"","site-post-title":"","ast-breadcrumbs-content":"","ast-featured-img":"","footer-sml-layout":"","ast-disable-related-posts":"","theme-transparent-header-meta":"","adv-header-id-meta":"","stick-header-meta":"","header-above-stick-meta":"","header-main-stick-meta":"","header-below-stick-meta":"","astra-migrate-meta-layouts":"set","ast-page-background-enabled":"default","ast-page-background-meta":{"desktop":{"background-color":"","background-image":"","background-repeat":"repeat","background-position":"center center","background-size":"auto","background-attachment":"scroll","background-type":"","background-media":"","overlay-type":"","overlay-color":"","overlay-opacity":"","overlay-gradient":""},"tablet":{"background-color":"","background-image":"","background-repeat":"repeat","background-position":"center center","background-size":"auto","background-attachment":"scroll","background-type":"","background-media":"","overlay-type":"","overlay-color":"","overlay-opacity":"","overlay-gradient":""},"mobile":{"background-color":"","background-image":"","background-repeat":"repeat","background-position":"center center","background-size":"auto","background-attachment":"scroll","background-type":"","background-media":"","overlay-type":"","overlay-color":"","overlay-opacity":"","overlay-gradient":""}},"ast-content-background-meta":{"desktop":{"background-color":"var(--ast-global-color-5)","background-image":"","background-repeat":"repeat","background-position":"center center","background-size":"auto","background-attachment":"scroll","background-type":"","background-media":"","overlay-type":"","overlay-color":"","overlay-opacity":"","overlay-gradient":""},"tablet":{"background-color":"var(--ast-global-color-5)","background-image":"","background-repeat":"repeat","background-position":"center center","background-size":"auto","background-attachment":"scroll","background-type":"","background-media":"","overlay-type":"","overlay-color":"","overlay-opacity":"","overlay-gradient":""},"mobile":{"background-color":"var(--ast-global-color-5)","background-image":"","background-repeat":"repeat","background-position":"center center","background-size":"auto","background-attachment":"scroll","background-type":"","background-media":"","overlay-type":"","overlay-color":"","overlay-opacity":"","overlay-gradient":""}},"_jetpack_memberships_contains_paid_content":false,"footnotes":""},"categories":[45],"tags":[54,257,73,160,47,40,306,321,61,159,184,46,307],"class_list":["post-9476","post","type-post","status-publish","format-standard","hentry","category-messestaende-mit-charakter","tag-beschriftung","tag-led-banner-rahmen","tag-messe","tag-messe-frankfurt","tag-messebanner","tag-messebau","tag-messebau-2024","tag-messebau-frankfurt","tag-messebeschriftung","tag-messegrafik","tag-messelogistik","tag-standbau","tag-standbau-2024"],"jetpack_featured_media_url":"","jetpack_sharing_enabled":true,"_links":{"self":[{"href":"https:\/\/kellerdesign.de\/index.php\/wp-json\/wp\/v2\/posts\/9476","targetHints":{"allow":["GET"]}}],"collection":[{"href":"https:\/\/kellerdesign.de\/index.php\/wp-json\/wp\/v2\/posts"}],"about":[{"href":"https:\/\/kellerdesign.de\/index.php\/wp-json\/wp\/v2\/types\/post"}],"author":[{"embeddable":true,"href":"https:\/\/kellerdesign.de\/index.php\/wp-json\/wp\/v2\/users\/1"}],"replies":[{"embeddable":true,"href":"https:\/\/kellerdesign.de\/index.php\/wp-json\/wp\/v2\/comments?post=9476"}],"version-history":[{"count":12,"href":"https:\/\/kellerdesign.de\/index.php\/wp-json\/wp\/v2\/posts\/9476\/revisions"}],"predecessor-version":[{"id":12969,"href":"https:\/\/kellerdesign.de\/index.php\/wp-json\/wp\/v2\/posts\/9476\/revisions\/12969"}],"wp:attachment":[{"href":"https:\/\/kellerdesign.de\/index.php\/wp-json\/wp\/v2\/media?parent=9476"}],"wp:term":[{"taxonomy":"category","embeddable":true,"href":"https:\/\/kellerdesign.de\/index.php\/wp-json\/wp\/v2\/categories?post=9476"},{"taxonomy":"post_tag","embeddable":true,"href":"https:\/\/kellerdesign.de\/index.php\/wp-json\/wp\/v2\/tags?post=9476"}],"curies":[{"name":"wp","href":"https:\/\/api.w.org\/{rel}","templated":true}]}}