{"id":9601,"date":"2024-06-18T15:46:15","date_gmt":"2024-06-18T13:46:15","guid":{"rendered":"https:\/\/kellerdesign.de\/?p=9601"},"modified":"2024-06-18T15:46:20","modified_gmt":"2024-06-18T13:46:20","slug":"2024-fachkonferenz","status":"publish","type":"post","link":"https:\/\/kellerdesign.de\/index.php\/2024\/06\/18\/2024-fachkonferenz\/","title":{"rendered":"2024 Fachkonferenz DOXNET in Baden-Baden"},"content":{"rendered":"\n<p class=\"has-text-color has-link-color wp-elements-3f0feabcecb580bbba22aedab0b45705\" style=\"color:#555555\">2024 Fachkonferenz DOXNET in Baden-Baden vom 17. \u2013 19. Juni <br><br>DOXNET Fachkonferenz &amp; Ausstellung \u2013 eine Veranstaltung in Baden-Baden. <br><br>Auch dieses Jahr sind wir f\u00fcr die Firma <strong><a href=\"https:\/\/www.compart.com\/de\/home\" target=\"_blank\" rel=\"noreferrer noopener\">Compart GmbH<\/a><\/strong> aus B\u00f6blingen \u2013 mit einem \u00fcberarbeiteten Standkonzept &#8211; t\u00e4tig geworden. Das dunkle Mobiliar musste freundlichen, wei\u00dfen Besprechungsst\u00fchlen, Barhockern und Countern weichen, die sich super vom roten Teppichboden abhoben, um Platz f\u00fcr gute Gespr\u00e4che zu schaffen.<br>Die gro\u00dfen, vollfl\u00e4chigen Motivbanner wurden an allen drei Seiten ringsum nahtlos in das Messesystem integriert, um so eine modernere Pr\u00e4sentationsfl\u00e4che f\u00fcr unseren Kunden zu schaffen. <br><br>Vielen Dank f\u00fcr das Vertrauen.\u00a0<\/p>\n\n\n\n<div style=\"height:25px\" aria-hidden=\"true\" class=\"wp-block-spacer\"><\/div>\n\n\n\n<div class=\"wp-block-columns is-layout-flex wp-container-core-columns-is-layout-28f84493 wp-block-columns-is-layout-flex\">\n<div class=\"wp-block-column is-layout-flow wp-block-column-is-layout-flow\">\n<figure class=\"wp-block-image size-full is-resized has-custom-border\"><a href=\"https:\/\/kellerdesign.de\/wp-content\/uploads\/2024\/06\/Keller-Design-Messen-Events-Baden-Baden-Fachkonferenz-20m\u00b2.jpg\" target=\"_blank\" rel=\"noreferrer noopener\"><img loading=\"lazy\" decoding=\"async\" width=\"550\" height=\"400\" src=\"https:\/\/kellerdesign.de\/wp-content\/uploads\/2024\/06\/Keller-Design-Messen-Events-Baden-Baden-Fachkonferenz-20m\u00b2.jpg\" alt=\"2024-fachkonferenz-doxnet-motivbanner\" class=\"wp-image-9599\" style=\"border-radius:15px;width:290px;height:auto\" srcset=\"https:\/\/kellerdesign.de\/wp-content\/uploads\/2024\/06\/Keller-Design-Messen-Events-Baden-Baden-Fachkonferenz-20m\u00b2.jpg 550w, https:\/\/kellerdesign.de\/wp-content\/uploads\/2024\/06\/Keller-Design-Messen-Events-Baden-Baden-Fachkonferenz-20m\u00b2-300x218.jpg 300w\" sizes=\"auto, (max-width: 550px) 100vw, 550px\" \/><\/a><\/figure>\n<\/div>\n\n\n\n<div class=\"wp-block-column is-layout-flow wp-block-column-is-layout-flow\">\n<figure class=\"wp-block-image size-full is-resized has-custom-border\"><a href=\"https:\/\/kellerdesign.de\/wp-content\/uploads\/2024\/06\/Keller-Design-Messen-Events-Fachkonferenz-BadenBaden-20m\u00b2.jpg\" target=\"_blank\" rel=\"noreferrer noopener\"><img loading=\"lazy\" decoding=\"async\" width=\"550\" height=\"400\" src=\"https:\/\/kellerdesign.de\/wp-content\/uploads\/2024\/06\/Keller-Design-Messen-Events-Fachkonferenz-BadenBaden-20m\u00b2.jpg\" alt=\"2024-fachkonferenz-doxnet-standbau-motivbanner\" class=\"wp-image-9600\" style=\"border-radius:15px;width:290px;height:auto\" srcset=\"https:\/\/kellerdesign.de\/wp-content\/uploads\/2024\/06\/Keller-Design-Messen-Events-Fachkonferenz-BadenBaden-20m\u00b2.jpg 550w, https:\/\/kellerdesign.de\/wp-content\/uploads\/2024\/06\/Keller-Design-Messen-Events-Fachkonferenz-BadenBaden-20m\u00b2-300x218.jpg 300w\" sizes=\"auto, (max-width: 550px) 100vw, 550px\" \/><\/a><\/figure>\n<\/div>\n<\/div>\n\n\n\n<div style=\"height:100px\" aria-hidden=\"true\" class=\"wp-block-spacer\"><\/div>\n\n\n\n<h6 class=\"wp-block-heading\"><em><a href=\"https:\/\/www.doxnet.de\/\" target=\"_blank\" rel=\"noopener\">2024 Fachkonferenz DOXNET in Baden-Baden<\/a><\/em><\/h6>\n","protected":false},"excerpt":{"rendered":"<p>2024 Fachkonferenz DOXNET in Baden-Baden vom 17. \u2013 19. Juni DOXNET Fachkonferenz &amp; Ausstellung \u2013 eine Veranstaltung in Baden-Baden. Auch dieses Jahr sind wir f\u00fcr die Firma Compart GmbH aus B\u00f6blingen \u2013 mit einem \u00fcberarbeiteten Standkonzept &#8211; t\u00e4tig geworden. Das dunkle Mobiliar musste freundlichen, wei\u00dfen Besprechungsst\u00fchlen, Barhockern und Countern weichen, die sich super vom roten [&hellip;]<\/p>\n","protected":false},"author":1,"featured_media":0,"comment_status":"closed","ping_status":"open","sticky":false,"template":"","format":"standard","meta":{"_coblocks_attr":"","_coblocks_dimensions":"","_coblocks_responsive_height":"","_coblocks_accordion_ie_support":"","site-sidebar-layout":"default","site-content-layout":"","ast-site-content-layout":"default","site-content-style":"default","site-sidebar-style":"default","ast-global-header-display":"","ast-banner-title-visibility":"","ast-main-header-display":"","ast-hfb-above-header-display":"","ast-hfb-below-header-display":"","ast-hfb-mobile-header-display":"","site-post-title":"","ast-breadcrumbs-content":"","ast-featured-img":"","footer-sml-layout":"","ast-disable-related-posts":"","theme-transparent-header-meta":"","adv-header-id-meta":"","stick-header-meta":"","header-above-stick-meta":"","header-main-stick-meta":"","header-below-stick-meta":"","astra-migrate-meta-layouts":"set","ast-page-background-enabled":"default","ast-page-background-meta":{"desktop":{"background-color":"","background-image":"","background-repeat":"repeat","background-position":"center center","background-size":"auto","background-attachment":"scroll","background-type":"","background-media":"","overlay-type":"","overlay-color":"","overlay-opacity":"","overlay-gradient":""},"tablet":{"background-color":"","background-image":"","background-repeat":"repeat","background-position":"center center","background-size":"auto","background-attachment":"scroll","background-type":"","background-media":"","overlay-type":"","overlay-color":"","overlay-opacity":"","overlay-gradient":""},"mobile":{"background-color":"","background-image":"","background-repeat":"repeat","background-position":"center center","background-size":"auto","background-attachment":"scroll","background-type":"","background-media":"","overlay-type":"","overlay-color":"","overlay-opacity":"","overlay-gradient":""}},"ast-content-background-meta":{"desktop":{"background-color":"var(--ast-global-color-5)","background-image":"","background-repeat":"repeat","background-position":"center center","background-size":"auto","background-attachment":"scroll","background-type":"","background-media":"","overlay-type":"","overlay-color":"","overlay-opacity":"","overlay-gradient":""},"tablet":{"background-color":"var(--ast-global-color-5)","background-image":"","background-repeat":"repeat","background-position":"center center","background-size":"auto","background-attachment":"scroll","background-type":"","background-media":"","overlay-type":"","overlay-color":"","overlay-opacity":"","overlay-gradient":""},"mobile":{"background-color":"var(--ast-global-color-5)","background-image":"","background-repeat":"repeat","background-position":"center center","background-size":"auto","background-attachment":"scroll","background-type":"","background-media":"","overlay-type":"","overlay-color":"","overlay-opacity":"","overlay-gradient":""}},"_jetpack_memberships_contains_paid_content":false,"footnotes":""},"categories":[45],"tags":[23,134,73,40,306,159,184,51,140,307],"class_list":["post-9601","post","type-post","status-publish","format-standard","hentry","category-messestaende-mit-charakter","tag-ausstattung","tag-logistik","tag-messe","tag-messebau","tag-messebau-2024","tag-messegrafik","tag-messelogistik","tag-messestand","tag-motivbanner","tag-standbau-2024"],"jetpack_featured_media_url":"","jetpack_sharing_enabled":true,"_links":{"self":[{"href":"https:\/\/kellerdesign.de\/index.php\/wp-json\/wp\/v2\/posts\/9601","targetHints":{"allow":["GET"]}}],"collection":[{"href":"https:\/\/kellerdesign.de\/index.php\/wp-json\/wp\/v2\/posts"}],"about":[{"href":"https:\/\/kellerdesign.de\/index.php\/wp-json\/wp\/v2\/types\/post"}],"author":[{"embeddable":true,"href":"https:\/\/kellerdesign.de\/index.php\/wp-json\/wp\/v2\/users\/1"}],"replies":[{"embeddable":true,"href":"https:\/\/kellerdesign.de\/index.php\/wp-json\/wp\/v2\/comments?post=9601"}],"version-history":[{"count":7,"href":"https:\/\/kellerdesign.de\/index.php\/wp-json\/wp\/v2\/posts\/9601\/revisions"}],"predecessor-version":[{"id":9608,"href":"https:\/\/kellerdesign.de\/index.php\/wp-json\/wp\/v2\/posts\/9601\/revisions\/9608"}],"wp:attachment":[{"href":"https:\/\/kellerdesign.de\/index.php\/wp-json\/wp\/v2\/media?parent=9601"}],"wp:term":[{"taxonomy":"category","embeddable":true,"href":"https:\/\/kellerdesign.de\/index.php\/wp-json\/wp\/v2\/categories?post=9601"},{"taxonomy":"post_tag","embeddable":true,"href":"https:\/\/kellerdesign.de\/index.php\/wp-json\/wp\/v2\/tags?post=9601"}],"curies":[{"name":"wp","href":"https:\/\/api.w.org\/{rel}","templated":true}]}}