{"id":9651,"date":"2024-07-01T10:00:00","date_gmt":"2024-07-01T08:00:00","guid":{"rendered":"https:\/\/kellerdesign.de\/?p=9651"},"modified":"2024-08-30T09:42:58","modified_gmt":"2024-08-30T07:42:58","slug":"stanztec-2024-in-pforzheim","status":"publish","type":"post","link":"https:\/\/kellerdesign.de\/index.php\/2024\/07\/01\/stanztec-2024-in-pforzheim\/","title":{"rendered":"StanzTec 2024 in Pforzheim &#8211; die Fachmesse f\u00fcr Stanztechnik"},"content":{"rendered":"\n<p class=\"has-text-color has-link-color wp-elements-885773ef09075f838cb3875c70b149f9\" style=\"color:#555555\">StanzTec 2024 in Pforzheim &#8211; Messebau in der Goldstadt <br><br>Auf der Fachmesse f\u00fcr Stanztechnik pr\u00e4sentieren zahlreiche Aussteller ein breites Spektrum an Technologien, Verfahren, Produkten, Werkzeugen und Produktionseinrichtungen. <br>Die StanzTec Pforzheim bildet \u00fcberwiegend den regionalen Anbieter-Markt ab. <br><br>Wir haben insgesamt sieben Aussteller auf der Messe in Pforzheim betreut. F\u00fcr einige der Aussteller wurde der komplette Standbau \u00fcbernommen, w\u00e4hrend andere lediglich die Standausstattung in Form von Mietm\u00f6beln und Grafikbeschriftungen \u00fcber uns erhielten. <br><br><strong><a href=\"https:\/\/www.marquardt-stanzteile.de\/\" target=\"_blank\" rel=\"noopener\">Marquardt Metallwaren und Werkzeugbau GmbH<\/a><\/strong> \u2013 Systembau, 17 m\u00b2 <br><br><strong><a href=\"https:\/\/www.omab.eu\/it\/\" target=\"_blank\" rel=\"noopener\">OMAB S.r.l. Italien<\/a><\/strong> \u2013 Systembau, 12 m\u00b2 <br><br><strong><a href=\"https:\/\/www.imo-gmbh.com\/\" target=\"_blank\" rel=\"noopener\">IMO Oberfl\u00e4chentechnik GmbH<\/a><\/strong> \u2013 Systembau, 19 m\u00b2 <br><br><strong><a href=\"https:\/\/waidner-stanztechnik.de\/\" target=\"_blank\" rel=\"noopener\">Thomas Waidner GmbH<\/a><\/strong> \u2013 Systembau, 18 m\u00b2 <br><br><strong><a href=\"https:\/\/www.rueckher-gmbh.de\/\" target=\"_blank\" rel=\"noopener\">R\u00fcckher GmbH<\/a><\/strong> \u2013 Systembau, 15 m\u00b2 <br><strong><a href=\"https:\/\/www.hafner-spools.com\/\" target=\"_blank\" rel=\"noopener\"><br>H\u00e4fner &amp; Krullmann GmbH<\/a><\/strong> \u2013 Standausstattung \/ Mietm\u00f6bel und Blendenbeschriftung <br><br><a href=\"http:\/\/www.ut-umformtechnik.de\/?uid=27857d7ea1296d8039608c109a9597db&amp;id=start\" target=\"_blank\" rel=\"noopener\"><strong>UT UmformTechnik St\u00f6hrer GmbH &amp; Co. KG<\/strong> <\/a>\u2013 Standausstattung \/ Mietm\u00f6bel und Blendenbeschriftung <br><br>Wir w\u00fcnschen erfolgreiche Messetage. Danke f\u00fcr Ihre Treue.<\/p>\n\n\n\n<div class=\"wp-block-columns is-layout-flex wp-container-core-columns-is-layout-28f84493 wp-block-columns-is-layout-flex\">\n<div class=\"wp-block-column is-layout-flow wp-block-column-is-layout-flow\">\n<figure class=\"wp-block-image size-full has-custom-border\"><a href=\"https:\/\/kellerdesign.de\/wp-content\/uploads\/2024\/06\/Keller-Design-Messen-Events-Regionalmesse-Pforzheim-17m\u00b2.jpg\" target=\"_blank\" rel=\"noreferrer noopener\"><img loading=\"lazy\" decoding=\"async\" width=\"600\" height=\"450\" src=\"https:\/\/kellerdesign.de\/wp-content\/uploads\/2024\/06\/Keller-Design-Messen-Events-Regionalmesse-Pforzheim-17m\u00b2.jpg\" alt=\"stanztec-2024-in-pforzheim-systembau-motivbanner\" class=\"wp-image-9712\" style=\"border-radius:10px\" srcset=\"https:\/\/kellerdesign.de\/wp-content\/uploads\/2024\/06\/Keller-Design-Messen-Events-Regionalmesse-Pforzheim-17m\u00b2.jpg 600w, https:\/\/kellerdesign.de\/wp-content\/uploads\/2024\/06\/Keller-Design-Messen-Events-Regionalmesse-Pforzheim-17m\u00b2-300x225.jpg 300w\" sizes=\"auto, (max-width: 600px) 100vw, 600px\" \/><\/a><\/figure>\n<\/div>\n\n\n\n<div class=\"wp-block-column is-layout-flow wp-block-column-is-layout-flow\">\n<figure class=\"wp-block-image size-full has-custom-border\"><a href=\"https:\/\/kellerdesign.de\/wp-content\/uploads\/2024\/06\/Keller-Design-Messen-Events-Standbau-Regiomesse-Pforzheim-17m\u00b2.jpg\" target=\"_blank\" rel=\"noreferrer noopener\"><img loading=\"lazy\" decoding=\"async\" width=\"600\" height=\"450\" src=\"https:\/\/kellerdesign.de\/wp-content\/uploads\/2024\/06\/Keller-Design-Messen-Events-Standbau-Regiomesse-Pforzheim-17m\u00b2.jpg\" alt=\"stanztec-2024-in-pforzheim-messebau-werbetechnik\" class=\"wp-image-9714\" style=\"border-radius:10px\" srcset=\"https:\/\/kellerdesign.de\/wp-content\/uploads\/2024\/06\/Keller-Design-Messen-Events-Standbau-Regiomesse-Pforzheim-17m\u00b2.jpg 600w, https:\/\/kellerdesign.de\/wp-content\/uploads\/2024\/06\/Keller-Design-Messen-Events-Standbau-Regiomesse-Pforzheim-17m\u00b2-300x225.jpg 300w\" sizes=\"auto, (max-width: 600px) 100vw, 600px\" \/><\/a><\/figure>\n<\/div>\n\n\n\n<div class=\"wp-block-column is-layout-flow wp-block-column-is-layout-flow\">\n<figure class=\"wp-block-image size-full has-custom-border\"><a href=\"https:\/\/kellerdesign.de\/wp-content\/uploads\/2024\/06\/Keller-Design-Messen-Events-Messebau-Pforzheim-19m\u00b2.jpg\" target=\"_blank\" rel=\"noreferrer noopener\"><img loading=\"lazy\" decoding=\"async\" width=\"600\" height=\"450\" src=\"https:\/\/kellerdesign.de\/wp-content\/uploads\/2024\/06\/Keller-Design-Messen-Events-Messebau-Pforzheim-19m\u00b2.jpg\" alt=\"stanztec-2024-pforzheim-motivbanner-messebau\" class=\"wp-image-9716\" style=\"border-radius:10px\" srcset=\"https:\/\/kellerdesign.de\/wp-content\/uploads\/2024\/06\/Keller-Design-Messen-Events-Messebau-Pforzheim-19m\u00b2.jpg 600w, https:\/\/kellerdesign.de\/wp-content\/uploads\/2024\/06\/Keller-Design-Messen-Events-Messebau-Pforzheim-19m\u00b2-300x225.jpg 300w\" sizes=\"auto, (max-width: 600px) 100vw, 600px\" \/><\/a><\/figure>\n<\/div>\n\n\n\n<div class=\"wp-block-column is-layout-flow wp-block-column-is-layout-flow\">\n<figure class=\"wp-block-image size-full has-custom-border\"><a href=\"https:\/\/kellerdesign.de\/wp-content\/uploads\/2024\/06\/Keller-Design-Messen-Events-Messebau-Regionalmesse-Pforzheim-19m\u00b2.jpg\" target=\"_blank\" rel=\"noreferrer noopener\"><img loading=\"lazy\" decoding=\"async\" width=\"600\" height=\"450\" src=\"https:\/\/kellerdesign.de\/wp-content\/uploads\/2024\/06\/Keller-Design-Messen-Events-Messebau-Regionalmesse-Pforzheim-19m\u00b2.jpg\" alt=\"stanztec-2024-in-pforzheim-standausstattung-messebau\" class=\"wp-image-9717\" style=\"border-radius:10px\" srcset=\"https:\/\/kellerdesign.de\/wp-content\/uploads\/2024\/06\/Keller-Design-Messen-Events-Messebau-Regionalmesse-Pforzheim-19m\u00b2.jpg 600w, https:\/\/kellerdesign.de\/wp-content\/uploads\/2024\/06\/Keller-Design-Messen-Events-Messebau-Regionalmesse-Pforzheim-19m\u00b2-300x225.jpg 300w\" sizes=\"auto, (max-width: 600px) 100vw, 600px\" \/><\/a><\/figure>\n<\/div>\n<\/div>\n\n\n\n<div class=\"wp-block-columns is-layout-flex wp-container-core-columns-is-layout-28f84493 wp-block-columns-is-layout-flex\">\n<div class=\"wp-block-column is-layout-flow wp-block-column-is-layout-flow\">\n<p class=\"has-text-align-left\"><em><sup>Marquardt Metallwaren u. Werkzeugbau GmbH, 17 m\u00b2<\/sup><\/em><\/p>\n<\/div>\n\n\n\n<div class=\"wp-block-column is-layout-flow wp-block-column-is-layout-flow\">\n<p class=\"has-text-align-left\"><em><sup>IMO Oberfl\u00e4chentechnik GmbH, 19 m\u00b2<\/sup><\/em><\/p>\n<\/div>\n<\/div>\n\n\n\n<div style=\"height:25px\" aria-hidden=\"true\" class=\"wp-block-spacer\"><\/div>\n\n\n\n<div class=\"wp-block-columns is-layout-flex wp-container-core-columns-is-layout-28f84493 wp-block-columns-is-layout-flex\">\n<div class=\"wp-block-column is-layout-flow wp-block-column-is-layout-flow\">\n<figure class=\"wp-block-image size-full has-custom-border\"><a href=\"https:\/\/kellerdesign.de\/wp-content\/uploads\/2024\/06\/Keller-Design-Messen-Events-Standbau-Regiomesse-Pforzheim-18m\u00b2.jpg\" target=\"_blank\" rel=\"noreferrer noopener\"><img loading=\"lazy\" decoding=\"async\" width=\"600\" height=\"450\" src=\"https:\/\/kellerdesign.de\/wp-content\/uploads\/2024\/06\/Keller-Design-Messen-Events-Standbau-Regiomesse-Pforzheim-18m\u00b2.jpg\" alt=\"stanztec-2024-in-pforzheim-messeaustattung-messebau\" class=\"wp-image-9715\" style=\"border-radius:10px\" srcset=\"https:\/\/kellerdesign.de\/wp-content\/uploads\/2024\/06\/Keller-Design-Messen-Events-Standbau-Regiomesse-Pforzheim-18m\u00b2.jpg 600w, https:\/\/kellerdesign.de\/wp-content\/uploads\/2024\/06\/Keller-Design-Messen-Events-Standbau-Regiomesse-Pforzheim-18m\u00b2-300x225.jpg 300w\" sizes=\"auto, (max-width: 600px) 100vw, 600px\" \/><\/a><\/figure>\n<\/div>\n\n\n\n<div class=\"wp-block-column is-layout-flow wp-block-column-is-layout-flow\">\n<figure class=\"wp-block-image size-full has-custom-border\"><a href=\"https:\/\/kellerdesign.de\/wp-content\/uploads\/2024\/06\/Keller-Design-Messen-Events-Messebau-Regiomesse-Pforzheim-18m\u00b2.jpg\" target=\"_blank\" rel=\"noreferrer noopener\"><img loading=\"lazy\" decoding=\"async\" width=\"600\" height=\"450\" src=\"https:\/\/kellerdesign.de\/wp-content\/uploads\/2024\/06\/Keller-Design-Messen-Events-Messebau-Regiomesse-Pforzheim-18m\u00b2.jpg\" alt=\"stanztec-2024-in-pforzheim-systembau-messebau\" class=\"wp-image-9711\" style=\"border-radius:10px\" srcset=\"https:\/\/kellerdesign.de\/wp-content\/uploads\/2024\/06\/Keller-Design-Messen-Events-Messebau-Regiomesse-Pforzheim-18m\u00b2.jpg 600w, https:\/\/kellerdesign.de\/wp-content\/uploads\/2024\/06\/Keller-Design-Messen-Events-Messebau-Regiomesse-Pforzheim-18m\u00b2-300x225.jpg 300w\" sizes=\"auto, (max-width: 600px) 100vw, 600px\" \/><\/a><\/figure>\n<\/div>\n\n\n\n<div class=\"wp-block-column is-layout-flow wp-block-column-is-layout-flow\">\n<figure class=\"wp-block-image size-full has-custom-border\"><a href=\"https:\/\/kellerdesign.de\/wp-content\/uploads\/2024\/06\/Keller-Design-Messen-Events-Standbau-Pforzheim-12m\u00b2.jpg\" target=\"_blank\" rel=\"noreferrer noopener\"><img loading=\"lazy\" decoding=\"async\" width=\"600\" height=\"450\" src=\"https:\/\/kellerdesign.de\/wp-content\/uploads\/2024\/06\/Keller-Design-Messen-Events-Standbau-Pforzheim-12m\u00b2.jpg\" alt=\"stanztec-2024-in-pforzheim-blendenbeschriftung-standbau\" class=\"wp-image-9713\" style=\"border-radius:10px\" srcset=\"https:\/\/kellerdesign.de\/wp-content\/uploads\/2024\/06\/Keller-Design-Messen-Events-Standbau-Pforzheim-12m\u00b2.jpg 600w, https:\/\/kellerdesign.de\/wp-content\/uploads\/2024\/06\/Keller-Design-Messen-Events-Standbau-Pforzheim-12m\u00b2-300x225.jpg 300w\" sizes=\"auto, (max-width: 600px) 100vw, 600px\" \/><\/a><\/figure>\n<\/div>\n\n\n\n<div class=\"wp-block-column is-layout-flow wp-block-column-is-layout-flow\">\n<figure class=\"wp-block-image size-full has-custom-border\"><a href=\"https:\/\/kellerdesign.de\/wp-content\/uploads\/2024\/06\/Keller-Design-Messen-Events-Messebau-Pforzheim-12m\u00b2.jpg\" target=\"_blank\" rel=\"noreferrer noopener\"><img loading=\"lazy\" decoding=\"async\" width=\"600\" height=\"450\" src=\"https:\/\/kellerdesign.de\/wp-content\/uploads\/2024\/06\/Keller-Design-Messen-Events-Messebau-Pforzheim-12m\u00b2.jpg\" alt=\"stanztec-2024-in-pforzheim-messebau\" class=\"wp-image-9708\" style=\"border-radius:10px\" srcset=\"https:\/\/kellerdesign.de\/wp-content\/uploads\/2024\/06\/Keller-Design-Messen-Events-Messebau-Pforzheim-12m\u00b2.jpg 600w, https:\/\/kellerdesign.de\/wp-content\/uploads\/2024\/06\/Keller-Design-Messen-Events-Messebau-Pforzheim-12m\u00b2-300x225.jpg 300w\" sizes=\"auto, (max-width: 600px) 100vw, 600px\" \/><\/a><\/figure>\n<\/div>\n<\/div>\n\n\n\n<div class=\"wp-block-columns is-layout-flex wp-container-core-columns-is-layout-28f84493 wp-block-columns-is-layout-flex\">\n<div class=\"wp-block-column is-layout-flow wp-block-column-is-layout-flow\">\n<p class=\"has-text-align-left\"><em><sup>Thomas Waidner GmbH, 18 m\u00b2<\/sup><\/em><\/p>\n<\/div>\n\n\n\n<div class=\"wp-block-column is-layout-flow wp-block-column-is-layout-flow\">\n<p class=\"has-text-align-left\"><em><sup>OMAB S.r.l. Italien, 12 m\u00b2<\/sup><\/em><\/p>\n<\/div>\n<\/div>\n\n\n\n<div style=\"height:25px\" aria-hidden=\"true\" class=\"wp-block-spacer\"><\/div>\n\n\n\n<div class=\"wp-block-columns is-layout-flex wp-container-core-columns-is-layout-28f84493 wp-block-columns-is-layout-flex\">\n<div class=\"wp-block-column is-layout-flow wp-block-column-is-layout-flow\">\n<figure class=\"wp-block-image size-full has-custom-border\"><a href=\"https:\/\/kellerdesign.de\/wp-content\/uploads\/2024\/06\/Keller-Design-Messen-Events-Messebau-Regiomesse-Pforzheim-15m\u00b2.jpg\" target=\"_blank\" rel=\"noreferrer noopener\"><img loading=\"lazy\" decoding=\"async\" width=\"600\" height=\"450\" src=\"https:\/\/kellerdesign.de\/wp-content\/uploads\/2024\/06\/Keller-Design-Messen-Events-Messebau-Regiomesse-Pforzheim-15m\u00b2.jpg\" alt=\"stanztec-2024-in-pforzheim-systembau-standbau\" class=\"wp-image-9710\" style=\"border-radius:10px\" srcset=\"https:\/\/kellerdesign.de\/wp-content\/uploads\/2024\/06\/Keller-Design-Messen-Events-Messebau-Regiomesse-Pforzheim-15m\u00b2.jpg 600w, https:\/\/kellerdesign.de\/wp-content\/uploads\/2024\/06\/Keller-Design-Messen-Events-Messebau-Regiomesse-Pforzheim-15m\u00b2-300x225.jpg 300w\" sizes=\"auto, (max-width: 600px) 100vw, 600px\" \/><\/a><\/figure>\n<\/div>\n\n\n\n<div class=\"wp-block-column is-layout-flow wp-block-column-is-layout-flow\">\n<figure class=\"wp-block-image size-full has-custom-border\"><a href=\"https:\/\/kellerdesign.de\/wp-content\/uploads\/2024\/06\/Keller-Design-Messen-Events-Messebau-Pforzheim-15m\u00b2.jpg\" target=\"_blank\" rel=\"noreferrer noopener\"><img loading=\"lazy\" decoding=\"async\" width=\"600\" height=\"450\" src=\"https:\/\/kellerdesign.de\/wp-content\/uploads\/2024\/06\/Keller-Design-Messen-Events-Messebau-Pforzheim-15m\u00b2.jpg\" alt=\"stanztec-2024-in-pforzheim-motivbanner\" class=\"wp-image-9709\" style=\"border-radius:10px\" srcset=\"https:\/\/kellerdesign.de\/wp-content\/uploads\/2024\/06\/Keller-Design-Messen-Events-Messebau-Pforzheim-15m\u00b2.jpg 600w, https:\/\/kellerdesign.de\/wp-content\/uploads\/2024\/06\/Keller-Design-Messen-Events-Messebau-Pforzheim-15m\u00b2-300x225.jpg 300w\" sizes=\"auto, (max-width: 600px) 100vw, 600px\" \/><\/a><\/figure>\n<\/div>\n\n\n\n<div class=\"wp-block-column is-layout-flow wp-block-column-is-layout-flow\"><\/div>\n\n\n\n<div class=\"wp-block-column is-layout-flow wp-block-column-is-layout-flow\"><\/div>\n<\/div>\n\n\n\n<p><em><sup>R\u00fcckher GmbH, 15 m\u00b2<\/sup><\/em><\/p>\n\n\n\n<div style=\"height:100px\" aria-hidden=\"true\" class=\"wp-block-spacer\"><\/div>\n\n\n\n<h6 class=\"wp-block-heading\"><em><a href=\"https:\/\/www.stanztec-messe.de\/\" target=\"_blank\" rel=\"noopener\">StanzTec 2024 in Pforzheim<\/a><\/em><\/h6>\n","protected":false},"excerpt":{"rendered":"<p>StanzTec 2024 in Pforzheim &#8211; Messebau in der Goldstadt Auf der Fachmesse f\u00fcr Stanztechnik pr\u00e4sentieren zahlreiche Aussteller ein breites Spektrum an Technologien, Verfahren, Produkten, Werkzeugen und Produktionseinrichtungen. Die StanzTec Pforzheim bildet \u00fcberwiegend den regionalen Anbieter-Markt ab. Wir haben insgesamt sieben Aussteller auf der Messe in Pforzheim betreut. F\u00fcr einige der Aussteller wurde der komplette Standbau [&hellip;]<\/p>\n","protected":false},"author":1,"featured_media":0,"comment_status":"closed","ping_status":"open","sticky":false,"template":"","format":"standard","meta":{"_coblocks_attr":"","_coblocks_dimensions":"","_coblocks_responsive_height":"","_coblocks_accordion_ie_support":"","site-sidebar-layout":"default","site-content-layout":"","ast-site-content-layout":"default","site-content-style":"default","site-sidebar-style":"default","ast-global-header-display":"","ast-banner-title-visibility":"","ast-main-header-display":"","ast-hfb-above-header-display":"","ast-hfb-below-header-display":"","ast-hfb-mobile-header-display":"","site-post-title":"","ast-breadcrumbs-content":"","ast-featured-img":"","footer-sml-layout":"","ast-disable-related-posts":"","theme-transparent-header-meta":"","adv-header-id-meta":"","stick-header-meta":"","header-above-stick-meta":"","header-main-stick-meta":"","header-below-stick-meta":"","astra-migrate-meta-layouts":"set","ast-page-background-enabled":"default","ast-page-background-meta":{"desktop":{"background-color":"","background-image":"","background-repeat":"repeat","background-position":"center center","background-size":"auto","background-attachment":"scroll","background-type":"","background-media":"","overlay-type":"","overlay-color":"","overlay-opacity":"","overlay-gradient":""},"tablet":{"background-color":"","background-image":"","background-repeat":"repeat","background-position":"center center","background-size":"auto","background-attachment":"scroll","background-type":"","background-media":"","overlay-type":"","overlay-color":"","overlay-opacity":"","overlay-gradient":""},"mobile":{"background-color":"","background-image":"","background-repeat":"repeat","background-position":"center center","background-size":"auto","background-attachment":"scroll","background-type":"","background-media":"","overlay-type":"","overlay-color":"","overlay-opacity":"","overlay-gradient":""}},"ast-content-background-meta":{"desktop":{"background-color":"var(--ast-global-color-5)","background-image":"","background-repeat":"repeat","background-position":"center center","background-size":"auto","background-attachment":"scroll","background-type":"","background-media":"","overlay-type":"","overlay-color":"","overlay-opacity":"","overlay-gradient":""},"tablet":{"background-color":"var(--ast-global-color-5)","background-image":"","background-repeat":"repeat","background-position":"center center","background-size":"auto","background-attachment":"scroll","background-type":"","background-media":"","overlay-type":"","overlay-color":"","overlay-opacity":"","overlay-gradient":""},"mobile":{"background-color":"var(--ast-global-color-5)","background-image":"","background-repeat":"repeat","background-position":"center center","background-size":"auto","background-attachment":"scroll","background-type":"","background-media":"","overlay-type":"","overlay-color":"","overlay-opacity":"","overlay-gradient":""}},"_jetpack_memberships_contains_paid_content":false,"footnotes":""},"categories":[45],"tags":[23,47,40,306,184,51,315,46,307,48],"class_list":["post-9651","post","type-post","status-publish","format-standard","hentry","category-messestaende-mit-charakter","tag-ausstattung","tag-messebanner","tag-messebau","tag-messebau-2024","tag-messelogistik","tag-messestand","tag-regionalmesse","tag-standbau","tag-standbau-2024","tag-systembau"],"jetpack_featured_media_url":"","jetpack_sharing_enabled":true,"_links":{"self":[{"href":"https:\/\/kellerdesign.de\/index.php\/wp-json\/wp\/v2\/posts\/9651","targetHints":{"allow":["GET"]}}],"collection":[{"href":"https:\/\/kellerdesign.de\/index.php\/wp-json\/wp\/v2\/posts"}],"about":[{"href":"https:\/\/kellerdesign.de\/index.php\/wp-json\/wp\/v2\/types\/post"}],"author":[{"embeddable":true,"href":"https:\/\/kellerdesign.de\/index.php\/wp-json\/wp\/v2\/users\/1"}],"replies":[{"embeddable":true,"href":"https:\/\/kellerdesign.de\/index.php\/wp-json\/wp\/v2\/comments?post=9651"}],"version-history":[{"count":29,"href":"https:\/\/kellerdesign.de\/index.php\/wp-json\/wp\/v2\/posts\/9651\/revisions"}],"predecessor-version":[{"id":9745,"href":"https:\/\/kellerdesign.de\/index.php\/wp-json\/wp\/v2\/posts\/9651\/revisions\/9745"}],"wp:attachment":[{"href":"https:\/\/kellerdesign.de\/index.php\/wp-json\/wp\/v2\/media?parent=9651"}],"wp:term":[{"taxonomy":"category","embeddable":true,"href":"https:\/\/kellerdesign.de\/index.php\/wp-json\/wp\/v2\/categories?post=9651"},{"taxonomy":"post_tag","embeddable":true,"href":"https:\/\/kellerdesign.de\/index.php\/wp-json\/wp\/v2\/tags?post=9651"}],"curies":[{"name":"wp","href":"https:\/\/api.w.org\/{rel}","templated":true}]}}