{"id":9799,"date":"2024-08-28T09:02:12","date_gmt":"2024-08-28T07:02:12","guid":{"rendered":"https:\/\/kellerdesign.de\/?p=9799"},"modified":"2025-08-07T09:47:34","modified_gmt":"2025-08-07T07:47:34","slug":"stutengarten-2024","status":"publish","type":"post","link":"https:\/\/kellerdesign.de\/index.php\/2024\/08\/28\/stutengarten-2024\/","title":{"rendered":"Stutengarten 2024 \u2013 die Kinderspielstadt in Stuttgart"},"content":{"rendered":"\n<p class=\"has-text-color has-link-color wp-elements-da47512d0bff9e9e71be517be88ec06e\" style=\"color:#555555\">Stutengarten \u2013 ein Projekt der <strong><a href=\"https:\/\/www.stjg.de\/\" target=\"_blank\" rel=\"noopener\">Stuttgarter Jugendhausgesellschaft <\/a><\/strong><br><br>Bereits zum <a href=\"https:\/\/kellerdesign.de\/index.php\/2023\/08\/18\/kinderspielstadt-2023\/\">dritten Mal<\/a> unterst\u00fctzen wir dieses wunderbare Projekt im Herzen Stuttgarts.<br>Drei Wochen, in denen Kinder spielerisch an das politische, \u00f6konomische, soziale und kulturelle <br>Leben herangef\u00fchrt werden. Die Kinderspielstadt wird in diesem Jahr einen neuen Standort erhalten <br>und findet bereits zum sechzehnten Mal statt. <a href=\"https:\/\/kellerdesign.de\/index.php\/2023\/08\/18\/kinderspielstadt-2023\/\"><img loading=\"lazy\" decoding=\"async\" width=\"12\" height=\"12\" class=\"wp-image-11501\" style=\"width: 12px;\" src=\"https:\/\/kellerdesign.de\/wp-content\/uploads\/2025\/02\/link-symbol.png\" alt=\"verlinkung-keller-design\" srcset=\"https:\/\/kellerdesign.de\/wp-content\/uploads\/2025\/02\/link-symbol.png 300w, https:\/\/kellerdesign.de\/wp-content\/uploads\/2025\/02\/link-symbol-150x150.png 150w\" sizes=\"auto, (max-width: 12px) 100vw, 12px\" \/><\/a><br><br>Es erf\u00fcllt uns mit Freude, unseren Beitrag zum Erfolg der Kinderspielstadt leisten zu k\u00f6nnen.<\/p>\n\n\n\n<div style=\"height:25px\" aria-hidden=\"true\" class=\"wp-block-spacer\"><\/div>\n\n\n\n<div class=\"wp-block-columns is-layout-flex wp-container-core-columns-is-layout-28f84493 wp-block-columns-is-layout-flex\">\n<div class=\"wp-block-column is-layout-flow wp-block-column-is-layout-flow\">\n<figure class=\"wp-block-image alignleft size-full is-resized has-custom-border\"><a href=\"https:\/\/kellerdesign.de\/wp-content\/uploads\/2024\/08\/Keller-Design-Messen-Events-Sommer-Kinderspielstadt-Stuttgart.jpg\" target=\"_blank\" rel=\"noreferrer noopener\"><img loading=\"lazy\" decoding=\"async\" width=\"300\" height=\"383\" src=\"https:\/\/kellerdesign.de\/wp-content\/uploads\/2024\/08\/Keller-Design-Messen-Events-Sommer-Kinderspielstadt-Stuttgart.jpg\" alt=\"stutengarten-2024-die-Kinderspielstadt-in-stuttgart\" class=\"wp-image-9801\" style=\"border-radius:10px;width:199px;height:auto\" srcset=\"https:\/\/kellerdesign.de\/wp-content\/uploads\/2024\/08\/Keller-Design-Messen-Events-Sommer-Kinderspielstadt-Stuttgart.jpg 300w, https:\/\/kellerdesign.de\/wp-content\/uploads\/2024\/08\/Keller-Design-Messen-Events-Sommer-Kinderspielstadt-Stuttgart-235x300.jpg 235w\" sizes=\"auto, (max-width: 300px) 100vw, 300px\" \/><\/a><\/figure>\n<\/div>\n\n\n\n<div class=\"wp-block-column is-layout-flow wp-block-column-is-layout-flow\">\n<figure class=\"wp-block-image alignwide size-full has-custom-border\"><a href=\"https:\/\/kellerdesign.de\/wp-content\/uploads\/2024\/09\/stutengarten-2024-kinderspielstadt-stuttgart.jpg\" target=\"_blank\" rel=\"noreferrer noopener\"><img loading=\"lazy\" decoding=\"async\" width=\"550\" height=\"383\" src=\"https:\/\/kellerdesign.de\/wp-content\/uploads\/2024\/09\/stutengarten-2024-kinderspielstadt-stuttgart.jpg\" alt=\"stutengarten-2024-kellerdesign-events\" class=\"wp-image-10129\" style=\"border-radius:12px\" srcset=\"https:\/\/kellerdesign.de\/wp-content\/uploads\/2024\/09\/stutengarten-2024-kinderspielstadt-stuttgart.jpg 550w, https:\/\/kellerdesign.de\/wp-content\/uploads\/2024\/09\/stutengarten-2024-kinderspielstadt-stuttgart-300x209.jpg 300w\" sizes=\"auto, (max-width: 550px) 100vw, 550px\" \/><\/a><\/figure>\n<\/div>\n<\/div>\n\n\n\n<div style=\"height:100px\" aria-hidden=\"true\" class=\"wp-block-spacer\"><\/div>\n\n\n\n<h6 class=\"wp-block-heading\"><em><a href=\"https:\/\/stutengarten.de\/WP\/\" target=\"_blank\" rel=\"noopener\">Stutengarten 2024 &#8211; DIE KINDERSPIELSTADT IM HERZEN STUTTGARTS<\/a><\/em><\/h6>\n","protected":false},"excerpt":{"rendered":"<p>Stutengarten \u2013 ein Projekt der Stuttgarter Jugendhausgesellschaft Bereits zum dritten Mal unterst\u00fctzen wir dieses wunderbare Projekt im Herzen Stuttgarts.Drei Wochen, in denen Kinder spielerisch an das politische, \u00f6konomische, soziale und kulturelle Leben herangef\u00fchrt werden. Die Kinderspielstadt wird in diesem Jahr einen neuen Standort erhalten und findet bereits zum sechzehnten Mal statt. Es erf\u00fcllt uns mit [&hellip;]<\/p>\n","protected":false},"author":1,"featured_media":0,"comment_status":"closed","ping_status":"open","sticky":false,"template":"","format":"standard","meta":{"_coblocks_attr":"","_coblocks_dimensions":"","_coblocks_responsive_height":"","_coblocks_accordion_ie_support":"","site-sidebar-layout":"default","site-content-layout":"","ast-site-content-layout":"default","site-content-style":"default","site-sidebar-style":"default","ast-global-header-display":"","ast-banner-title-visibility":"","ast-main-header-display":"","ast-hfb-above-header-display":"","ast-hfb-below-header-display":"","ast-hfb-mobile-header-display":"","site-post-title":"","ast-breadcrumbs-content":"","ast-featured-img":"","footer-sml-layout":"","ast-disable-related-posts":"","theme-transparent-header-meta":"","adv-header-id-meta":"","stick-header-meta":"","header-above-stick-meta":"","header-main-stick-meta":"","header-below-stick-meta":"","astra-migrate-meta-layouts":"set","ast-page-background-enabled":"default","ast-page-background-meta":{"desktop":{"background-color":"","background-image":"","background-repeat":"repeat","background-position":"center center","background-size":"auto","background-attachment":"scroll","background-type":"","background-media":"","overlay-type":"","overlay-color":"","overlay-opacity":"","overlay-gradient":""},"tablet":{"background-color":"","background-image":"","background-repeat":"repeat","background-position":"center center","background-size":"auto","background-attachment":"scroll","background-type":"","background-media":"","overlay-type":"","overlay-color":"","overlay-opacity":"","overlay-gradient":""},"mobile":{"background-color":"","background-image":"","background-repeat":"repeat","background-position":"center center","background-size":"auto","background-attachment":"scroll","background-type":"","background-media":"","overlay-type":"","overlay-color":"","overlay-opacity":"","overlay-gradient":""}},"ast-content-background-meta":{"desktop":{"background-color":"var(--ast-global-color-5)","background-image":"","background-repeat":"repeat","background-position":"center center","background-size":"auto","background-attachment":"scroll","background-type":"","background-media":"","overlay-type":"","overlay-color":"","overlay-opacity":"","overlay-gradient":""},"tablet":{"background-color":"var(--ast-global-color-5)","background-image":"","background-repeat":"repeat","background-position":"center center","background-size":"auto","background-attachment":"scroll","background-type":"","background-media":"","overlay-type":"","overlay-color":"","overlay-opacity":"","overlay-gradient":""},"mobile":{"background-color":"var(--ast-global-color-5)","background-image":"","background-repeat":"repeat","background-position":"center center","background-size":"auto","background-attachment":"scroll","background-type":"","background-media":"","overlay-type":"","overlay-color":"","overlay-opacity":"","overlay-gradient":""}},"_jetpack_memberships_contains_paid_content":false,"footnotes":""},"categories":[49],"tags":[23,155,178,33,58,215,134,268,271],"class_list":["post-9799","post","type-post","status-publish","format-standard","hentry","category-events-die-bleiben","tag-ausstattung","tag-eventausstattung","tag-eventlogistik","tag-events","tag-eventservice","tag-keller-design-logistik","tag-logistik","tag-sommer","tag-sommerevent"],"jetpack_featured_media_url":"","jetpack_sharing_enabled":true,"_links":{"self":[{"href":"https:\/\/kellerdesign.de\/index.php\/wp-json\/wp\/v2\/posts\/9799","targetHints":{"allow":["GET"]}}],"collection":[{"href":"https:\/\/kellerdesign.de\/index.php\/wp-json\/wp\/v2\/posts"}],"about":[{"href":"https:\/\/kellerdesign.de\/index.php\/wp-json\/wp\/v2\/types\/post"}],"author":[{"embeddable":true,"href":"https:\/\/kellerdesign.de\/index.php\/wp-json\/wp\/v2\/users\/1"}],"replies":[{"embeddable":true,"href":"https:\/\/kellerdesign.de\/index.php\/wp-json\/wp\/v2\/comments?post=9799"}],"version-history":[{"count":34,"href":"https:\/\/kellerdesign.de\/index.php\/wp-json\/wp\/v2\/posts\/9799\/revisions"}],"predecessor-version":[{"id":12961,"href":"https:\/\/kellerdesign.de\/index.php\/wp-json\/wp\/v2\/posts\/9799\/revisions\/12961"}],"wp:attachment":[{"href":"https:\/\/kellerdesign.de\/index.php\/wp-json\/wp\/v2\/media?parent=9799"}],"wp:term":[{"taxonomy":"category","embeddable":true,"href":"https:\/\/kellerdesign.de\/index.php\/wp-json\/wp\/v2\/categories?post=9799"},{"taxonomy":"post_tag","embeddable":true,"href":"https:\/\/kellerdesign.de\/index.php\/wp-json\/wp\/v2\/tags?post=9799"}],"curies":[{"name":"wp","href":"https:\/\/api.w.org\/{rel}","templated":true}]}}